{"id":109592,"date":"2024-10-03T08:53:46","date_gmt":"2024-10-03T06:53:46","guid":{"rendered":"https:\/\/startupvalley.news\/de\/?p=109592"},"modified":"2024-10-03T08:53:51","modified_gmt":"2024-10-03T06:53:51","slug":"sophie-pornschlegel-auf-der-hercareer","status":"publish","type":"post","link":"https:\/\/startupvalley.news\/de\/sophie-pornschlegel-auf-der-hercareer\/","title":{"rendered":"Wir m\u00fcssen uns alle fragen: Was will ich mit meiner Macht erreichen?"},"content":{"rendered":"<p>Kriege, Klimakrise und Rechtsextremismus \u2013 die Demokratie befindet sich im Krisenmodus. Die Politikwissenschaftlerin und Autorin Sophie Pornschlegel f\u00fchrt die herrschende Unordnung und Instabilit\u00e4t auf ein \u00fcberholtes gewaltvolles Verst\u00e4ndnis von Macht zur\u00fcck. Ihr Buch \u201eAm Ende der gewohnten Ordnung\u201c ist auch ein Appell: Wir brauchen ein neues Machtverst\u00e4ndnis, auf dessen Grundlage wir Allianzen und Solidarit\u00e4tsbewegungen bilden k\u00f6nnen.<\/p>\n<h2>Sophie Pornschlegel: \u201eWir merken, dass sich die Welt ver\u00e4ndert und dass die Stabilit\u00e4tsanker, die wir einmal hatten, nicht mehr da sind\u201c<\/h2>\n<h4><a href=\"https:\/\/startupvalley.news\/de\/?s=hercareer\" target=\"_blank\" rel=\"noopener\">herCAREER<\/a>: Wie ist unser heutiges Verst\u00e4ndnis von Macht?<\/h4>\n<p>Sophie Pornschlegel: Ich erlebe ein regressives, machiavellistisches Verst\u00e4ndnis von Macht, eine individualistische Ellenbogenmentalit\u00e4t. Entsprechend verbinden viele Menschen Macht mit etwas Negativem \u2013 das ist sicherlich auch ein Grund f\u00fcr die aktuelle Politikverdrossenheit. Dabei gehen viele Menschen mit dem Ziel in die Politik, Einfluss und Gestaltungsmacht zu erlangen, um Dinge zum Positiven zu ver\u00e4ndern.<\/p>\n<h4>herCAREER: Du schilderst zu Beginn deines Buches, dass wir uns in einer Zeit der Unsicherheit befinden, in der die \u201ealte Ordnung\u201c an ihr Ende gelangt ist, wir aber noch keine Idee haben, wohin wir uns bewegen. Kannst Du das n\u00e4her erl\u00e4utern?<\/h4>\n<p>Wir stellen gerade fest: Unsere Demokratie ist in der Krise, unsere Wirtschaft ist nicht nachhaltig gestaltet; \u00fcber allem schwebt eine nicht umkehrbare Klimakrise. Das erinnert an das \u201eInterregnum\u201c, das der italienische Antifaschist Antonio Gramsci Ende der 1920er beschrieb \u2013 eine Zeit, . Wir merken, dass sich die Welt ver\u00e4ndert und dass die Stabilit\u00e4tsanker, die wir einmal hatten, nicht mehr da sind \u2013 nur noch wenige glauben daran, dass die Politik Frieden, Wohlstand und Sicherheit gew\u00e4hrleisten kann oder Menschenrechte verteidigt, wenn im Mittelmeer so viele Fl\u00fcchtlinge sterben. Wir befinden uns in einer Transformationsphase, aber wir arbeiten weiterhin mit politischen Konzepten und Systemen aus dem 20. Jahrhundert, die immer weiter an ihre Grenzen kommen, je weiter sich die Krisen entfalten und multiplizieren.<\/p>\n<h4>herCAREER: Wir befinden uns also am \u201eEnde der gewohnten Ordnung\u201c. Wie zeigt sich das in der Weltpolitik?<\/h4>\n<p>Der Westen ist nicht l\u00e4nger das Ma\u00df aller Dinge \u2013 das ist sicherlich eine massive Ver\u00e4nderung. Damit verliert auch die multilaterale Ordnung, wie wir sie kennen, an Kraft \u2013 inzwischen spricht man von einer \u201emultipolaren\u201c Weltordnung, in der sich verschiedene regionale Pole gebildet haben. Institutionen wie die UNO, die bisher stark westlich gepr\u00e4gt waren, verlieren an Einfluss. Andere L\u00e4nder \u2013 allen voran China und Indien \u2013 haben in diesen Foren an Macht hinzugewonnen beziehungsweise nutzen sie f\u00fcr ihre eigenen Interessen aus. W\u00e4hrenddessen steckt Europa in einer Wertekrise und l\u00e4sst Ungarn \u2013 aber auch andere L\u00e4nder wie Italien oder die Slowakei \u2013 demokratische Standards mit F\u00fc\u00dfen treten.<\/p>\n<h4>herCAREER: Und welche Ordnung endet in der Wirtschaft?<\/h4>\n<p>Das ist ein riesiges Thema. Wir m\u00fcssen uns von dem falschen Gegensatz Planwirtschaft vs. Kapitalismus verabschieden \u2013 das ist eine Denkweise aus dem 20. Jahrhundert, die die heutigen Verh\u00e4ltnisse nicht mehr widerspiegelt. Fest steht, dass die gegenw\u00e4rtige Form unserer Wirtschaftsordnung auf der Ausbeutung des Planeten und der Menschen beruht. Profitmaximierung steht \u00fcber Mensch und Erde \u2013 und das muss umgekehrt werden. F\u00fcr mich hat die \u00f6kologische Transformation oberste Priorit\u00e4t. Und zwar nicht punktuell, sondern langfristig, grundlegend und sp\u00fcrbar.<\/p>\n<p>Denn in wenigen Jahrzehnten werden wir Versorgungsengp\u00e4sse und Wasserknappheit haben. Je l\u00e4nger wir so weitermachen wie bisher, desto schlimmer werden die Konsequenzen. Leider wird man bei solchen Aussagen sofort als alarmistisch abgestempelt \u2013 wir sind kollektiv nicht in der Lage, mit solchen Szenarien und unserer Angst umzugehen.<\/p>\n<h4>herCAREER: Wirtschaft und Politik sind seit jeher eng miteinander verbunden. In deinem Buch beschreibst du zum Beispiel eine neue Qualit\u00e4t der Lobbyarbeit von Tech-Konzernen. Was bedeutet es, wenn die Wirtschaft so viel Macht hat?<\/h4>\n<p>Es ist ein gro\u00dfes Problem f\u00fcr die Demokratie, dass Menschen oder Unternehmen mit sehr viel Geld inzwischen mehr Macht haben als demokratisch gew\u00e4hlte Vertreter*innen. Denn das bedeutet im Umkehrschluss, dass diejenigen ohne Geld nichts ver\u00e4ndern k\u00f6nnen. Die soziale Ungleichheit hat sich in den letzten Jahrzehnten versch\u00e4rft. Finanzielle Macht ist hochproblematisch, weil sie die Politik korrumpiert und die Demokratie schw\u00e4cht. Kein Elon Musk dieser Welt sollte die M\u00f6glichkeit haben, die digitale \u00d6ffentlichkeit zu kaufen und nach seinem individuellen Verst\u00e4ndnis der \u201cMeinungsfreiheit\u201d zu ver\u00e4ndern.<\/p>\n<h4>herCAREER: Wenn wir das noch einmal auf unser Machtverst\u00e4ndnis \u00fcbertragen, dann haben wir hier eine klare Hierarchie: Die Menschen und L\u00e4nder mit den gr\u00f6\u00dften Ressourcen haben auch die gr\u00f6\u00dfte Macht.<\/h4>\n<p>Genau. Wir leben aktuell in einer Welt, in der die sozialen Beziehungen in gro\u00dfen Teilen auf Unterdr\u00fcckung oder Manipulation beruhen und nicht auf Kooperation. Im Englischen kann man das sehr sch\u00f6n ausdr\u00fccken: nicht \u201epower to\u201c oder \u201epower with\u201c, sondern \u201epower over\u201c. Es gilt also, Macht \u00fcber andere zu erlangen, und nicht etwa um kollektive Erm\u00e4chtigung oder um konstruktiv in die Gestaltung zu gehen.<\/p>\n<h4>herCAREER: Spricht man \u00fcber Gemeinschaft, Solidarit\u00e4t und Kooperation , kommt man nicht umhin, \u00fcber Feminismus und Sisterhood nachzudenken. Mir ist aufgefallen, dass du den Begriff Matriarchat im Buch nicht verwendest. Warum nicht?<\/h4>\n<p>Ich glaube, Matriarchat ist kein Begriff, der hilfreich gewesen w\u00e4re, weil er gerne im gleichen Sinne wie Patriarchat verstanden wird.<\/p>\n<h4>herCAREER: Du meinst: Wir verstehen Matriarchat als eine Ordnung, die auf Konsens beruht und in der die Menschen im Sinne der Gemeinschaft handeln. Aber andere h\u00f6ren: \u201eFrauen an die Macht\u201c?<\/h4>\n<p>Genau. So wie der Feminismus tats\u00e4chlich nur gleiche Chancen f\u00fcr M\u00e4nner und Frauen anstrebt und kein M\u00e4nnerhass ist. Mir geht es um Gleichheit. Deshalb kritisiere ich den aktuellen Hyperliberalismus sehr. Die Identit\u00e4tspolitik l\u00e4sst uns gerne vergessen, dass wir f\u00fcr die gleiche Sache k\u00e4mpfen. Statt untereinander zu streiten, sollten wir verstehen, dass grunds\u00e4tzliche Freiheiten wie das Abtreibungsrecht heute auf dem Spiel stehen. Um diese zu verteidigen, brauchen wir starke Allianzen und Solidarit\u00e4tsbewegungen.<\/p>\n<h4>herCAREER: Die Gefahr f\u00fcr unsere demokratischen Werte ist real: Der Angriffskrieg Russlands auf die Ukraine, die Kontrolle und Zensur der Medien in der T\u00fcrkei oder das Abtreibungsverbot in den USA sind nur einige Beispiele. Ich glaube, viele Menschen fragen sich: Wenn Macht mit Gewalt konnotiert ist, wie kann man dann Macht aus\u00fcben, ohne auf Gegengewalt zur\u00fcckzugreifen?<\/h4>\n<p>Das ist genau der Grund, warum ich dieses Buch geschrieben habe. Was haben die USA mit der Er\u00f6ffnung der Foltergef\u00e4ngnisse von Abu Ghraib und Guantanamo signalisiert? Dass man mit Gewalt Macht zementieren kann \u2013 ganz im Gegensatz zum Diskurs, dass die \u201ewestlichen Werte\u201c f\u00fcr Menschenrechte stehen. Damit haben sich die Vereinigten Staaten auf die Ebene der Taliban oder der Hamas herabbegeben. Dabei sollten wir gerade im Zuge von Terror und Gewalt mit Menschlichkeit und demokratischen Werten reagieren.<\/p>\n<h4>herCAREER: Um es mit Michelle Obamas Worten zu sagen: \u201eWhen they go low \u2013 we go high?\u201c<\/h4>\n<p>Ganz genau.<\/p>\n<h4>herCAREER: Ich habe das Gef\u00fchl, dass dieser Wertedialog gerade im US-Wahlkampf stattfindet. Donald Trump feuert mit sexistischen, rassistischen und klassistischen Kommentaren und Kamala Harris kontert mit kollektiven Werten, dem Versprechen von Freiheit und Vielfalt. Wie erlebst du das?<\/h4>\n<p>Das ist aus meiner Sicht ein entscheidender Unterschied zwischen Demokraten und Republikanern: Demokraten haben ein anderes Verst\u00e4ndnis von Macht. So hat auch Biden \u2013 sicherlich ungern \u2013 seine individuelle Macht aufgegeben und Platz gemacht f\u00fcr eine Person, die vielleicht eine gr\u00f6\u00dfere Chance hat, Gestaltungsmacht zu erlangen.<\/p>\n<h4>herCAREER: Was forderst du von den Akteur*innen in Wirtschaft und Politik?<\/h4>\n<p>Dass sie sich kritisch(er) mit ihrer Macht auseinandersetzen. Ich habe den Eindruck, dass zu viele Menschen in Machtpositionen nie dar\u00fcber nachgedacht haben, wie sie Macht definieren und was sie damit erreichen wollen. Sie sind gefangen in ihren eigenen Interessen und dem Gedanken: Wie kann ich meine Macht erhalten oder vergr\u00f6\u00dfern?<\/p>\n<h4>herCAREER: Gibt es Hoffnung, dass wir ein neues Machtverst\u00e4ndnis in der Gesellschaft erlangen?<\/h4>\n<p>Wenn man sich die Welt im Moment anschaut, ist es leicht, die Hoffnung zu verlieren. Aber Pessimismus l\u00e4hmt. Hoffnung dagegen ist ein Motor, sie spornt zum Handeln an. Entsprechend widerspreche ich Helmut Schmidt, der ja bekanntlich sagte, dass jemand mit Visionen zum Arzt gehen sollte. Wir brauchen heute mehr denn je Zukunftsvisionen. Die europ\u00e4ische Gemeinschaft und anschlie\u00dfend die EU haben es seit 1945 geschafft, Frieden zwischen ihren 27 Mitgliedsl\u00e4ndern zu schaffen, obwohl wir uns davor jahrhundertelang bekriegt haben. Diese Errungenschaften sind keine Selbstverst\u00e4ndlichkeit. Daf\u00fcr brauchen wir unerm\u00fcdliches Engagement \u2013 in der Politik, in der Wirtschaft und in der Zivilgesellschaft.<\/p>\n<h4>herCAREER: Am Ende des Buches machst du den Schritt vom systemischen Problem zur individuellen Verantwortung. Wo kann ich als Einzelne*r ansetzen, um eine neue Ordnung mitzugestalten?<\/h4>\n<p>Hier muss ich Hannah Arendt frei zitieren, die gesagt hat: Sobald es soziale Beziehungen gibt, wird es Machtverh\u00e4ltnisse geben. Wir m\u00fcssen uns bewusst sein, dass wir Macht aus\u00fcben, egal in welcher privaten oder beruflichen Position wir uns befinden. Und das gilt noch mal besonders f\u00fcr Politiker*innen, Influencer*innen und Medienschaffende, aber auch f\u00fcr F\u00fchrungskr\u00e4fte, Lehrkr\u00e4fte und \u00e4ltere Geschwister. Das bedeutet, dass wir uns alle fragen m\u00fcssen: Was will ich mit meiner Macht erreichen? Welche Welt m\u00f6chte ich mit meinem Einfluss gestalten?<br \/>\n* Adam Gramsci in seinen \u201eGef\u00e4ngnisheften\u201c: \u201eDie Krise besteht gerade darin, dass das Alte stirbt und das Neue nicht geboren werden kann: In diesem Interregnum treten die vielf\u00e4ltigsten morbiden Erscheinungen auf.\u201c<\/p>\n<h5>Das Gespr\u00e4ch f\u00fchrte herCAREER-Redakteurin Kristina Appel.<\/h5>\n<p>\u00dcber die Person<\/p>\n<p>Sophie Pornschlegel arbeitet als politische Analystin in Br\u00fcssel. Sie ist Policy Fellow beim Progressiven Zentrum in Berlin, lehrt an der Sciences Po Paris und forscht zu Europapolitik und der Zukunft der Demokratie. Ihre publizistischen Beitr\u00e4ge erscheinen bei Deutschlandfunk Kultur, ZEIT Online, FAS und im Tagesspiegel. Im Fr\u00fchjahr 2024 erschien ihr Buch \u201eAm Ende der gewohnten Ordnung Warum wir Macht neu denken m\u00fcssen. Eine kritische Analyse deutscher und internationaler Macht-Politik\u201c bei Droemer.<\/p>\n<p>Am 17. Oktober spricht Sophie Pornschlegel, Autorin und politsche Analystin in Br\u00fcssel im Rahmen der herCAREER mit Kristina Appel, Journalistin im Bereich Chancengerechtigkeit und Frauen*. Das Podcast-MeetUp tr\u00e4gt dem Titel \u201cAm Ende der gewohnten Ordnung: Warum wir Macht neu denken m\u00fcssen\u201c. Ort und Zeitpunkt finden Sie im Programm.<\/p>\n<p>Bild Sophie Pornschlegel Politikwissenschaftlerin und Publizistin, ihre Schwerpunkte sind Europapolitik, deutsch-franz\u00f6sische Beziehungen und Zukunft der Demokratie \u00a9 Andreas Sowa<\/p>\n<p>Quelle messe.rocks GmbH<\/p>\n","protected":false},"excerpt":{"rendered":"<p>Sophie Pornschlegel auf der herCAREER:  Wir m\u00fcssen uns alle fragen: Was will ich mit meiner Macht erreichen?<\/p>\n","protected":false},"author":9,"featured_media":109594,"comment_status":"closed","ping_status":"closed","sticky":false,"template":"","format":"standard","meta":{"_acf_changed":false,"footnotes":""},"categories":[19825,6430],"tags":[8338,528,24509,24507,24513,24508,24510,24511,24514,24506,24512,3389,24515],"class_list":{"0":"post-109592","1":"post","2":"type-post","3":"status-publish","4":"format-standard","5":"has-post-thumbnail","7":"category-events-termine","8":"category-female-founders","9":"tag-demokratie","10":"tag-hercareer","11":"tag-instabilitaet","12":"tag-klimakrise","13":"tag-lobbyarbeit","14":"tag-macht","15":"tag-machtverstaendnis","16":"tag-multilaterale-ordnung","17":"tag-solidaritaet","18":"tag-sophie-pornschlegel","19":"tag-soziale-ungleichheit","20":"tag-transformation","21":"tag-wirtschaftliche-transformation"},"acf":[],"yoast_head":"<!-- This site is optimized with the Yoast SEO Premium plugin v26.7 (Yoast SEO v26.7) - https:\/\/yoast.com\/wordpress\/plugins\/seo\/ -->\n<title>Sophie Pornschlegel auf der herCAREER<\/title>\n<meta name=\"description\" content=\"Sophie Pornschlegel auf der herCAREER: Wir m\u00fcssen uns alle fragen: Was will ich mit meiner Macht erreichen?\" \/>\n<meta name=\"robots\" content=\"index, follow, max-snippet:-1, max-image-preview:large, max-video-preview:-1\" \/>\n<link rel=\"canonical\" href=\"https:\/\/startupvalley.news\/de\/sophie-pornschlegel-auf-der-hercareer\/\" \/>\n<meta property=\"og:locale\" content=\"de_DE\" \/>\n<meta property=\"og:type\" content=\"article\" \/>\n<meta property=\"og:title\" content=\"Wir m\u00fcssen uns alle fragen: Was will ich mit meiner Macht erreichen?\" \/>\n<meta property=\"og:description\" content=\"Sophie Pornschlegel auf der herCAREER: Wir m\u00fcssen uns alle fragen: Was will ich mit meiner Macht erreichen?\" \/>\n<meta property=\"og:url\" content=\"https:\/\/startupvalley.news\/de\/sophie-pornschlegel-auf-der-hercareer\/\" \/>\n<meta property=\"og:site_name\" content=\"StartupValley - Erfolgreich Gr\u00fcnden und durchstarten!\" \/>\n<meta property=\"article:publisher\" content=\"https:\/\/www.facebook.com\/startupvalleynews\" \/>\n<meta property=\"article:published_time\" content=\"2024-10-03T06:53:46+00:00\" \/>\n<meta property=\"article:modified_time\" content=\"2024-10-03T06:53:51+00:00\" \/>\n<meta property=\"og:image\" content=\"https:\/\/startupvalley.news\/de\/wp-content\/uploads\/sites\/2\/2024\/10\/Sophie_Pornschlegel.jpg\" \/>\n\t<meta property=\"og:image:width\" content=\"1400\" \/>\n\t<meta property=\"og:image:height\" content=\"800\" \/>\n\t<meta property=\"og:image:type\" content=\"image\/jpeg\" \/>\n<meta name=\"author\" content=\"StartupValley\" \/>\n<meta name=\"twitter:card\" content=\"summary_large_image\" \/>\n<meta name=\"twitter:creator\" content=\"@startup_valley\" \/>\n<meta name=\"twitter:site\" content=\"@startup_valley\" \/>\n<meta name=\"twitter:label1\" content=\"Verfasst von\" \/>\n\t<meta name=\"twitter:data1\" content=\"StartupValley\" \/>\n\t<meta name=\"twitter:label2\" content=\"Gesch\u00e4tzte Lesezeit\" \/>\n\t<meta name=\"twitter:data2\" content=\"9\u00a0Minuten\" \/>\n<script type=\"application\/ld+json\" class=\"yoast-schema-graph\">{\"@context\":\"https:\/\/schema.org\",\"@graph\":[{\"@type\":\"Article\",\"@id\":\"https:\/\/startupvalley.news\/de\/sophie-pornschlegel-auf-der-hercareer\/#article\",\"isPartOf\":{\"@id\":\"https:\/\/startupvalley.news\/de\/sophie-pornschlegel-auf-der-hercareer\/\"},\"author\":{\"name\":\"StartupValley\",\"@id\":\"https:\/\/startupvalley.news\/de\/#\/schema\/person\/dc9abc71daa8d949d4f257f2e9883e00\"},\"headline\":\"Wir m\u00fcssen uns alle fragen: Was will ich mit meiner Macht erreichen?\",\"datePublished\":\"2024-10-03T06:53:46+00:00\",\"dateModified\":\"2024-10-03T06:53:51+00:00\",\"mainEntityOfPage\":{\"@id\":\"https:\/\/startupvalley.news\/de\/sophie-pornschlegel-auf-der-hercareer\/\"},\"wordCount\":1718,\"publisher\":{\"@id\":\"https:\/\/startupvalley.news\/de\/#organization\"},\"image\":{\"@id\":\"https:\/\/startupvalley.news\/de\/sophie-pornschlegel-auf-der-hercareer\/#primaryimage\"},\"thumbnailUrl\":\"https:\/\/startupvalley.news\/de\/wp-content\/uploads\/sites\/2\/2024\/10\/Sophie_Pornschlegel.jpg\",\"keywords\":[\"Demokratie\",\"herCAREER\",\"Instabilit\u00e4t\",\"Klimakrise\",\"Lobbyarbeit\",\"Macht\",\"Machtverst\u00e4ndnis\",\"multilaterale Ordnung\",\"Solidarit\u00e4t\",\"Sophie Pornschlegel\",\"soziale Ungleichheit\",\"Transformation\",\"wirtschaftliche Transformation\"],\"articleSection\":[\"Events &amp; Termine\",\"Female Founders\"],\"inLanguage\":\"de\",\"copyrightYear\":\"2024\",\"copyrightHolder\":{\"@id\":\"https:\/\/startupvalley.news\/#organization\"}},{\"@type\":\"WebPage\",\"@id\":\"https:\/\/startupvalley.news\/de\/sophie-pornschlegel-auf-der-hercareer\/\",\"url\":\"https:\/\/startupvalley.news\/de\/sophie-pornschlegel-auf-der-hercareer\/\",\"name\":\"Sophie Pornschlegel auf der herCAREER\",\"isPartOf\":{\"@id\":\"https:\/\/startupvalley.news\/de\/#website\"},\"primaryImageOfPage\":{\"@id\":\"https:\/\/startupvalley.news\/de\/sophie-pornschlegel-auf-der-hercareer\/#primaryimage\"},\"image\":{\"@id\":\"https:\/\/startupvalley.news\/de\/sophie-pornschlegel-auf-der-hercareer\/#primaryimage\"},\"thumbnailUrl\":\"https:\/\/startupvalley.news\/de\/wp-content\/uploads\/sites\/2\/2024\/10\/Sophie_Pornschlegel.jpg\",\"datePublished\":\"2024-10-03T06:53:46+00:00\",\"dateModified\":\"2024-10-03T06:53:51+00:00\",\"description\":\"Sophie Pornschlegel auf der herCAREER: Wir m\u00fcssen uns alle fragen: Was will ich mit meiner Macht erreichen?\",\"breadcrumb\":{\"@id\":\"https:\/\/startupvalley.news\/de\/sophie-pornschlegel-auf-der-hercareer\/#breadcrumb\"},\"inLanguage\":\"de\",\"potentialAction\":[{\"@type\":\"ReadAction\",\"target\":[\"https:\/\/startupvalley.news\/de\/sophie-pornschlegel-auf-der-hercareer\/\"]}]},{\"@type\":\"ImageObject\",\"inLanguage\":\"de\",\"@id\":\"https:\/\/startupvalley.news\/de\/sophie-pornschlegel-auf-der-hercareer\/#primaryimage\",\"url\":\"https:\/\/startupvalley.news\/de\/wp-content\/uploads\/sites\/2\/2024\/10\/Sophie_Pornschlegel.jpg\",\"contentUrl\":\"https:\/\/startupvalley.news\/de\/wp-content\/uploads\/sites\/2\/2024\/10\/Sophie_Pornschlegel.jpg\",\"width\":1400,\"height\":800,\"caption\":\"Sophie Pornschlegel Politikwissenschaftlerin und Publizistin, ihre Schwerpunkte sind Europapolitik, deutsch-franz\u00f6sische Beziehungen und Zukunft der Demokratie \u00a9 Andreas Sowa\"},{\"@type\":\"BreadcrumbList\",\"@id\":\"https:\/\/startupvalley.news\/de\/sophie-pornschlegel-auf-der-hercareer\/#breadcrumb\",\"itemListElement\":[{\"@type\":\"ListItem\",\"position\":1,\"name\":\"Home\",\"item\":\"https:\/\/startupvalley.news\/de\/\"},{\"@type\":\"ListItem\",\"position\":2,\"name\":\"Wir m\u00fcssen uns alle fragen: Was will ich mit meiner Macht erreichen?\"}]},{\"@type\":\"WebSite\",\"@id\":\"https:\/\/startupvalley.news\/de\/#website\",\"url\":\"https:\/\/startupvalley.news\/de\/\",\"name\":\"StartupValley\",\"description\":\"Die neuesten Trends der Startup-Szene: Finanzierung, Innovationen und Erfolgsgeschichten\",\"publisher\":{\"@id\":\"https:\/\/startupvalley.news\/de\/#organization\"},\"alternateName\":\"StartupValley Magazin\",\"potentialAction\":[{\"@type\":\"SearchAction\",\"target\":{\"@type\":\"EntryPoint\",\"urlTemplate\":\"https:\/\/startupvalley.news\/de\/?s={search_term_string}\"},\"query-input\":{\"@type\":\"PropertyValueSpecification\",\"valueRequired\":true,\"valueName\":\"search_term_string\"}}],\"inLanguage\":\"de\"},{\"@type\":\"Organization\",\"@id\":\"https:\/\/startupvalley.news\/de\/#organization\",\"name\":\"StartupValley Media\",\"url\":\"https:\/\/startupvalley.news\/de\/\",\"logo\":{\"@type\":\"ImageObject\",\"inLanguage\":\"de\",\"@id\":\"https:\/\/startupvalley.news\/de\/#\/schema\/logo\/image\/\",\"url\":\"https:\/\/startupvalley.news\/de\/wp-content\/uploads\/sites\/2\/2020\/12\/StartupValley-LOGO-neu-retina.png\",\"contentUrl\":\"https:\/\/startupvalley.news\/de\/wp-content\/uploads\/sites\/2\/2020\/12\/StartupValley-LOGO-neu-retina.png\",\"width\":460,\"height\":180,\"caption\":\"StartupValley Media\"},\"image\":{\"@id\":\"https:\/\/startupvalley.news\/de\/#\/schema\/logo\/image\/\"},\"sameAs\":[\"https:\/\/www.facebook.com\/startupvalleynews\",\"https:\/\/x.com\/startup_valley\",\"https:\/\/www.twitch.tv\/startupvalley\",\"https:\/\/www.linkedin.com\/company\/startupvalleymagazine\",\"https:\/\/www.instagram.com\/startup_valley\"]},{\"@type\":\"Person\",\"@id\":\"https:\/\/startupvalley.news\/de\/#\/schema\/person\/dc9abc71daa8d949d4f257f2e9883e00\",\"name\":\"StartupValley\",\"image\":{\"@type\":\"ImageObject\",\"inLanguage\":\"de\",\"@id\":\"https:\/\/startupvalley.news\/de\/#\/schema\/person\/image\/\",\"url\":\"https:\/\/secure.gravatar.com\/avatar\/6436ca57465a88bfa716825ebdd3bc23f850aaaa3a51d16da34504822452fa3a?s=96&d=mm&r=g\",\"contentUrl\":\"https:\/\/secure.gravatar.com\/avatar\/6436ca57465a88bfa716825ebdd3bc23f850aaaa3a51d16da34504822452fa3a?s=96&d=mm&r=g\",\"caption\":\"StartupValley\"},\"description\":\"Das StartupValley Magazin ist Europas gro\u00dfes Magazin f\u00fcr Start-ups, Gr\u00fcnder und Entrepreneure. Ihr findet bei uns Tagesaktuelle News zu den neuesten Trends, Technologien und Gesch\u00e4ftsmodellen der internationalen Startup-Szene sowie Interviews mit erfolgreichen Gr\u00fcndern und Investoren.\",\"url\":\"https:\/\/startupvalley.news\/de\/author\/redaktion\/\"}]}<\/script>\n<!-- \/ Yoast SEO Premium plugin. -->","yoast_head_json":{"title":"Sophie Pornschlegel auf der herCAREER","description":"Sophie Pornschlegel auf der herCAREER: Wir m\u00fcssen uns alle fragen: Was will ich mit meiner Macht erreichen?","robots":{"index":"index","follow":"follow","max-snippet":"max-snippet:-1","max-image-preview":"max-image-preview:large","max-video-preview":"max-video-preview:-1"},"canonical":"https:\/\/startupvalley.news\/de\/sophie-pornschlegel-auf-der-hercareer\/","og_locale":"de_DE","og_type":"article","og_title":"Wir m\u00fcssen uns alle fragen: Was will ich mit meiner Macht erreichen?","og_description":"Sophie Pornschlegel auf der herCAREER: Wir m\u00fcssen uns alle fragen: Was will ich mit meiner Macht erreichen?","og_url":"https:\/\/startupvalley.news\/de\/sophie-pornschlegel-auf-der-hercareer\/","og_site_name":"StartupValley - Erfolgreich Gr\u00fcnden und durchstarten!","article_publisher":"https:\/\/www.facebook.com\/startupvalleynews","article_published_time":"2024-10-03T06:53:46+00:00","article_modified_time":"2024-10-03T06:53:51+00:00","og_image":[{"width":1400,"height":800,"url":"https:\/\/startupvalley.news\/de\/wp-content\/uploads\/sites\/2\/2024\/10\/Sophie_Pornschlegel.jpg","type":"image\/jpeg"}],"author":"StartupValley","twitter_card":"summary_large_image","twitter_creator":"@startup_valley","twitter_site":"@startup_valley","twitter_misc":{"Verfasst von":"StartupValley","Gesch\u00e4tzte Lesezeit":"9\u00a0Minuten"},"schema":{"@context":"https:\/\/schema.org","@graph":[{"@type":"Article","@id":"https:\/\/startupvalley.news\/de\/sophie-pornschlegel-auf-der-hercareer\/#article","isPartOf":{"@id":"https:\/\/startupvalley.news\/de\/sophie-pornschlegel-auf-der-hercareer\/"},"author":{"name":"StartupValley","@id":"https:\/\/startupvalley.news\/de\/#\/schema\/person\/dc9abc71daa8d949d4f257f2e9883e00"},"headline":"Wir m\u00fcssen uns alle fragen: Was will ich mit meiner Macht erreichen?","datePublished":"2024-10-03T06:53:46+00:00","dateModified":"2024-10-03T06:53:51+00:00","mainEntityOfPage":{"@id":"https:\/\/startupvalley.news\/de\/sophie-pornschlegel-auf-der-hercareer\/"},"wordCount":1718,"publisher":{"@id":"https:\/\/startupvalley.news\/de\/#organization"},"image":{"@id":"https:\/\/startupvalley.news\/de\/sophie-pornschlegel-auf-der-hercareer\/#primaryimage"},"thumbnailUrl":"https:\/\/startupvalley.news\/de\/wp-content\/uploads\/sites\/2\/2024\/10\/Sophie_Pornschlegel.jpg","keywords":["Demokratie","herCAREER","Instabilit\u00e4t","Klimakrise","Lobbyarbeit","Macht","Machtverst\u00e4ndnis","multilaterale Ordnung","Solidarit\u00e4t","Sophie Pornschlegel","soziale Ungleichheit","Transformation","wirtschaftliche Transformation"],"articleSection":["Events &amp; Termine","Female Founders"],"inLanguage":"de","copyrightYear":"2024","copyrightHolder":{"@id":"https:\/\/startupvalley.news\/#organization"}},{"@type":"WebPage","@id":"https:\/\/startupvalley.news\/de\/sophie-pornschlegel-auf-der-hercareer\/","url":"https:\/\/startupvalley.news\/de\/sophie-pornschlegel-auf-der-hercareer\/","name":"Sophie Pornschlegel auf der herCAREER","isPartOf":{"@id":"https:\/\/startupvalley.news\/de\/#website"},"primaryImageOfPage":{"@id":"https:\/\/startupvalley.news\/de\/sophie-pornschlegel-auf-der-hercareer\/#primaryimage"},"image":{"@id":"https:\/\/startupvalley.news\/de\/sophie-pornschlegel-auf-der-hercareer\/#primaryimage"},"thumbnailUrl":"https:\/\/startupvalley.news\/de\/wp-content\/uploads\/sites\/2\/2024\/10\/Sophie_Pornschlegel.jpg","datePublished":"2024-10-03T06:53:46+00:00","dateModified":"2024-10-03T06:53:51+00:00","description":"Sophie Pornschlegel auf der herCAREER: Wir m\u00fcssen uns alle fragen: Was will ich mit meiner Macht erreichen?","breadcrumb":{"@id":"https:\/\/startupvalley.news\/de\/sophie-pornschlegel-auf-der-hercareer\/#breadcrumb"},"inLanguage":"de","potentialAction":[{"@type":"ReadAction","target":["https:\/\/startupvalley.news\/de\/sophie-pornschlegel-auf-der-hercareer\/"]}]},{"@type":"ImageObject","inLanguage":"de","@id":"https:\/\/startupvalley.news\/de\/sophie-pornschlegel-auf-der-hercareer\/#primaryimage","url":"https:\/\/startupvalley.news\/de\/wp-content\/uploads\/sites\/2\/2024\/10\/Sophie_Pornschlegel.jpg","contentUrl":"https:\/\/startupvalley.news\/de\/wp-content\/uploads\/sites\/2\/2024\/10\/Sophie_Pornschlegel.jpg","width":1400,"height":800,"caption":"Sophie Pornschlegel Politikwissenschaftlerin und Publizistin, ihre Schwerpunkte sind Europapolitik, deutsch-franz\u00f6sische Beziehungen und Zukunft der Demokratie \u00a9 Andreas Sowa"},{"@type":"BreadcrumbList","@id":"https:\/\/startupvalley.news\/de\/sophie-pornschlegel-auf-der-hercareer\/#breadcrumb","itemListElement":[{"@type":"ListItem","position":1,"name":"Home","item":"https:\/\/startupvalley.news\/de\/"},{"@type":"ListItem","position":2,"name":"Wir m\u00fcssen uns alle fragen: Was will ich mit meiner Macht erreichen?"}]},{"@type":"WebSite","@id":"https:\/\/startupvalley.news\/de\/#website","url":"https:\/\/startupvalley.news\/de\/","name":"StartupValley","description":"Die neuesten Trends der Startup-Szene: Finanzierung, Innovationen und Erfolgsgeschichten","publisher":{"@id":"https:\/\/startupvalley.news\/de\/#organization"},"alternateName":"StartupValley Magazin","potentialAction":[{"@type":"SearchAction","target":{"@type":"EntryPoint","urlTemplate":"https:\/\/startupvalley.news\/de\/?s={search_term_string}"},"query-input":{"@type":"PropertyValueSpecification","valueRequired":true,"valueName":"search_term_string"}}],"inLanguage":"de"},{"@type":"Organization","@id":"https:\/\/startupvalley.news\/de\/#organization","name":"StartupValley Media","url":"https:\/\/startupvalley.news\/de\/","logo":{"@type":"ImageObject","inLanguage":"de","@id":"https:\/\/startupvalley.news\/de\/#\/schema\/logo\/image\/","url":"https:\/\/startupvalley.news\/de\/wp-content\/uploads\/sites\/2\/2020\/12\/StartupValley-LOGO-neu-retina.png","contentUrl":"https:\/\/startupvalley.news\/de\/wp-content\/uploads\/sites\/2\/2020\/12\/StartupValley-LOGO-neu-retina.png","width":460,"height":180,"caption":"StartupValley Media"},"image":{"@id":"https:\/\/startupvalley.news\/de\/#\/schema\/logo\/image\/"},"sameAs":["https:\/\/www.facebook.com\/startupvalleynews","https:\/\/x.com\/startup_valley","https:\/\/www.twitch.tv\/startupvalley","https:\/\/www.linkedin.com\/company\/startupvalleymagazine","https:\/\/www.instagram.com\/startup_valley"]},{"@type":"Person","@id":"https:\/\/startupvalley.news\/de\/#\/schema\/person\/dc9abc71daa8d949d4f257f2e9883e00","name":"StartupValley","image":{"@type":"ImageObject","inLanguage":"de","@id":"https:\/\/startupvalley.news\/de\/#\/schema\/person\/image\/","url":"https:\/\/secure.gravatar.com\/avatar\/6436ca57465a88bfa716825ebdd3bc23f850aaaa3a51d16da34504822452fa3a?s=96&d=mm&r=g","contentUrl":"https:\/\/secure.gravatar.com\/avatar\/6436ca57465a88bfa716825ebdd3bc23f850aaaa3a51d16da34504822452fa3a?s=96&d=mm&r=g","caption":"StartupValley"},"description":"Das StartupValley Magazin ist Europas gro\u00dfes Magazin f\u00fcr Start-ups, Gr\u00fcnder und Entrepreneure. Ihr findet bei uns Tagesaktuelle News zu den neuesten Trends, Technologien und Gesch\u00e4ftsmodellen der internationalen Startup-Szene sowie Interviews mit erfolgreichen Gr\u00fcndern und Investoren.","url":"https:\/\/startupvalley.news\/de\/author\/redaktion\/"}]}},"_links":{"self":[{"href":"https:\/\/startupvalley.news\/de\/wp-json\/wp\/v2\/posts\/109592","targetHints":{"allow":["GET"]}}],"collection":[{"href":"https:\/\/startupvalley.news\/de\/wp-json\/wp\/v2\/posts"}],"about":[{"href":"https:\/\/startupvalley.news\/de\/wp-json\/wp\/v2\/types\/post"}],"author":[{"embeddable":true,"href":"https:\/\/startupvalley.news\/de\/wp-json\/wp\/v2\/users\/9"}],"replies":[{"embeddable":true,"href":"https:\/\/startupvalley.news\/de\/wp-json\/wp\/v2\/comments?post=109592"}],"version-history":[{"count":1,"href":"https:\/\/startupvalley.news\/de\/wp-json\/wp\/v2\/posts\/109592\/revisions"}],"predecessor-version":[{"id":109593,"href":"https:\/\/startupvalley.news\/de\/wp-json\/wp\/v2\/posts\/109592\/revisions\/109593"}],"wp:featuredmedia":[{"embeddable":true,"href":"https:\/\/startupvalley.news\/de\/wp-json\/wp\/v2\/media\/109594"}],"wp:attachment":[{"href":"https:\/\/startupvalley.news\/de\/wp-json\/wp\/v2\/media?parent=109592"}],"wp:term":[{"taxonomy":"category","embeddable":true,"href":"https:\/\/startupvalley.news\/de\/wp-json\/wp\/v2\/categories?post=109592"},{"taxonomy":"post_tag","embeddable":true,"href":"https:\/\/startupvalley.news\/de\/wp-json\/wp\/v2\/tags?post=109592"}],"curies":[{"name":"wp","href":"https:\/\/api.w.org\/{rel}","templated":true}]}}