{"id":109609,"date":"2024-10-08T08:55:24","date_gmt":"2024-10-08T06:55:24","guid":{"rendered":"https:\/\/startupvalley.news\/de\/?p=109609"},"modified":"2024-10-08T08:57:53","modified_gmt":"2024-10-08T06:57:53","slug":"kosten-einer-privaten-krankenversicherung","status":"publish","type":"post","link":"https:\/\/startupvalley.news\/de\/kosten-einer-privaten-krankenversicherung\/","title":{"rendered":"Kosten einer privaten Krankenversicherung"},"content":{"rendered":"\n<p>Die private Krankenversicherung kann einige Vorteile bieten. Zum Beispiel erhalten Privatversicherte Einzelzimmer im Krankenhaus und m\u00fcssen nicht lange auf einen Termin beim Facharzt warten. Lebenslang ist so ein Zugang zu einer hochwertigen medizinischen Versorgung gew\u00e4hrleistet.&nbsp;<\/p>\n\n\n\n<p>Doch was versteht man unter der PKV? Wie teuer f\u00e4llt die private Krankenversicherung aus und was sollten Versicherte unbedingt ber\u00fccksichtigen? Dieser Ratgeber liefert Antworten!&nbsp;<\/p>\n\n\n\n<h2 class=\"wp-block-heading\" id=\"h-was-ist-eine-private-krankenversicherung\">Was ist eine private Krankenversicherung?<\/h2>\n\n\n\n<p>Die private Krankenversicherung (PKV) ist das <strong>Pendant zur gesetzlichen Krankenversicherung (GKV)<\/strong>. Sie basiert auf dem \u00c4quivalenzprinzip. Das bedeutet, dass die Pr\u00e4mienh\u00f6he der PKV im Vergleich zur GKV <strong>von den versicherten Leistungen und dem individuellen Risiko <\/strong>abh\u00e4ngt. Privat Versicherte m\u00fcssen Kosten f\u00fcr Arzneimittel und Co. au\u00dferdem zun\u00e4chst selbst bezahlen und k\u00f6nnen sich diese dann r\u00fcckwirkend erstatten lassen.&nbsp;<\/p>\n\n\n\n<p>Wer von der gesetzlichen in die private Krankenversicherung wechseln m\u00f6chte, sollte sich <strong>umfassend informieren<\/strong>. Denn der Wechsel ist nur bestimmten Personengruppen vorbehalten. So k\u00f6nnen sich beispielsweise Selbstst\u00e4ndige, Beamte und Arbeitnehmer \u00fcber der Versicherungspflichtgrenze privat versichern lassen.&nbsp;<\/p>\n\n\n\n<p>Deswegen sind auch lediglich 10 Prozent der Deutschen privat versichert, w\u00e4hrend der Gro\u00dfteil der Menschen in Deutschland die Leistungen der GKV nutzt. Da die <strong>Vertragsfreiheit<\/strong> greift, d\u00fcrfen sich Versicherte frei f\u00fcr einen Versicherer entscheiden.&nbsp;<\/p>\n\n\n\n<p>Allerdings k\u00f6nnen Versicherungsunternehmen Antr\u00e4ge auch ablehnen. Dies kann zum Beispiel der Fall sein, wenn der Antragsteller Vorerkrankungen aufweist, die hohe Kosten ausl\u00f6sen. Auch ein fortgeschrittenes Alter kann dazu f\u00fchren, dass Versicherungsunternehmen den Antragsteller nicht aufnehmen \u2013 oder einen satten Risikozuschlag verlangen.&nbsp;<\/p>\n\n\n\n<p>\u00dcbrigens gilt: Wer die PKV nutzt, muss die private Pflege-Pflichtversicherung abschlie\u00dfen. Hier greift n\u00e4mlich eine <strong>Versicherungspflicht.<\/strong> Gesetzlich Versicherte dagegen profitieren von der sozialen Pflegeversicherung.&nbsp;<\/p>\n\n\n\n<p>Die <a href=\"https:\/\/www.pkv-tarifvergleich.info\/private-krankenversicherung-kosten\/\" target=\"_blank\" rel=\"noreferrer noopener\">private Krankenversicherung Kosten<\/a> fallen individuell aus. Denn zur Berechnung des monatlichen Beitrags werden das Alter, der Gesundheitszustand und das gesundheitliche Risiko des einzelnen Antragstellers herangezogen.&nbsp;<\/p>\n\n\n\n<h4 class=\"wp-block-heading\" id=\"h-wie-viel-kostet-eine-private-krankenversicherung\">Wie viel kostet eine private Krankenversicherung?<\/h4>\n\n\n\n<p>Im Durchschnitt zahlen Privatversicherte in Deutschland einen<strong> monatlichen Beitrag in H\u00f6he von 579 Euro <\/strong>an ihre Krankenversicherung. Beamte zahlen durchschnittlich 256 Euro pro Monat. Dies ergab eine Untersuchung des Verbandes der privaten Krankenversicherungen.&nbsp;<\/p>\n\n\n\n<p>Jedoch sind die Kosten<strong> stets im Einzelfall zu berechnen<\/strong>. Sie orientieren sich beispielsweise an dem Gesundheitszustand des Antragstellers bei Vertragsabschluss. Daf\u00fcr m\u00fcssen Antragsteller Gesundheitsfragen beantworten und bestehende Beschwerden und Erkrankungen wie Allergien angeben. Je mehr Vorerkrankungen vorliegen und desto kostspieliger die Behandlung ausf\u00e4llt, desto teurer kann der monatliche Beitrag der PKV sein.&nbsp;<\/p>\n\n\n\n<p><strong>Selbstst\u00e4ndige<\/strong> zahlen die h\u00f6chsten Beitr\u00e4ge. Denn sie tragen diese allein. Im Vergleich: <strong>Beamte<\/strong> profitieren als Angestellte von den niedrigsten Beitragsh\u00f6hen, weil diese einen Arbeitgeberzuschuss in H\u00f6he von mindestens 50 Prozent erhalten.&nbsp;<\/p>\n\n\n\n<p>Wer die private Krankenversicherung nutzen m\u00f6chte, sollte sein individuelles Budget berechnen. Denn die Beitr\u00e4ge m\u00fcssen \u00fcber viele Jahre hinweg beglichen werden. Deswegen ist es von Bedeutung, auszurechnen, ob der Einzelne die <strong>Kosten auf Dauer tragen kann.&nbsp;<\/strong><\/p>\n\n\n\n<p>Dass ein Tarif g\u00fcnstig ist, bedeutet auch nicht, dass dieser g\u00fcnstig bleibt. Insbesondere Billigtarife erweisen sich auf lange Sicht als teuer \u2013 und bieten mitunter sogar weniger als die Standardleistungen f\u00fcr Kassenpatienten. In diesem Fall stellt die PKV eine schlechtere Option dar als die GKV.&nbsp;<\/p>\n\n\n\n<h4 class=\"wp-block-heading\" id=\"h-ist-die-pkv-im-alter-noch-bezahlbar\">Ist die PKV im Alter noch bezahlbar?<\/h4>\n\n\n\n<p>Viele Menschen f\u00fcrchten sich davor, ihre monatlichen Krankenkassenbeitrage als Privatversicherte im Alter nicht mehr begleichen zu k\u00f6nnen. Sie sorgen sich, die Hilfe Dritter in Anspruch nehmen zu m\u00fcssen. Einige entscheiden sich deshalb gegen die PKV und verbleiben bei der GKV.&nbsp;<\/p>\n\n\n\n<p>Die gute Nachricht: Auch im Alter bleibt die PKV bezahlbar, wenn ein <strong>vorteilhafter Tarif <\/strong>ausgew\u00e4hlt wurde. Hier ist es notwenig, Tarife stetig zu vergleichen und bei Bedarf zu wechseln. So k\u00f6nnen die Kosten angepasst werden.&nbsp;<\/p>\n\n\n\n<p>Grunds\u00e4tzlich f\u00fchrt ein h\u00f6heres Alter immer zu <strong>h\u00f6heren Beitr\u00e4gen. <\/strong>Denn die Lebenserwartung steigt. Wer bereits vor dem Renteneintritt Krankheiten entwickelt, zahlt ferner h\u00f6here Beitr\u00e4ge als gesunde Versicherte.&nbsp;<\/p>\n\n\n\n<p>Wer im Alter erkrankt, muss ebenfalls mit h\u00f6heren Beitr\u00e4gen rechnen \u2013 wenngleich lediglich eine Pension erzielt wird. Mit dem Eintritt der <a href=\"https:\/\/wuppertal-total.de\/stadtleben\/bergische-uni-fast-70-prozent-der-babyboomer-wollen-frueher-in-rente\/\" target=\"_blank\" rel=\"noreferrer noopener\">Rente<\/a> f\u00e4llt auch der Arbeitgeberzuschuss weg. Andererseits muss das Krankentagegeld nicht mehr gezahlt werden. <strong>Beitragsentlastungstarife<\/strong> k\u00f6nnen die Kosten ebenfalls senken.&nbsp;<\/p>\n\n\n\n<p>Zudem kann es sich lohnen, rechtzeitig eine<strong> Altersr\u00fcckstellung <\/strong>zu nutzen. So k\u00f6nnen die Kosten im Alter minimiert werden. Wer noch jung ist und in die PKV eintritt, kann dazuzahlen. So k\u00f6nnen sich Versicherte gegen hohe Beitr\u00e4ge und Erh\u00f6hungen durch das Versicherungsunternehmen absichern.&nbsp;<\/p>\n\n\n\n<p>Das bedeutet: Junge Versicherte zahlen etwas mehr als den monatlichen Beitrag. Der \u00dcberschuss reduziert die Beitragskosten im Alter. Der Betrag wird auf Basis der durchschnittlich zu erwartenden Kosten im Alter berechnet.&nbsp;<\/p>\n\n\n\n<p>Doch aufgepasst! Wer die Versicherung wechselt, sollte sicherstellen, dass die Altersr\u00fcckstellungen <strong>in die neue Versicherung \u00fcbernommen <\/strong>werden. Dies ist zwar nicht bei allen R\u00fcckstellungen m\u00f6glich, sollte aber unbedingt genutzt werden, wenn der \u00dcbernahme nichts im Wege steht.&nbsp;<\/p>\n\n\n\n<h4 class=\"wp-block-heading\" id=\"h-wer-tragt-die-kosten-fur-die-private-krankenversicherung-bei-altersrente\">Wer tr\u00e4gt die Kosten f\u00fcr die private Krankenversicherung bei Altersrente?<\/h4>\n\n\n\n<p>Privatversicherte tragen die Kosten ihrer Krankenversicherung auch im Alter selbst. Deswegen ist es zu empfehlen, w\u00e4hrend der Erwerbst\u00e4tigkeit <strong>R\u00fccklagen zu bilden,<\/strong> auf die Versicherte ab dem Renteneintritt zur\u00fcckgreifen k\u00f6nnen. Eine finanzielle Entlastung bietet auch der Wechsel zu einem g\u00fcnstigen Tarif innerhalb der privaten Krankenversicherung.&nbsp;<\/p>\n\n\n\n<p>Wer nach dem Renteneintritt feststellt, dass er die Krankenversicherungsbeitr\u00e4ge nicht mehr bezahlen kann, sollte sich zun\u00e4chst mit seiner Versicherung in Verbindung setzen. Je eher dies geschieht, desto schneller k\u00f6nnen die Angestellten reagieren und g\u00fcnstigere Tarife anbieten.&nbsp;<\/p>\n\n\n\n<h4 class=\"wp-block-heading\" id=\"h-wann-verliert-man-die-private-krankenversicherung\">Wann verliert man die private Krankenversicherung?<\/h4>\n\n\n\n<p>Es ist wie verzwickt: Als Solo-Selbstst\u00e4ndige verzeichnen Versicherte ein unregelm\u00e4\u00dfiges Einkommen. Finanzielle Engp\u00e4sse bereiten regelm\u00e4\u00dfig Sorgen. Liegen keine R\u00fccklagen vor, droht ein Ausschluss aus der Krankenversicherung.&nbsp;<\/p>\n\n\n\n<p>Damit dies nicht passiert, ist es wichtig, sicherzustellen, dass die Krankenkassenbeitr\u00e4ge beglichen werden k\u00f6nnen \u2013 und zwar unabh\u00e4ngig von der wirtschaftlichen Lage des eigenen <a href=\"https:\/\/startupvalley.news\/de\/zuhause-unternehmen\/\" target=\"_blank\" rel=\"noreferrer noopener\">Unternehmens<\/a>. Denn wer die Beitr\u00e4ge wiederholt nicht bezahlt, kann die private Krankenversicherung verlieren. Der Versicherungsschutz greift erst wieder, wenn die entstandenen Schulden beglichen wurden.<\/p>\n\n\n\n<p>In einigen F\u00e4llen kann in diesem Fall ein Wechsel zur GKV realisiert werden. Dies ist jedoch nur<strong> unter bestimmten Voraussetzungen <\/strong>m\u00f6glich.&nbsp;<\/p>\n\n\n\n<h4 class=\"wp-block-heading\" id=\"h-kann-ich-zuruck-in-die-gkv\">Kann ich zur\u00fcck in die GKV?<\/h4>\n\n\n\n<p>Manchmal kann es verlockend erscheinen, in die gesetzliche Krankenversicherung zur\u00fcckzukehren. Dies ist sogar in fortgeschrittenem Alter m\u00f6glich. Hier sind jedoch einige wichtige Aspekte zu ber\u00fccksichtigen, damit der Wechsel problemlos erfolgen kann.&nbsp;<\/p>\n\n\n\n<p>So ist ein Wechsel nur dann realisierbar, wenn Versicherte<strong> mindestens 90 Prozent der zweiten H\u00e4lfte des Erwerbslebens<\/strong> in der gesetzlichen Versicherung versichert waren. Andernfalls ist ein Wechsel ab dem 55 Lebensjahr nicht m\u00f6glich.&nbsp;<\/p>\n\n\n\n<p>Ein Tipp: H\u00e4ufig kann sich hier der Wechsel des Tarifs innerhalb der privaten Krankenversicherung lohnen.&nbsp;<\/p>\n\n\n\n<h4 class=\"wp-block-heading\" id=\"h-lohnt-sich-ein-versicherungsmakler\">Lohnt sich ein Versicherungsmakler?<\/h4>\n\n\n\n<p>Es kann sich als ratsam erweisen, einen Versicherungsmakler einzubeziehen. Dieser kann Interessierte<strong> professionell beraten<\/strong> und dazu beitragen, dass diese den f\u00fcr sie passenden Tarif ausfindig machen. Er ber\u00fccksichtigt au\u00dferdem die individuelle Krankengeschichte und kann die Kosten f\u00fcr diverse Tarife berechnen.&nbsp;<\/p>\n\n\n\n<p>Ein seri\u00f6ser Makler verf\u00fcgt \u00fcber Berufserfahrung und das<strong> notwendige Fachwissen.<\/strong> Er zeichnet sich durch Menschenkenntnis aus und handelt stets im Sinne des Kunden.&nbsp;<\/p>\n\n\n\n<h5 class=\"wp-block-heading\" id=\"h-das-fazit-so-hoch-fallen-die-beitrage-bei-der-gkv-aus-nbsp\">Das Fazit \u2013 So hoch fallen die Beitr\u00e4ge bei der GKV aus&nbsp;<\/h5>\n\n\n\n<p>Im Durchschnitt zahlen Versicherte in einer privaten Krankenversicherung einen monatlichen Beitrag in H\u00f6he von 579 Euro. Wer von der GKV in die PKV wechseln m\u00f6chte, sollte einen Versicherungsmakler heranziehen. Dieser kann berechnen, wie hoch der Beitrag im Hinblick auf den Gesundheitszustand und das Alter ausfallen kann und passende Tarife vorschlagen.&nbsp;<\/p>\n\n\n\n<p>Beamte profitieren von einem Arbeitgeberzuschuss in H\u00f6he von mindestens 50 Prozent. Selbstst\u00e4ndige dagegen tragen die gesamten Kosten selbst. Ist ein Beitrag aufgrund eines finanziellen Engpasses nicht leistbar, sollten sich Betroffene umgehend mit ihrer Versicherung in Kontakt setzen. Gegebenenfalls kann ein Wechsel zu einem g\u00fcnstigeren Tarif vollzogen werden, bevor Versicherte zu stark mit ihren Zahlungen in Verzug geraten.&nbsp;<\/p>\n\n\n\n<p>Bild: Hush Naidoo Jade Photography auf unsplash.com: <a href=\"https:\/\/unsplash.com\/de\/fotos\/schwarzes-und-graues-stethoskop-yo01Z-9HQAw\" target=\"_blank\" rel=\"noreferrer noopener\">Schwarzes und graues Stethoskop<\/a> Foto \u2013 Kostenloses Bild zum Thema Medizinisch auf Unsplash<\/p>\n\n\n\n<p>Autor: \u00a0Vanessa Assi<\/p>\n\n\n\n<p>Aussagen des Autors und des Interviewpartners geben nicht unbedingt die Meinung der Redaktion und des Verlags wieder.<\/p>\n","protected":false},"excerpt":{"rendered":"<p>PKV: So hoch ist der Beitrag in der privaten Krankenversicherung im Durchschnitt! \u2705 Versicherungsschutz \u2705 Hier mehr lesen! <\/p>\n","protected":false},"author":9,"featured_media":109632,"comment_status":"closed","ping_status":"open","sticky":false,"template":"","format":"standard","meta":{"_acf_changed":false,"footnotes":""},"categories":[28],"tags":[24548,24550,24546,24549,24544,24547,24553,24552,24545,24551],"class_list":{"0":"post-109609","1":"post","2":"type-post","3":"status-publish","4":"format-standard","5":"has-post-thumbnail","7":"category-workbase","8":"tag-altersrueckstellungen","9":"tag-altersvorsorge-pkv","10":"tag-beamte-pkv","11":"tag-gesundheitspruefung-pkv","12":"tag-kosten-private-krankenversicherung","13":"tag-pkv-beitraege","14":"tag-pkv-im-alter","15":"tag-private-pflegeversicherung","16":"tag-selbststaendige-pkv","17":"tag-tarifwechsel-pkv"},"acf":[],"yoast_head":"<!-- This site is optimized with the Yoast SEO Premium plugin v26.7 (Yoast SEO v26.7) - https:\/\/yoast.com\/wordpress\/plugins\/seo\/ -->\n<title>Kosten einer privaten Krankenversicherung!<\/title>\n<meta name=\"description\" content=\"PKV: So hoch ist der Beitrag in der privaten Krankenversicherung im Durchschnitt! \u2705 Versicherungsschutz \u2705 Hier mehr lesen!\" \/>\n<meta name=\"robots\" content=\"index, follow, max-snippet:-1, max-image-preview:large, max-video-preview:-1\" \/>\n<link rel=\"canonical\" href=\"https:\/\/startupvalley.news\/de\/kosten-einer-privaten-krankenversicherung\/\" \/>\n<meta property=\"og:locale\" content=\"de_DE\" \/>\n<meta property=\"og:type\" content=\"article\" \/>\n<meta property=\"og:title\" content=\"Kosten einer privaten Krankenversicherung\" \/>\n<meta property=\"og:description\" content=\"PKV: So hoch ist der Beitrag in der privaten Krankenversicherung im Durchschnitt! \u2705 Versicherungsschutz \u2705 Hier mehr lesen!\" \/>\n<meta property=\"og:url\" content=\"https:\/\/startupvalley.news\/de\/kosten-einer-privaten-krankenversicherung\/\" \/>\n<meta property=\"og:site_name\" content=\"StartupValley - Erfolgreich Gr\u00fcnden und durchstarten!\" \/>\n<meta property=\"article:publisher\" content=\"https:\/\/www.facebook.com\/startupvalleynews\" \/>\n<meta property=\"article:published_time\" content=\"2024-10-08T06:55:24+00:00\" \/>\n<meta property=\"article:modified_time\" content=\"2024-10-08T06:57:53+00:00\" \/>\n<meta property=\"og:image\" content=\"https:\/\/startupvalley.news\/de\/wp-content\/uploads\/sites\/2\/2024\/10\/hush-naidoo-jade-photography-yo01Z-9HQAw-unsplash.jpg\" \/>\n\t<meta property=\"og:image:width\" content=\"1200\" \/>\n\t<meta property=\"og:image:height\" content=\"800\" \/>\n\t<meta property=\"og:image:type\" content=\"image\/jpeg\" \/>\n<meta name=\"author\" content=\"StartupValley\" \/>\n<meta name=\"twitter:card\" content=\"summary_large_image\" \/>\n<meta name=\"twitter:creator\" content=\"@startup_valley\" \/>\n<meta name=\"twitter:site\" content=\"@startup_valley\" \/>\n<meta name=\"twitter:label1\" content=\"Verfasst von\" \/>\n\t<meta name=\"twitter:data1\" content=\"StartupValley\" \/>\n\t<meta name=\"twitter:label2\" content=\"Gesch\u00e4tzte Lesezeit\" \/>\n\t<meta name=\"twitter:data2\" content=\"8\u00a0Minuten\" \/>\n<script type=\"application\/ld+json\" class=\"yoast-schema-graph\">{\"@context\":\"https:\/\/schema.org\",\"@graph\":[{\"@type\":\"Article\",\"@id\":\"https:\/\/startupvalley.news\/de\/kosten-einer-privaten-krankenversicherung\/#article\",\"isPartOf\":{\"@id\":\"https:\/\/startupvalley.news\/de\/kosten-einer-privaten-krankenversicherung\/\"},\"author\":{\"name\":\"StartupValley\",\"@id\":\"https:\/\/startupvalley.news\/de\/#\/schema\/person\/dc9abc71daa8d949d4f257f2e9883e00\"},\"headline\":\"Kosten einer privaten Krankenversicherung\",\"datePublished\":\"2024-10-08T06:55:24+00:00\",\"dateModified\":\"2024-10-08T06:57:53+00:00\",\"mainEntityOfPage\":{\"@id\":\"https:\/\/startupvalley.news\/de\/kosten-einer-privaten-krankenversicherung\/\"},\"wordCount\":1376,\"publisher\":{\"@id\":\"https:\/\/startupvalley.news\/de\/#organization\"},\"image\":{\"@id\":\"https:\/\/startupvalley.news\/de\/kosten-einer-privaten-krankenversicherung\/#primaryimage\"},\"thumbnailUrl\":\"https:\/\/startupvalley.news\/de\/wp-content\/uploads\/sites\/2\/2024\/10\/hush-naidoo-jade-photography-yo01Z-9HQAw-unsplash.jpg\",\"keywords\":[\"Altersr\u00fcckstellungen\",\"Altersvorsorge PKV\",\"Beamte PKV\",\"Gesundheitspr\u00fcfung PKV\",\"Kosten private Krankenversicherung\",\"PKV Beitr\u00e4ge\",\"PKV im Alter\",\"private Pflegeversicherung\",\"Selbstst\u00e4ndige PKV\",\"Tarifwechsel PKV\"],\"articleSection\":[\"Workbase\"],\"inLanguage\":\"de\",\"copyrightYear\":\"2024\",\"copyrightHolder\":{\"@id\":\"https:\/\/startupvalley.news\/#organization\"}},{\"@type\":\"WebPage\",\"@id\":\"https:\/\/startupvalley.news\/de\/kosten-einer-privaten-krankenversicherung\/\",\"url\":\"https:\/\/startupvalley.news\/de\/kosten-einer-privaten-krankenversicherung\/\",\"name\":\"Kosten einer privaten Krankenversicherung!\",\"isPartOf\":{\"@id\":\"https:\/\/startupvalley.news\/de\/#website\"},\"primaryImageOfPage\":{\"@id\":\"https:\/\/startupvalley.news\/de\/kosten-einer-privaten-krankenversicherung\/#primaryimage\"},\"image\":{\"@id\":\"https:\/\/startupvalley.news\/de\/kosten-einer-privaten-krankenversicherung\/#primaryimage\"},\"thumbnailUrl\":\"https:\/\/startupvalley.news\/de\/wp-content\/uploads\/sites\/2\/2024\/10\/hush-naidoo-jade-photography-yo01Z-9HQAw-unsplash.jpg\",\"datePublished\":\"2024-10-08T06:55:24+00:00\",\"dateModified\":\"2024-10-08T06:57:53+00:00\",\"description\":\"PKV: So hoch ist der Beitrag in der privaten Krankenversicherung im Durchschnitt! \u2705 Versicherungsschutz \u2705 Hier mehr lesen!\",\"breadcrumb\":{\"@id\":\"https:\/\/startupvalley.news\/de\/kosten-einer-privaten-krankenversicherung\/#breadcrumb\"},\"inLanguage\":\"de\",\"potentialAction\":[{\"@type\":\"ReadAction\",\"target\":[\"https:\/\/startupvalley.news\/de\/kosten-einer-privaten-krankenversicherung\/\"]}]},{\"@type\":\"ImageObject\",\"inLanguage\":\"de\",\"@id\":\"https:\/\/startupvalley.news\/de\/kosten-einer-privaten-krankenversicherung\/#primaryimage\",\"url\":\"https:\/\/startupvalley.news\/de\/wp-content\/uploads\/sites\/2\/2024\/10\/hush-naidoo-jade-photography-yo01Z-9HQAw-unsplash.jpg\",\"contentUrl\":\"https:\/\/startupvalley.news\/de\/wp-content\/uploads\/sites\/2\/2024\/10\/hush-naidoo-jade-photography-yo01Z-9HQAw-unsplash.jpg\",\"width\":1200,\"height\":800},{\"@type\":\"BreadcrumbList\",\"@id\":\"https:\/\/startupvalley.news\/de\/kosten-einer-privaten-krankenversicherung\/#breadcrumb\",\"itemListElement\":[{\"@type\":\"ListItem\",\"position\":1,\"name\":\"Home\",\"item\":\"https:\/\/startupvalley.news\/de\/\"},{\"@type\":\"ListItem\",\"position\":2,\"name\":\"Kosten einer privaten Krankenversicherung\"}]},{\"@type\":\"WebSite\",\"@id\":\"https:\/\/startupvalley.news\/de\/#website\",\"url\":\"https:\/\/startupvalley.news\/de\/\",\"name\":\"StartupValley\",\"description\":\"Die neuesten Trends der Startup-Szene: Finanzierung, Innovationen und Erfolgsgeschichten\",\"publisher\":{\"@id\":\"https:\/\/startupvalley.news\/de\/#organization\"},\"alternateName\":\"StartupValley Magazin\",\"potentialAction\":[{\"@type\":\"SearchAction\",\"target\":{\"@type\":\"EntryPoint\",\"urlTemplate\":\"https:\/\/startupvalley.news\/de\/?s={search_term_string}\"},\"query-input\":{\"@type\":\"PropertyValueSpecification\",\"valueRequired\":true,\"valueName\":\"search_term_string\"}}],\"inLanguage\":\"de\"},{\"@type\":\"Organization\",\"@id\":\"https:\/\/startupvalley.news\/de\/#organization\",\"name\":\"StartupValley Media\",\"url\":\"https:\/\/startupvalley.news\/de\/\",\"logo\":{\"@type\":\"ImageObject\",\"inLanguage\":\"de\",\"@id\":\"https:\/\/startupvalley.news\/de\/#\/schema\/logo\/image\/\",\"url\":\"https:\/\/startupvalley.news\/de\/wp-content\/uploads\/sites\/2\/2020\/12\/StartupValley-LOGO-neu-retina.png\",\"contentUrl\":\"https:\/\/startupvalley.news\/de\/wp-content\/uploads\/sites\/2\/2020\/12\/StartupValley-LOGO-neu-retina.png\",\"width\":460,\"height\":180,\"caption\":\"StartupValley Media\"},\"image\":{\"@id\":\"https:\/\/startupvalley.news\/de\/#\/schema\/logo\/image\/\"},\"sameAs\":[\"https:\/\/www.facebook.com\/startupvalleynews\",\"https:\/\/x.com\/startup_valley\",\"https:\/\/www.twitch.tv\/startupvalley\",\"https:\/\/www.linkedin.com\/company\/startupvalleymagazine\",\"https:\/\/www.instagram.com\/startup_valley\"]},{\"@type\":\"Person\",\"@id\":\"https:\/\/startupvalley.news\/de\/#\/schema\/person\/dc9abc71daa8d949d4f257f2e9883e00\",\"name\":\"StartupValley\",\"image\":{\"@type\":\"ImageObject\",\"inLanguage\":\"de\",\"@id\":\"https:\/\/startupvalley.news\/de\/#\/schema\/person\/image\/\",\"url\":\"https:\/\/secure.gravatar.com\/avatar\/6436ca57465a88bfa716825ebdd3bc23f850aaaa3a51d16da34504822452fa3a?s=96&d=mm&r=g\",\"contentUrl\":\"https:\/\/secure.gravatar.com\/avatar\/6436ca57465a88bfa716825ebdd3bc23f850aaaa3a51d16da34504822452fa3a?s=96&d=mm&r=g\",\"caption\":\"StartupValley\"},\"description\":\"Das StartupValley Magazin ist Europas gro\u00dfes Magazin f\u00fcr Start-ups, Gr\u00fcnder und Entrepreneure. Ihr findet bei uns Tagesaktuelle News zu den neuesten Trends, Technologien und Gesch\u00e4ftsmodellen der internationalen Startup-Szene sowie Interviews mit erfolgreichen Gr\u00fcndern und Investoren.\",\"url\":\"https:\/\/startupvalley.news\/de\/author\/redaktion\/\"}]}<\/script>\n<!-- \/ Yoast SEO Premium plugin. -->","yoast_head_json":{"title":"Kosten einer privaten Krankenversicherung!","description":"PKV: So hoch ist der Beitrag in der privaten Krankenversicherung im Durchschnitt! \u2705 Versicherungsschutz \u2705 Hier mehr lesen!","robots":{"index":"index","follow":"follow","max-snippet":"max-snippet:-1","max-image-preview":"max-image-preview:large","max-video-preview":"max-video-preview:-1"},"canonical":"https:\/\/startupvalley.news\/de\/kosten-einer-privaten-krankenversicherung\/","og_locale":"de_DE","og_type":"article","og_title":"Kosten einer privaten Krankenversicherung","og_description":"PKV: So hoch ist der Beitrag in der privaten Krankenversicherung im Durchschnitt! \u2705 Versicherungsschutz \u2705 Hier mehr lesen!","og_url":"https:\/\/startupvalley.news\/de\/kosten-einer-privaten-krankenversicherung\/","og_site_name":"StartupValley - Erfolgreich Gr\u00fcnden und durchstarten!","article_publisher":"https:\/\/www.facebook.com\/startupvalleynews","article_published_time":"2024-10-08T06:55:24+00:00","article_modified_time":"2024-10-08T06:57:53+00:00","og_image":[{"width":1200,"height":800,"url":"https:\/\/startupvalley.news\/de\/wp-content\/uploads\/sites\/2\/2024\/10\/hush-naidoo-jade-photography-yo01Z-9HQAw-unsplash.jpg","type":"image\/jpeg"}],"author":"StartupValley","twitter_card":"summary_large_image","twitter_creator":"@startup_valley","twitter_site":"@startup_valley","twitter_misc":{"Verfasst von":"StartupValley","Gesch\u00e4tzte Lesezeit":"8\u00a0Minuten"},"schema":{"@context":"https:\/\/schema.org","@graph":[{"@type":"Article","@id":"https:\/\/startupvalley.news\/de\/kosten-einer-privaten-krankenversicherung\/#article","isPartOf":{"@id":"https:\/\/startupvalley.news\/de\/kosten-einer-privaten-krankenversicherung\/"},"author":{"name":"StartupValley","@id":"https:\/\/startupvalley.news\/de\/#\/schema\/person\/dc9abc71daa8d949d4f257f2e9883e00"},"headline":"Kosten einer privaten Krankenversicherung","datePublished":"2024-10-08T06:55:24+00:00","dateModified":"2024-10-08T06:57:53+00:00","mainEntityOfPage":{"@id":"https:\/\/startupvalley.news\/de\/kosten-einer-privaten-krankenversicherung\/"},"wordCount":1376,"publisher":{"@id":"https:\/\/startupvalley.news\/de\/#organization"},"image":{"@id":"https:\/\/startupvalley.news\/de\/kosten-einer-privaten-krankenversicherung\/#primaryimage"},"thumbnailUrl":"https:\/\/startupvalley.news\/de\/wp-content\/uploads\/sites\/2\/2024\/10\/hush-naidoo-jade-photography-yo01Z-9HQAw-unsplash.jpg","keywords":["Altersr\u00fcckstellungen","Altersvorsorge PKV","Beamte PKV","Gesundheitspr\u00fcfung PKV","Kosten private Krankenversicherung","PKV Beitr\u00e4ge","PKV im Alter","private Pflegeversicherung","Selbstst\u00e4ndige PKV","Tarifwechsel PKV"],"articleSection":["Workbase"],"inLanguage":"de","copyrightYear":"2024","copyrightHolder":{"@id":"https:\/\/startupvalley.news\/#organization"}},{"@type":"WebPage","@id":"https:\/\/startupvalley.news\/de\/kosten-einer-privaten-krankenversicherung\/","url":"https:\/\/startupvalley.news\/de\/kosten-einer-privaten-krankenversicherung\/","name":"Kosten einer privaten Krankenversicherung!","isPartOf":{"@id":"https:\/\/startupvalley.news\/de\/#website"},"primaryImageOfPage":{"@id":"https:\/\/startupvalley.news\/de\/kosten-einer-privaten-krankenversicherung\/#primaryimage"},"image":{"@id":"https:\/\/startupvalley.news\/de\/kosten-einer-privaten-krankenversicherung\/#primaryimage"},"thumbnailUrl":"https:\/\/startupvalley.news\/de\/wp-content\/uploads\/sites\/2\/2024\/10\/hush-naidoo-jade-photography-yo01Z-9HQAw-unsplash.jpg","datePublished":"2024-10-08T06:55:24+00:00","dateModified":"2024-10-08T06:57:53+00:00","description":"PKV: So hoch ist der Beitrag in der privaten Krankenversicherung im Durchschnitt! \u2705 Versicherungsschutz \u2705 Hier mehr lesen!","breadcrumb":{"@id":"https:\/\/startupvalley.news\/de\/kosten-einer-privaten-krankenversicherung\/#breadcrumb"},"inLanguage":"de","potentialAction":[{"@type":"ReadAction","target":["https:\/\/startupvalley.news\/de\/kosten-einer-privaten-krankenversicherung\/"]}]},{"@type":"ImageObject","inLanguage":"de","@id":"https:\/\/startupvalley.news\/de\/kosten-einer-privaten-krankenversicherung\/#primaryimage","url":"https:\/\/startupvalley.news\/de\/wp-content\/uploads\/sites\/2\/2024\/10\/hush-naidoo-jade-photography-yo01Z-9HQAw-unsplash.jpg","contentUrl":"https:\/\/startupvalley.news\/de\/wp-content\/uploads\/sites\/2\/2024\/10\/hush-naidoo-jade-photography-yo01Z-9HQAw-unsplash.jpg","width":1200,"height":800},{"@type":"BreadcrumbList","@id":"https:\/\/startupvalley.news\/de\/kosten-einer-privaten-krankenversicherung\/#breadcrumb","itemListElement":[{"@type":"ListItem","position":1,"name":"Home","item":"https:\/\/startupvalley.news\/de\/"},{"@type":"ListItem","position":2,"name":"Kosten einer privaten Krankenversicherung"}]},{"@type":"WebSite","@id":"https:\/\/startupvalley.news\/de\/#website","url":"https:\/\/startupvalley.news\/de\/","name":"StartupValley","description":"Die neuesten Trends der Startup-Szene: Finanzierung, Innovationen und Erfolgsgeschichten","publisher":{"@id":"https:\/\/startupvalley.news\/de\/#organization"},"alternateName":"StartupValley Magazin","potentialAction":[{"@type":"SearchAction","target":{"@type":"EntryPoint","urlTemplate":"https:\/\/startupvalley.news\/de\/?s={search_term_string}"},"query-input":{"@type":"PropertyValueSpecification","valueRequired":true,"valueName":"search_term_string"}}],"inLanguage":"de"},{"@type":"Organization","@id":"https:\/\/startupvalley.news\/de\/#organization","name":"StartupValley Media","url":"https:\/\/startupvalley.news\/de\/","logo":{"@type":"ImageObject","inLanguage":"de","@id":"https:\/\/startupvalley.news\/de\/#\/schema\/logo\/image\/","url":"https:\/\/startupvalley.news\/de\/wp-content\/uploads\/sites\/2\/2020\/12\/StartupValley-LOGO-neu-retina.png","contentUrl":"https:\/\/startupvalley.news\/de\/wp-content\/uploads\/sites\/2\/2020\/12\/StartupValley-LOGO-neu-retina.png","width":460,"height":180,"caption":"StartupValley Media"},"image":{"@id":"https:\/\/startupvalley.news\/de\/#\/schema\/logo\/image\/"},"sameAs":["https:\/\/www.facebook.com\/startupvalleynews","https:\/\/x.com\/startup_valley","https:\/\/www.twitch.tv\/startupvalley","https:\/\/www.linkedin.com\/company\/startupvalleymagazine","https:\/\/www.instagram.com\/startup_valley"]},{"@type":"Person","@id":"https:\/\/startupvalley.news\/de\/#\/schema\/person\/dc9abc71daa8d949d4f257f2e9883e00","name":"StartupValley","image":{"@type":"ImageObject","inLanguage":"de","@id":"https:\/\/startupvalley.news\/de\/#\/schema\/person\/image\/","url":"https:\/\/secure.gravatar.com\/avatar\/6436ca57465a88bfa716825ebdd3bc23f850aaaa3a51d16da34504822452fa3a?s=96&d=mm&r=g","contentUrl":"https:\/\/secure.gravatar.com\/avatar\/6436ca57465a88bfa716825ebdd3bc23f850aaaa3a51d16da34504822452fa3a?s=96&d=mm&r=g","caption":"StartupValley"},"description":"Das StartupValley Magazin ist Europas gro\u00dfes Magazin f\u00fcr Start-ups, Gr\u00fcnder und Entrepreneure. Ihr findet bei uns Tagesaktuelle News zu den neuesten Trends, Technologien und Gesch\u00e4ftsmodellen der internationalen Startup-Szene sowie Interviews mit erfolgreichen Gr\u00fcndern und Investoren.","url":"https:\/\/startupvalley.news\/de\/author\/redaktion\/"}]}},"_links":{"self":[{"href":"https:\/\/startupvalley.news\/de\/wp-json\/wp\/v2\/posts\/109609","targetHints":{"allow":["GET"]}}],"collection":[{"href":"https:\/\/startupvalley.news\/de\/wp-json\/wp\/v2\/posts"}],"about":[{"href":"https:\/\/startupvalley.news\/de\/wp-json\/wp\/v2\/types\/post"}],"author":[{"embeddable":true,"href":"https:\/\/startupvalley.news\/de\/wp-json\/wp\/v2\/users\/9"}],"replies":[{"embeddable":true,"href":"https:\/\/startupvalley.news\/de\/wp-json\/wp\/v2\/comments?post=109609"}],"version-history":[{"count":3,"href":"https:\/\/startupvalley.news\/de\/wp-json\/wp\/v2\/posts\/109609\/revisions"}],"predecessor-version":[{"id":109617,"href":"https:\/\/startupvalley.news\/de\/wp-json\/wp\/v2\/posts\/109609\/revisions\/109617"}],"wp:featuredmedia":[{"embeddable":true,"href":"https:\/\/startupvalley.news\/de\/wp-json\/wp\/v2\/media\/109632"}],"wp:attachment":[{"href":"https:\/\/startupvalley.news\/de\/wp-json\/wp\/v2\/media?parent=109609"}],"wp:term":[{"taxonomy":"category","embeddable":true,"href":"https:\/\/startupvalley.news\/de\/wp-json\/wp\/v2\/categories?post=109609"},{"taxonomy":"post_tag","embeddable":true,"href":"https:\/\/startupvalley.news\/de\/wp-json\/wp\/v2\/tags?post=109609"}],"curies":[{"name":"wp","href":"https:\/\/api.w.org\/{rel}","templated":true}]}}