{"id":109845,"date":"2024-10-23T07:43:05","date_gmt":"2024-10-23T05:43:05","guid":{"rendered":"https:\/\/startupvalley.news\/de\/?p=109845"},"modified":"2024-10-23T07:43:08","modified_gmt":"2024-10-23T05:43:08","slug":"start-up-night","status":"publish","type":"post","link":"https:\/\/startupvalley.news\/de\/start-up-night\/","title":{"rendered":"Plattform f\u00fcr regionalen Gr\u00fcndergeist"},"content":{"rendered":"\n<h2 class=\"wp-block-heading\" id=\"h-start-up-night-im-nordschwarzwald-bringt-grunder-investoren-und-innovative-ideen-zusammen-um-die-regionale-vernetzung-und-forderung-von-jungen-unternehmen-zu-starken\">Start-Up Night im Nordschwarzwald bringt Gr\u00fcnder, Investoren und innovative Ideen zusammen, um die regionale Vernetzung und F\u00f6rderung von jungen Unternehmen zu st\u00e4rken.<\/h2>\n\n\n\n<p>Sieben Gr\u00fcnderinnen und Gr\u00fcnder mit kreativen und innovativen Ideen haben sich bei der 12. regionalen Start-Up Night im Innovationspark Horb pr\u00e4sentiert. Ihr Publikum aus zahlreichen Gr\u00fcndungsinteressierten, F\u00f6rderern und Investoren war der Einladung der Wirtschaftsf\u00f6rderung <a href=\"https:\/\/startupvalley.news\/de\/?s=nordschwarzwald\" target=\"_blank\" rel=\"noreferrer noopener\">Nordschwarzwald<\/a> gefolgt, um Wissen auszutauschen, sich zu vernetzen \u2013 oder auch Starthilfe im Start-Up \u00d6kosystem Nordschwarzwald zu finden.<\/p>\n\n\n\n<p>Zu Zeiten, in denen viele der Hidden Champions und Weltmarktf\u00fchrer aus dem n\u00f6rdlichen Schwarzwald gegr\u00fcndet worden sind, gab es den Begriff Start-Up im deutschsprachigen Raum noch nicht. Aus Kellern, Garagen oder kleinen Gewerber\u00e4umen heraus wuchsen hier mit sehr viel Kreativit\u00e4t, Mut und Engagement Unternehmen wie Fischer, Arburg, Heinrich Kipp Werk oder Leuco. Junge, findige Gr\u00fcnderinnen und Gr\u00fcnder gibt es hier auch heute noch. Sie pr\u00e4sentieren sich selbstbewusst mit starken Ideen, viel Know-How und gro\u00dfen Visionen. Ihre geografische Lage leicht abseits der Metropolen des S\u00fcdwestens soll ihnen dabei nicht im Weg stehen. Vielmehr kann eine Vernetzung der Power in der Region in wertvollen Synergien m\u00fcnden und eine Dynamik ausl\u00f6sen, aus der Gro\u00dfes hervorgeht.<\/p>\n\n\n\n<p>Regionale Vernetzung \u00fcber Branchen und Landkreise hinweg ist eine der zentralen St\u00e4rken, die Horbs Wirtschaftsf\u00f6rderer Dejan Micic immer wieder betont. Er f\u00fchrte als Vertreter des \u00d6kosystems durch den Abend. Micic begr\u00fc\u00dfte die G\u00e4ste und kreierte f\u00fcr die sieben Pr\u00e4sentierenden mit treffsicheren Ansagen eine B\u00fchne, von der positiver Start-Up-Spirit den Raum flutete.<\/p>\n\n\n\n<h4 class=\"wp-block-heading\" id=\"h-vielfalt-und-aha-effekte\"><strong>Vielfalt und Aha-Effekte<\/strong><\/h4>\n\n\n\n<p>Die Bandbreite der Ideen mit Potenzial spiegelte die Kreativit\u00e4t junger Unternehmerinnen und Unternehmer. Gutes Stichwort. Mit zwei weiteren kreativen K\u00f6pfen gestartet ist Philipp Fauck und seiner FLP Media Agentur in Horb-Nordstetten. \u201eContent, der ballert!\u201c, versprechen die jungen Kreativen ihren potenziellen Kunden auf ihrer Website und bieten als kleines, aber schlagkr\u00e4ftiges Team ein mediales Angebotsportfolio im Bereich Marketing, aber auch \u2013 und das ist sicher etwas au\u00dfergew\u00f6hnlicher \u2013 zur Schulung und Weiterbildung in Unternehmen mittels produzierter Videos. Visionen stecken noch etliche in der Schublade, f\u00fcr deren Umsetzung soll das Start-Up, wenn es gut l\u00e4uft, auf acht bis zw\u00f6lf Besch\u00e4ftigte in den kommenden drei Jahren wachsen.<\/p>\n\n\n\n<h4 class=\"wp-block-heading\" id=\"h-tierisch-gut\"><strong>Tierisch gut<\/strong><\/h4>\n\n\n\n<p>Weil der Pop-Up-Store in Freudenstadt f\u00fcr Katharina Popp und ihre Gesch\u00e4ftspartnerin Christina W\u00e4lde nur noch einige Wochen lang zu nutzen ist, suchen die beiden f\u00fcr ihr Hundezentrum Schwarzwaldpfoten nach R\u00e4umlichkeiten, in denen sie Hundekekse verkaufen, aber sich vor allem um das ganzheitliche Wohl der Vierbeiner k\u00fcmmern k\u00f6nnen. Ihre Kombination aus Hundeschule und Physiotherapie f\u00fcr Hunde fand schon nach wenigen Tagen \u201e\u00fcberw\u00e4ltigend\u201c gro\u00dfen Zuspruch. Das zarte, aber gut wachsende Pfl\u00e4nzchen braucht aber eine Heimat ab Anfang Dezember.<\/p>\n\n\n\n<h4 class=\"wp-block-heading\" id=\"h-reisen-mit-spezialtipps\"><strong>Reisen mit Spezialtipps<\/strong><\/h4>\n\n\n\n<p>Mit der gleichnamigen Plattform wie der Name des Unternehmens plant Jan Weber aus B\u00f6blingen etwas Gro\u00dfes zu entwickeln: \u201eTrvlMinds GmbH\u201c hei\u00dft es \u2013 und soll die Planung von Reisen und Aufenthalten im Ausland auf ein neues Level heben. Authentische und wertvolle Informationen zur Destination und (Geheim-)Tipps auf einem anderen Beziehungslevel sollen mehr bieten als einzelne Rezensionen, die man aufw\u00e4ndig \u00fcbers Internet zusammentragen muss. Schon jetzt deuten gro\u00dfe Player in der Reiseszene Interesse an Kooperation an, aber bis dahin ist noch Entwicklungsarbeit erforderlich. Hierf\u00fcr sucht Jan Weber Partner.<\/p>\n\n\n\n<h4 class=\"wp-block-heading\" id=\"h-digitale-maschinenflusterer\"><strong>Digitale Maschinenfl\u00fcsterer<\/strong><\/h4>\n\n\n\n<p>Weil die Hintergr\u00fcnde zur Ihrer Gesch\u00e4ftsidee sehr komplex ist, haben Dr. Aline Defranceski und ihr Mann ihr einen einfach Namen gegeben: DataCoffee GmbH hei\u00dft ihr Unternehmen, das sich Softwarel\u00f6sungen zur Kontrolle und Steuerung komplexer Maschinen verschrieben hat. Die Herausforderung, datenbasierte Steuerungstechnik griffig zu vermitteln, gelang der Gr\u00fcnderin in ihrem \u00fcberzeugenden Auftritt. Gerade die Region, in der viele namhafte Maschinenbauer ihre Heimat haben, k\u00f6nnte f\u00fcr das \u201etechnologieverliebte\u201c Paar aus Horb-Nordstetten gro\u00dfes Potenzial bieten \u2013 zumal die Referentin die Beobachtung gemacht hat, dass viele Maschinenbauer \u201esich immer noch schwer tun damit, digital zu denken\u201c.<\/p>\n\n\n\n<h4 class=\"wp-block-heading\" id=\"h-angetrieben-von-sonnenenergie\"><strong>Angetrieben von Sonnenenergie<\/strong><\/h4>\n\n\n\n<p>In einer Zukunfts- und Wachstumsbranche mitwachsen m\u00f6chte Christian Szittariu, der mit seinem Start-Up \u201eSolex UG (haftungsbeschr\u00e4nkt)\u201c ganzheitliche und individuelle Betreuung bei der Umsetzung von Photovoltaik-Projekten anbietet. Mit ausgesuchten Partnern aus der Region bietet er gezielt regional beste L\u00f6sungen f\u00fcr PV-Anlagen auf D\u00e4chern von Wohnh\u00e4usern und Gewerbeimmobilien an. Sein Antrieb ist die Sonne oder vielmehr das Potenzial, das diese f\u00fcr die Energiewende, aber auch f\u00fcr wirtschaftlich zukunftsgerichtete L\u00f6sungen bietet.<\/p>\n\n\n\n<h4 class=\"wp-block-heading\" id=\"h-vernetztes-it-know-how-aus-einer-hand\"><strong>Vernetztes IT-Know-How aus einer Hand<\/strong><\/h4>\n\n\n\n<p>Sehr zur Freude von Dejan Micic und des Publikums entschlossen sich bei der 12. Start-Up Night des \u00d6kosystems Nordschwarzwald zwei Gr\u00fcnder, spontan zu pitchen. Benjamin Paurevic (PaurTECH, Haiterbach) tritt mit seiner passgenauen IT-Betreuung mittels seines Netzwerks aus den Besten ihrer Disziplinen an, um im ausgedehnten Gebiet der IT immer ganzheitlicher sehr schnell und zielsicher richtige Antworten auf Herausforderungen anbieten zu k\u00f6nnen.<\/p>\n\n\n\n<h4 class=\"wp-block-heading\" id=\"h-lucky-punch-zum-abschluss\"><strong>Lucky Punch zum Abschluss<\/strong><\/h4>\n\n\n\n<p>Mit seinem spontan aus dem Auto herbeigeschleppten Equipment \u2013 insbesondere ein stattlicher Dummy in Kampfsport-Optik \u2013 landete Timo Martocchia aus Villingen-Schwenningen zum Abschluss den optischen Lucky Punch des Abends. Mit feinsensorischer Technik seines Start-Ups \u201eTRIBESTRIKE\u201c l\u00e4sst sich Kampfsporttraining auf ein h\u00f6heres Level heben \u2013 und das mithilfe eines Computers statt eines Einzeltrainers. Die Technik, mit der sich bereits vorhandenes Trainingsequipment nachr\u00fcsten l\u00e4sst, l\u00e4utete nicht nur die Schlussrunde der Start-Up Night ein, sondern bildete den perfekten \u00dcbergang zum ausgiebigen Netzwerken.<\/p>\n\n\n\n<p>Das Ziel, Gr\u00fcndungsinteressierte mit Gr\u00fcndern, Investoren und Unterst\u00fctzern aus der Region Nordschwarzwald zusammen zu f\u00fchren, wurde mit dieser Veranstaltung einmal mehr erreicht.<\/p>\n\n\n\n<p>Fotograf: \u00a0Gerd Braun<\/p>\n","protected":false},"excerpt":{"rendered":"<p>Die Start-Up Night im Nordschwarzwald bietet Gr\u00fcndern eine B\u00fchne, um kreative Ideen vorzustellen, Investoren zu treffen und sich regional zu vernetzen. Innovation, Zusammenarbeit und Zukunftsperspektiven stehen im Mittelpunkt dieser inspirierenden Veranstaltung.<\/p>\n","protected":false},"author":9,"featured_media":109846,"comment_status":"closed","ping_status":"open","sticky":false,"template":"","format":"standard","meta":{"_acf_changed":false,"footnotes":""},"categories":[19825],"tags":[10,126,24702,24701,24703,24699,24705,373,24698,24704,14437,24700],"class_list":{"0":"post-109845","1":"post","2":"type-post","3":"status-publish","4":"format-standard","5":"has-post-thumbnail","7":"category-events-termine","8":"tag-gruender","9":"tag-innovation","10":"tag-it-betreuung","11":"tag-kreative-ideen","12":"tag-maschinensteuerung","13":"tag-nordschwarzwald","14":"tag-photovoltaik-projekte","15":"tag-reisen","16":"tag-start-up-night","17":"tag-start-up-oekosystem-2","18":"tag-vernetzung","19":"tag-wirtschaftsfoerderung"},"acf":[],"yoast_head":"<!-- This site is optimized with the Yoast SEO Premium plugin v26.7 (Yoast SEO v26.7) - https:\/\/yoast.com\/wordpress\/plugins\/seo\/ -->\n<title>Start-up Night im Innovationspark Horb: Kreative Ideen pr\u00e4sentiert - StartupValley - Erfolgreich Gr\u00fcnden und durchstarten!<\/title>\n<meta name=\"description\" content=\"Erfahren Sie bei der regionalen Start-Up Night im Innovationspark Horb mehr \u00fcber innovative Ideen und Gr\u00fcnderinnen und Gr\u00fcnder\" \/>\n<meta name=\"robots\" content=\"index, follow, max-snippet:-1, max-image-preview:large, max-video-preview:-1\" \/>\n<link rel=\"canonical\" href=\"https:\/\/startupvalley.news\/de\/start-up-night\/\" \/>\n<meta property=\"og:locale\" content=\"de_DE\" \/>\n<meta property=\"og:type\" content=\"article\" \/>\n<meta property=\"og:title\" content=\"Plattform f\u00fcr regionalen Gr\u00fcndergeist\" \/>\n<meta property=\"og:description\" content=\"Erfahren Sie bei der regionalen Start-Up Night im Innovationspark Horb mehr \u00fcber innovative Ideen und Gr\u00fcnderinnen und Gr\u00fcnder\" \/>\n<meta property=\"og:url\" content=\"https:\/\/startupvalley.news\/de\/start-up-night\/\" \/>\n<meta property=\"og:site_name\" content=\"StartupValley - Erfolgreich Gr\u00fcnden und durchstarten!\" \/>\n<meta property=\"article:publisher\" content=\"https:\/\/www.facebook.com\/startupvalleynews\" \/>\n<meta property=\"article:published_time\" content=\"2024-10-23T05:43:05+00:00\" \/>\n<meta property=\"article:modified_time\" content=\"2024-10-23T05:43:08+00:00\" \/>\n<meta property=\"og:image\" content=\"https:\/\/startupvalley.news\/de\/wp-content\/uploads\/sites\/2\/2024\/10\/SuN-Horb_Auditorium2.jpg\" \/>\n\t<meta property=\"og:image:width\" content=\"1200\" \/>\n\t<meta property=\"og:image:height\" content=\"754\" \/>\n\t<meta property=\"og:image:type\" content=\"image\/jpeg\" \/>\n<meta name=\"author\" content=\"StartupValley\" \/>\n<meta name=\"twitter:card\" content=\"summary_large_image\" \/>\n<meta name=\"twitter:creator\" content=\"@startup_valley\" \/>\n<meta name=\"twitter:site\" content=\"@startup_valley\" \/>\n<meta name=\"twitter:label1\" content=\"Verfasst von\" \/>\n\t<meta name=\"twitter:data1\" content=\"StartupValley\" \/>\n\t<meta name=\"twitter:label2\" content=\"Gesch\u00e4tzte Lesezeit\" \/>\n\t<meta name=\"twitter:data2\" content=\"5\u00a0Minuten\" \/>\n<script type=\"application\/ld+json\" class=\"yoast-schema-graph\">{\"@context\":\"https:\/\/schema.org\",\"@graph\":[{\"@type\":\"Article\",\"@id\":\"https:\/\/startupvalley.news\/de\/start-up-night\/#article\",\"isPartOf\":{\"@id\":\"https:\/\/startupvalley.news\/de\/start-up-night\/\"},\"author\":{\"name\":\"StartupValley\",\"@id\":\"https:\/\/startupvalley.news\/de\/#\/schema\/person\/dc9abc71daa8d949d4f257f2e9883e00\"},\"headline\":\"Plattform f\u00fcr regionalen Gr\u00fcndergeist\",\"datePublished\":\"2024-10-23T05:43:05+00:00\",\"dateModified\":\"2024-10-23T05:43:08+00:00\",\"mainEntityOfPage\":{\"@id\":\"https:\/\/startupvalley.news\/de\/start-up-night\/\"},\"wordCount\":933,\"publisher\":{\"@id\":\"https:\/\/startupvalley.news\/de\/#organization\"},\"image\":{\"@id\":\"https:\/\/startupvalley.news\/de\/start-up-night\/#primaryimage\"},\"thumbnailUrl\":\"https:\/\/startupvalley.news\/de\/wp-content\/uploads\/sites\/2\/2024\/10\/SuN-Horb_Auditorium2.jpg\",\"keywords\":[\"Gr\u00fcnder\",\"Innovation\",\"IT-Betreuung\",\"kreative Ideen\",\"Maschinensteuerung\",\"Nordschwarzwald\",\"Photovoltaik-Projekte\",\"Reisen\",\"Start-Up Night\",\"Start-Up \u00d6kosystem\",\"Vernetzung\",\"Wirtschaftsf\u00f6rderung\"],\"articleSection\":[\"Events &amp; Termine\"],\"inLanguage\":\"de\",\"copyrightYear\":\"2024\",\"copyrightHolder\":{\"@id\":\"https:\/\/startupvalley.news\/#organization\"}},{\"@type\":\"WebPage\",\"@id\":\"https:\/\/startupvalley.news\/de\/start-up-night\/\",\"url\":\"https:\/\/startupvalley.news\/de\/start-up-night\/\",\"name\":\"Start-up Night im Innovationspark Horb: Kreative Ideen pr\u00e4sentiert - StartupValley - Erfolgreich Gr\u00fcnden und durchstarten!\",\"isPartOf\":{\"@id\":\"https:\/\/startupvalley.news\/de\/#website\"},\"primaryImageOfPage\":{\"@id\":\"https:\/\/startupvalley.news\/de\/start-up-night\/#primaryimage\"},\"image\":{\"@id\":\"https:\/\/startupvalley.news\/de\/start-up-night\/#primaryimage\"},\"thumbnailUrl\":\"https:\/\/startupvalley.news\/de\/wp-content\/uploads\/sites\/2\/2024\/10\/SuN-Horb_Auditorium2.jpg\",\"datePublished\":\"2024-10-23T05:43:05+00:00\",\"dateModified\":\"2024-10-23T05:43:08+00:00\",\"description\":\"Erfahren Sie bei der regionalen Start-Up Night im Innovationspark Horb mehr \u00fcber innovative Ideen und Gr\u00fcnderinnen und Gr\u00fcnder\",\"breadcrumb\":{\"@id\":\"https:\/\/startupvalley.news\/de\/start-up-night\/#breadcrumb\"},\"inLanguage\":\"de\",\"potentialAction\":[{\"@type\":\"ReadAction\",\"target\":[\"https:\/\/startupvalley.news\/de\/start-up-night\/\"]}]},{\"@type\":\"ImageObject\",\"inLanguage\":\"de\",\"@id\":\"https:\/\/startupvalley.news\/de\/start-up-night\/#primaryimage\",\"url\":\"https:\/\/startupvalley.news\/de\/wp-content\/uploads\/sites\/2\/2024\/10\/SuN-Horb_Auditorium2.jpg\",\"contentUrl\":\"https:\/\/startupvalley.news\/de\/wp-content\/uploads\/sites\/2\/2024\/10\/SuN-Horb_Auditorium2.jpg\",\"width\":1200,\"height\":754,\"caption\":\"start up night horb auditorium 2\"},{\"@type\":\"BreadcrumbList\",\"@id\":\"https:\/\/startupvalley.news\/de\/start-up-night\/#breadcrumb\",\"itemListElement\":[{\"@type\":\"ListItem\",\"position\":1,\"name\":\"Home\",\"item\":\"https:\/\/startupvalley.news\/de\/\"},{\"@type\":\"ListItem\",\"position\":2,\"name\":\"Plattform f\u00fcr regionalen Gr\u00fcndergeist\"}]},{\"@type\":\"WebSite\",\"@id\":\"https:\/\/startupvalley.news\/de\/#website\",\"url\":\"https:\/\/startupvalley.news\/de\/\",\"name\":\"StartupValley\",\"description\":\"Die neuesten Trends der Startup-Szene: Finanzierung, Innovationen und Erfolgsgeschichten\",\"publisher\":{\"@id\":\"https:\/\/startupvalley.news\/de\/#organization\"},\"alternateName\":\"StartupValley Magazin\",\"potentialAction\":[{\"@type\":\"SearchAction\",\"target\":{\"@type\":\"EntryPoint\",\"urlTemplate\":\"https:\/\/startupvalley.news\/de\/?s={search_term_string}\"},\"query-input\":{\"@type\":\"PropertyValueSpecification\",\"valueRequired\":true,\"valueName\":\"search_term_string\"}}],\"inLanguage\":\"de\"},{\"@type\":\"Organization\",\"@id\":\"https:\/\/startupvalley.news\/de\/#organization\",\"name\":\"StartupValley Media\",\"url\":\"https:\/\/startupvalley.news\/de\/\",\"logo\":{\"@type\":\"ImageObject\",\"inLanguage\":\"de\",\"@id\":\"https:\/\/startupvalley.news\/de\/#\/schema\/logo\/image\/\",\"url\":\"https:\/\/startupvalley.news\/de\/wp-content\/uploads\/sites\/2\/2020\/12\/StartupValley-LOGO-neu-retina.png\",\"contentUrl\":\"https:\/\/startupvalley.news\/de\/wp-content\/uploads\/sites\/2\/2020\/12\/StartupValley-LOGO-neu-retina.png\",\"width\":460,\"height\":180,\"caption\":\"StartupValley Media\"},\"image\":{\"@id\":\"https:\/\/startupvalley.news\/de\/#\/schema\/logo\/image\/\"},\"sameAs\":[\"https:\/\/www.facebook.com\/startupvalleynews\",\"https:\/\/x.com\/startup_valley\",\"https:\/\/www.twitch.tv\/startupvalley\",\"https:\/\/www.linkedin.com\/company\/startupvalleymagazine\",\"https:\/\/www.instagram.com\/startup_valley\"]},{\"@type\":\"Person\",\"@id\":\"https:\/\/startupvalley.news\/de\/#\/schema\/person\/dc9abc71daa8d949d4f257f2e9883e00\",\"name\":\"StartupValley\",\"image\":{\"@type\":\"ImageObject\",\"inLanguage\":\"de\",\"@id\":\"https:\/\/startupvalley.news\/de\/#\/schema\/person\/image\/\",\"url\":\"https:\/\/secure.gravatar.com\/avatar\/6436ca57465a88bfa716825ebdd3bc23f850aaaa3a51d16da34504822452fa3a?s=96&d=mm&r=g\",\"contentUrl\":\"https:\/\/secure.gravatar.com\/avatar\/6436ca57465a88bfa716825ebdd3bc23f850aaaa3a51d16da34504822452fa3a?s=96&d=mm&r=g\",\"caption\":\"StartupValley\"},\"description\":\"Das StartupValley Magazin ist Europas gro\u00dfes Magazin f\u00fcr Start-ups, Gr\u00fcnder und Entrepreneure. Ihr findet bei uns Tagesaktuelle News zu den neuesten Trends, Technologien und Gesch\u00e4ftsmodellen der internationalen Startup-Szene sowie Interviews mit erfolgreichen Gr\u00fcndern und Investoren.\",\"url\":\"https:\/\/startupvalley.news\/de\/author\/redaktion\/\"}]}<\/script>\n<!-- \/ Yoast SEO Premium plugin. -->","yoast_head_json":{"title":"Start-up Night im Innovationspark Horb: Kreative Ideen pr\u00e4sentiert - StartupValley - Erfolgreich Gr\u00fcnden und durchstarten!","description":"Erfahren Sie bei der regionalen Start-Up Night im Innovationspark Horb mehr \u00fcber innovative Ideen und Gr\u00fcnderinnen und Gr\u00fcnder","robots":{"index":"index","follow":"follow","max-snippet":"max-snippet:-1","max-image-preview":"max-image-preview:large","max-video-preview":"max-video-preview:-1"},"canonical":"https:\/\/startupvalley.news\/de\/start-up-night\/","og_locale":"de_DE","og_type":"article","og_title":"Plattform f\u00fcr regionalen Gr\u00fcndergeist","og_description":"Erfahren Sie bei der regionalen Start-Up Night im Innovationspark Horb mehr \u00fcber innovative Ideen und Gr\u00fcnderinnen und Gr\u00fcnder","og_url":"https:\/\/startupvalley.news\/de\/start-up-night\/","og_site_name":"StartupValley - Erfolgreich Gr\u00fcnden und durchstarten!","article_publisher":"https:\/\/www.facebook.com\/startupvalleynews","article_published_time":"2024-10-23T05:43:05+00:00","article_modified_time":"2024-10-23T05:43:08+00:00","og_image":[{"width":1200,"height":754,"url":"https:\/\/startupvalley.news\/de\/wp-content\/uploads\/sites\/2\/2024\/10\/SuN-Horb_Auditorium2.jpg","type":"image\/jpeg"}],"author":"StartupValley","twitter_card":"summary_large_image","twitter_creator":"@startup_valley","twitter_site":"@startup_valley","twitter_misc":{"Verfasst von":"StartupValley","Gesch\u00e4tzte Lesezeit":"5\u00a0Minuten"},"schema":{"@context":"https:\/\/schema.org","@graph":[{"@type":"Article","@id":"https:\/\/startupvalley.news\/de\/start-up-night\/#article","isPartOf":{"@id":"https:\/\/startupvalley.news\/de\/start-up-night\/"},"author":{"name":"StartupValley","@id":"https:\/\/startupvalley.news\/de\/#\/schema\/person\/dc9abc71daa8d949d4f257f2e9883e00"},"headline":"Plattform f\u00fcr regionalen Gr\u00fcndergeist","datePublished":"2024-10-23T05:43:05+00:00","dateModified":"2024-10-23T05:43:08+00:00","mainEntityOfPage":{"@id":"https:\/\/startupvalley.news\/de\/start-up-night\/"},"wordCount":933,"publisher":{"@id":"https:\/\/startupvalley.news\/de\/#organization"},"image":{"@id":"https:\/\/startupvalley.news\/de\/start-up-night\/#primaryimage"},"thumbnailUrl":"https:\/\/startupvalley.news\/de\/wp-content\/uploads\/sites\/2\/2024\/10\/SuN-Horb_Auditorium2.jpg","keywords":["Gr\u00fcnder","Innovation","IT-Betreuung","kreative Ideen","Maschinensteuerung","Nordschwarzwald","Photovoltaik-Projekte","Reisen","Start-Up Night","Start-Up \u00d6kosystem","Vernetzung","Wirtschaftsf\u00f6rderung"],"articleSection":["Events &amp; Termine"],"inLanguage":"de","copyrightYear":"2024","copyrightHolder":{"@id":"https:\/\/startupvalley.news\/#organization"}},{"@type":"WebPage","@id":"https:\/\/startupvalley.news\/de\/start-up-night\/","url":"https:\/\/startupvalley.news\/de\/start-up-night\/","name":"Start-up Night im Innovationspark Horb: Kreative Ideen pr\u00e4sentiert - StartupValley - Erfolgreich Gr\u00fcnden und durchstarten!","isPartOf":{"@id":"https:\/\/startupvalley.news\/de\/#website"},"primaryImageOfPage":{"@id":"https:\/\/startupvalley.news\/de\/start-up-night\/#primaryimage"},"image":{"@id":"https:\/\/startupvalley.news\/de\/start-up-night\/#primaryimage"},"thumbnailUrl":"https:\/\/startupvalley.news\/de\/wp-content\/uploads\/sites\/2\/2024\/10\/SuN-Horb_Auditorium2.jpg","datePublished":"2024-10-23T05:43:05+00:00","dateModified":"2024-10-23T05:43:08+00:00","description":"Erfahren Sie bei der regionalen Start-Up Night im Innovationspark Horb mehr \u00fcber innovative Ideen und Gr\u00fcnderinnen und Gr\u00fcnder","breadcrumb":{"@id":"https:\/\/startupvalley.news\/de\/start-up-night\/#breadcrumb"},"inLanguage":"de","potentialAction":[{"@type":"ReadAction","target":["https:\/\/startupvalley.news\/de\/start-up-night\/"]}]},{"@type":"ImageObject","inLanguage":"de","@id":"https:\/\/startupvalley.news\/de\/start-up-night\/#primaryimage","url":"https:\/\/startupvalley.news\/de\/wp-content\/uploads\/sites\/2\/2024\/10\/SuN-Horb_Auditorium2.jpg","contentUrl":"https:\/\/startupvalley.news\/de\/wp-content\/uploads\/sites\/2\/2024\/10\/SuN-Horb_Auditorium2.jpg","width":1200,"height":754,"caption":"start up night horb auditorium 2"},{"@type":"BreadcrumbList","@id":"https:\/\/startupvalley.news\/de\/start-up-night\/#breadcrumb","itemListElement":[{"@type":"ListItem","position":1,"name":"Home","item":"https:\/\/startupvalley.news\/de\/"},{"@type":"ListItem","position":2,"name":"Plattform f\u00fcr regionalen Gr\u00fcndergeist"}]},{"@type":"WebSite","@id":"https:\/\/startupvalley.news\/de\/#website","url":"https:\/\/startupvalley.news\/de\/","name":"StartupValley","description":"Die neuesten Trends der Startup-Szene: Finanzierung, Innovationen und Erfolgsgeschichten","publisher":{"@id":"https:\/\/startupvalley.news\/de\/#organization"},"alternateName":"StartupValley Magazin","potentialAction":[{"@type":"SearchAction","target":{"@type":"EntryPoint","urlTemplate":"https:\/\/startupvalley.news\/de\/?s={search_term_string}"},"query-input":{"@type":"PropertyValueSpecification","valueRequired":true,"valueName":"search_term_string"}}],"inLanguage":"de"},{"@type":"Organization","@id":"https:\/\/startupvalley.news\/de\/#organization","name":"StartupValley Media","url":"https:\/\/startupvalley.news\/de\/","logo":{"@type":"ImageObject","inLanguage":"de","@id":"https:\/\/startupvalley.news\/de\/#\/schema\/logo\/image\/","url":"https:\/\/startupvalley.news\/de\/wp-content\/uploads\/sites\/2\/2020\/12\/StartupValley-LOGO-neu-retina.png","contentUrl":"https:\/\/startupvalley.news\/de\/wp-content\/uploads\/sites\/2\/2020\/12\/StartupValley-LOGO-neu-retina.png","width":460,"height":180,"caption":"StartupValley Media"},"image":{"@id":"https:\/\/startupvalley.news\/de\/#\/schema\/logo\/image\/"},"sameAs":["https:\/\/www.facebook.com\/startupvalleynews","https:\/\/x.com\/startup_valley","https:\/\/www.twitch.tv\/startupvalley","https:\/\/www.linkedin.com\/company\/startupvalleymagazine","https:\/\/www.instagram.com\/startup_valley"]},{"@type":"Person","@id":"https:\/\/startupvalley.news\/de\/#\/schema\/person\/dc9abc71daa8d949d4f257f2e9883e00","name":"StartupValley","image":{"@type":"ImageObject","inLanguage":"de","@id":"https:\/\/startupvalley.news\/de\/#\/schema\/person\/image\/","url":"https:\/\/secure.gravatar.com\/avatar\/6436ca57465a88bfa716825ebdd3bc23f850aaaa3a51d16da34504822452fa3a?s=96&d=mm&r=g","contentUrl":"https:\/\/secure.gravatar.com\/avatar\/6436ca57465a88bfa716825ebdd3bc23f850aaaa3a51d16da34504822452fa3a?s=96&d=mm&r=g","caption":"StartupValley"},"description":"Das StartupValley Magazin ist Europas gro\u00dfes Magazin f\u00fcr Start-ups, Gr\u00fcnder und Entrepreneure. Ihr findet bei uns Tagesaktuelle News zu den neuesten Trends, Technologien und Gesch\u00e4ftsmodellen der internationalen Startup-Szene sowie Interviews mit erfolgreichen Gr\u00fcndern und Investoren.","url":"https:\/\/startupvalley.news\/de\/author\/redaktion\/"}]}},"_links":{"self":[{"href":"https:\/\/startupvalley.news\/de\/wp-json\/wp\/v2\/posts\/109845","targetHints":{"allow":["GET"]}}],"collection":[{"href":"https:\/\/startupvalley.news\/de\/wp-json\/wp\/v2\/posts"}],"about":[{"href":"https:\/\/startupvalley.news\/de\/wp-json\/wp\/v2\/types\/post"}],"author":[{"embeddable":true,"href":"https:\/\/startupvalley.news\/de\/wp-json\/wp\/v2\/users\/9"}],"replies":[{"embeddable":true,"href":"https:\/\/startupvalley.news\/de\/wp-json\/wp\/v2\/comments?post=109845"}],"version-history":[{"count":2,"href":"https:\/\/startupvalley.news\/de\/wp-json\/wp\/v2\/posts\/109845\/revisions"}],"predecessor-version":[{"id":109855,"href":"https:\/\/startupvalley.news\/de\/wp-json\/wp\/v2\/posts\/109845\/revisions\/109855"}],"wp:featuredmedia":[{"embeddable":true,"href":"https:\/\/startupvalley.news\/de\/wp-json\/wp\/v2\/media\/109846"}],"wp:attachment":[{"href":"https:\/\/startupvalley.news\/de\/wp-json\/wp\/v2\/media?parent=109845"}],"wp:term":[{"taxonomy":"category","embeddable":true,"href":"https:\/\/startupvalley.news\/de\/wp-json\/wp\/v2\/categories?post=109845"},{"taxonomy":"post_tag","embeddable":true,"href":"https:\/\/startupvalley.news\/de\/wp-json\/wp\/v2\/tags?post=109845"}],"curies":[{"name":"wp","href":"https:\/\/api.w.org\/{rel}","templated":true}]}}