{"id":122742,"date":"2026-04-30T07:54:44","date_gmt":"2026-04-30T05:54:44","guid":{"rendered":"https:\/\/startupvalley.news\/de\/?p=122742"},"modified":"2026-04-30T07:54:45","modified_gmt":"2026-04-30T05:54:45","slug":"andcharge-finanzierung-5-millionen-euro","status":"publish","type":"post","link":"https:\/\/startupvalley.news\/de\/andcharge-finanzierung-5-millionen-euro\/","title":{"rendered":"&amp;Charge Finanzierung bringt 5 Millionen Euro f\u00fcr bessere Ladeinfrastruktur"},"content":{"rendered":"\n<div class=\"wp-block-yoast-seo-table-of-contents yoast-table-of-contents\"><h2>Inhaltsverzeichnis<\/h2><ul><li><a href=\"#h-amp-charge-finanzierung-amp-charge-erhalt-5-millionen-euro-series-a-finanzierung-fur-zuverlassigere-ev-ladeinfrastruktur-in-europa\" data-level=\"2\">&amp;Charge Finanzierung: &amp;Charge erh\u00e4lt 5 Millionen Euro Series-A-Finanzierung f\u00fcr zuverl\u00e4ssigere EV-Ladeinfrastruktur in Europa<\/a><ul><li><a href=\"#h-amp-charge-finanzierung-starkt-ausbau-der-ladeinfrastruktur\" data-level=\"3\">&amp;Charge Finanzierung st\u00e4rkt Ausbau der Ladeinfrastruktur<\/a><\/li><li><a href=\"#h-amp-charge-finanzierung-adressiert-probleme-vor-ort-bei-ladepunkten\" data-level=\"3\">&amp;Charge Finanzierung adressiert Probleme vor Ort bei Ladepunkten<\/a><\/li><li><a href=\"#h-amp-charge-finanzierung-treibt-plattform-fur-elektromobilitat-voran\" data-level=\"3\">&amp;Charge Finanzierung treibt Plattform f\u00fcr Elektromobilit\u00e4t voran<\/a><\/li><\/ul><\/li><\/ul><\/div>\n\n\n\n<h2 class=\"wp-block-heading\" id=\"h-amp-charge-finanzierung-amp-charge-erhalt-5-millionen-euro-series-a-finanzierung-fur-zuverlassigere-ev-ladeinfrastruktur-in-europa\">&amp;Charge Finanzierung: &amp;Charge erh\u00e4lt 5 Millionen Euro Series-A-Finanzierung f\u00fcr zuverl\u00e4ssigere EV-Ladeinfrastruktur in Europa<\/h2>\n\n\n\n<h3 class=\"wp-block-heading\" id=\"h-amp-charge-finanzierung-starkt-ausbau-der-ladeinfrastruktur\">&amp;Charge Finanzierung st\u00e4rkt Ausbau der Ladeinfrastruktur<\/h3>\n\n\n\n<p>Frankfurt am Main, 21.04.2026 \u2013 Das auf Betriebstechnologie f\u00fcr Elektrofahrzeuge spezialisierte Unternehmen &amp;Charge hat in einer Serie-A-Finanzierungsrunde 5 Millionen Euro eingesammelt, um die Entwicklung seiner Betriebsplattform voranzutreiben und seine Pr\u00e4senz auf dem schnell wachsenden europ\u00e4ischen Markt f\u00fcr Ladeinfrastruktur f\u00fcr Elektrofahrzeuge auszubauen. Diese &amp;Charge Finanzierung wurde von der Warsaw Equity Group angef\u00fchrt, unter Beteiligung von InnoEnergy, Redstone und Porsche Ventures.<\/p>\n\n\n\n<p>W\u00e4hrend \u00f6ffentliche Ladenetzwerke skalieren, wird die Verf\u00fcgbarkeit zunehmend davon bestimmt, was vor Ort geschieht: Probleme beim Zugang zu Standorten, Hardware-Verschlei\u00df, Vandalismus, blockierte Ladepl\u00e4tze und die Koordination von Servicepartnern. Ladepunktbetreibern fehlt h\u00e4ufig die Sichtbarkeit dar\u00fcber, was an ihren Lade-Standorten passiert, da reine Softwarel\u00f6sungen viele Probleme vor Ort und reale Bedingungen nicht erfassen.<\/p>\n\n\n\n<h3 class=\"wp-block-heading\" id=\"h-amp-charge-finanzierung-adressiert-probleme-vor-ort-bei-ladepunkten\">&amp;Charge Finanzierung adressiert Probleme vor Ort bei Ladepunkten<\/h3>\n\n\n\n<p>Die Realit\u00e4t vor Ort in zuverl\u00e4ssige Abl\u00e4ufe umsetzen<\/p>\n\n\n\n<p>&amp;Charge unterst\u00fctzt Betreiber von Ladestationen (CPOs) dabei, Probleme vor Ort zu erkennen und zu beheben, die bei der Fern\u00fcberwachung oft \u00fcbersehen werden, wie beispielsweise defekte Stecker oder Kabel, blockierte Ladepl\u00e4tze, fehlende Beschilderung oder Zugangsbeschr\u00e4nkungen. Das Hybridmodell kombiniert eine SaaS-Plattform mit einer dezentralen Ausf\u00fchrungsschicht und nutzt eine Community aus Elektroautofahrern und lokalen Servicepartnern, um Felddaten zu sammeln und Aufgaben vor Ort zu erledigen. Dadurch k\u00f6nnen Betreiber Ma\u00dfnahmen nach ihrer Auswirkung priorisieren, Servicepartner entsenden und die L\u00f6sung \u00fcberpr\u00fcfen, wodurch ein geschlossener Kreislauf zwischen digitaler \u00dcberwachung und Ausf\u00fchrung vor Ort entsteht.<\/p>\n\n\n\n<p>Heute unterst\u00fctzt &amp;Charge f\u00fchrende CPO-Anbieter wie Ionity, Electra und Allego in zahlreichen europ\u00e4ischen M\u00e4rkten und verwaltet \u00fcber 50.000 Ladepunkte.<\/p>\n\n\n\n<p>Mit der neuen Finanzierung wird das Unternehmen eine Steuerungsebene f\u00fcr den t\u00e4glichen Betrieb aufbauen, die Felddaten, Nutzungsdaten und ein dezentrales Netzwerk von Servicepartnern in einem einzigen Betriebssystem zusammenf\u00fchrt.<\/p>\n\n\n\n<p>\u201eMit dem Wachstum der Ladenetzwerke reicht die Verf\u00fcgbarkeit allein nicht mehr aus; Betreiber m\u00fcssen wissen, was Fahrer vor Ort tats\u00e4chlich erleben\u201c, sagte <a href=\"https:\/\/www.linkedin.com\/in\/eugen-letkemann-7026b8191\/\" target=\"_blank\" rel=\"noreferrer noopener\">Eugen Letkemann<\/a>, Mitbegr\u00fcnder von &amp;Charge. \u201eWir wandeln vor Ort \u00fcberpr\u00fcfte Bedingungen in priorisierte Ma\u00dfnahmen um und helfen Teams, schneller zu handeln, wodurch Ausfallzeiten reduziert und das Ladeerlebnis verbessert werden.\u201c<\/p>\n\n\n\n<h3 class=\"wp-block-heading\" id=\"h-amp-charge-finanzierung-treibt-plattform-fur-elektromobilitat-voran\">&amp;Charge Finanzierung treibt Plattform f\u00fcr Elektromobilit\u00e4t voran<\/h3>\n\n\n\n<p>Starke Unterst\u00fctzung durch Investoren f\u00fcr den Ausbau des Ladeinfrastrukturangebots f\u00fcr Elektrofahrzeuge<\/p>\n\n\n\n<p>\u201e&amp;Charge hat bei f\u00fchrenden Betreibern eine starke Produkt-Markt-Passung unter Beweis gestellt und w\u00e4chst rasant\u201c, kommentierte <a href=\"https:\/\/www.linkedin.com\/in\/jakub-glowaczewski\/\" target=\"_blank\" rel=\"noreferrer noopener\">Jakub G\u0142owaczewski<\/a>, Investor bei der Warsaw Equity Group. \u201eWas uns \u00fcberzeugt hat, ist die Klarheit des Problems: Ladenetzwerke k\u00f6nnen ohne ein System, das die Realit\u00e4t vor Ort mit der Umsetzung verbindet, keine Infrastruktur-taugliche Zuverl\u00e4ssigkeit erreichen. &amp;Charge baut diese operative Steuerungsebene auf, und wir freuen uns darauf, das Team bei seiner Expansion in ganz Europa zu unterst\u00fctzen.\u201c<\/p>\n\n\n\n<p>InnoEnergy investierte erstmals im Dezember 2023 in &amp;Charge und hat das Unternehmen seitdem durch Marktzugang, strategische Kontakte und Unterst\u00fctzung bei der Kapitalbeschaffung weiter gef\u00f6rdert. Diese Folgeinvestition, an der sich auch WEG als Wachstumsinvestor beteiligt, spiegelt das Vertrauen in die Fortschritte von &amp;Charge wider, darunter die ersten Erfolge bei Ladestationsbetreibern, die Produktverfeinerung und die Validierung der betrieblichen Erkenntnisse.<\/p>\n\n\n\n<p>\u201eDie Gew\u00e4hrleistung der Zuverl\u00e4ssigkeit der \u00f6ffentlichen Ladeinfrastruktur ist eine zentrale Priorit\u00e4t f\u00fcr den \u00dcbergang zur Elektromobilit\u00e4t\u201c, sagte Christian Bauer, CEO Dach bei InnoEnergy. \u201e&amp;Charge hat gezeigt, wie wertvoll es ist, Erkenntnisse aus der Praxis in betriebliche Verbesserungen f\u00fcr Ladenetzwerke umzusetzen, und wir freuen uns darauf, unsere Partnerschaft zu vertiefen, w\u00e4hrend das Unternehmen in ganz Europa expandiert.\u201c<\/p>\n\n\n\n<p>&amp;Charge hat sich zum Ziel gesetzt, die operative Ebene f\u00fcr die Ladeinfrastruktur aufzubauen und die fragmentierte Realit\u00e4t vor Ort in einen zuverl\u00e4ssigen und skalierbaren Netzwerkbetrieb zu verwandeln.<\/p>\n\n\n\n<p>Bildcredit privat<\/p>\n\n\n\n<p class=\"has-text-align-right\">Quelle DWR eco GmbH<\/p>\n\n\n\n<ul class=\"wp-block-yoast-seo-related-links yoast-seo-related-links\">\n<li><a href=\"https:\/\/startupvalley.news\/de\/bmw-plug-charge-kreditkarte-laden-elektroauto\/\">BMW Plug &amp; Charge: Elektroauto wird zur Kreditkarte beim Laden<\/a><\/li>\n\n\n\n<li><a href=\"https:\/\/startupvalley.news\/de\/mg4-ev-urban-elektroauto-analyse\/\">MG4 EV Urban: Elektroauto f\u00fcr den Massenmarkt<\/a><\/li>\n\n\n\n<li><a href=\"https:\/\/startupvalley.news\/de\/chargex\/\">Spart nicht an der falschen Ecke<\/a><\/li>\n\n\n\n<li><a href=\"https:\/\/startupvalley.news\/de\/sash-vegane-naturkosmetik\/\">Marktanalyse machen<\/a><\/li>\n\n\n\n<li><a href=\"https:\/\/startupvalley.news\/de\/elektromobilitaet-ladeinfrastruktur\/\">Elektromobilit\u00e4t im Unternehmensalltag<\/a><\/li>\n<\/ul>\n","protected":false},"excerpt":{"rendered":"<p>&#038;Charge erh\u00e4lt 5 Millionen Euro, um seine Plattform f\u00fcr eine zuverl\u00e4ssigere Ladeinfrastruktur f\u00fcr Elektrofahrzeuge in Europa auszubauen.<\/p>\n","protected":false},"author":9,"featured_media":123106,"comment_status":"closed","ping_status":"open","sticky":false,"template":"","format":"standard","meta":{"_acf_changed":false,"footnotes":""},"categories":[10654],"tags":[29460,1201,29462,1202,29461],"class_list":{"0":"post-122742","1":"post","2":"type-post","3":"status-publish","4":"format-standard","5":"has-post-thumbnail","7":"category-finanzierung","8":"tag-charge-2","9":"tag-elektromobilitaet","10":"tag-ev-charging","11":"tag-ladeinfrastruktur","12":"tag-startup-finanzierung-2"},"acf":[],"yoast_head":"<!-- This site is optimized with the Yoast SEO Premium plugin v26.7 (Yoast SEO v26.7) - https:\/\/yoast.com\/wordpress\/plugins\/seo\/ -->\n<title>&amp;Charge Finanzierung 5 Mio Euro f\u00fcr EV Ladeplattform<\/title>\n<meta name=\"description\" content=\"&amp;Charge Finanzierung sichert 5 Mio Euro f\u00fcr bessere EV Ladeinfrastruktur in Europa und optimiert Betrieb und Verf\u00fcgbarkeit von Ladepunkten\" \/>\n<meta name=\"robots\" content=\"index, follow, max-snippet:-1, max-image-preview:large, max-video-preview:-1\" \/>\n<link rel=\"canonical\" href=\"https:\/\/startupvalley.news\/de\/andcharge-finanzierung-5-millionen-euro\/\" \/>\n<meta property=\"og:locale\" content=\"de_DE\" \/>\n<meta property=\"og:type\" content=\"article\" \/>\n<meta property=\"og:title\" content=\"&amp;Charge Finanzierung bringt 5 Millionen Euro f\u00fcr bessere Ladeinfrastruktur\" \/>\n<meta property=\"og:description\" content=\"&amp;Charge Finanzierung sichert 5 Mio Euro f\u00fcr bessere EV Ladeinfrastruktur in Europa und optimiert Betrieb und Verf\u00fcgbarkeit von Ladepunkten\" \/>\n<meta property=\"og:url\" content=\"https:\/\/startupvalley.news\/de\/andcharge-finanzierung-5-millionen-euro\/\" \/>\n<meta property=\"og:site_name\" content=\"StartupValley - Erfolgreich Gr\u00fcnden und durchstarten!\" \/>\n<meta property=\"article:publisher\" content=\"https:\/\/www.facebook.com\/startupvalleynews\" \/>\n<meta property=\"article:published_time\" content=\"2026-04-30T05:54:44+00:00\" \/>\n<meta property=\"article:modified_time\" content=\"2026-04-30T05:54:45+00:00\" \/>\n<meta property=\"og:image\" content=\"https:\/\/startupvalley.news\/de\/wp-content\/uploads\/sites\/2\/2026\/04\/Charge-Team.jpg\" \/>\n\t<meta property=\"og:image:width\" content=\"1200\" \/>\n\t<meta property=\"og:image:height\" content=\"1179\" \/>\n\t<meta property=\"og:image:type\" content=\"image\/jpeg\" \/>\n<meta name=\"author\" content=\"StartupValley\" \/>\n<meta name=\"twitter:card\" content=\"summary_large_image\" \/>\n<meta name=\"twitter:creator\" content=\"@startup_valley\" \/>\n<meta name=\"twitter:site\" content=\"@startup_valley\" \/>\n<meta name=\"twitter:label1\" content=\"Verfasst von\" \/>\n\t<meta name=\"twitter:data1\" content=\"StartupValley\" \/>\n\t<meta name=\"twitter:label2\" content=\"Gesch\u00e4tzte Lesezeit\" \/>\n\t<meta name=\"twitter:data2\" content=\"4\u00a0Minuten\" \/>\n<script type=\"application\/ld+json\" class=\"yoast-schema-graph\">{\"@context\":\"https:\/\/schema.org\",\"@graph\":[{\"@type\":\"Article\",\"@id\":\"https:\/\/startupvalley.news\/de\/andcharge-finanzierung-5-millionen-euro\/#article\",\"isPartOf\":{\"@id\":\"https:\/\/startupvalley.news\/de\/andcharge-finanzierung-5-millionen-euro\/\"},\"author\":{\"name\":\"StartupValley\",\"@id\":\"https:\/\/startupvalley.news\/de\/#\/schema\/person\/dc9abc71daa8d949d4f257f2e9883e00\"},\"headline\":\"&amp;Charge Finanzierung bringt 5 Millionen Euro f\u00fcr bessere Ladeinfrastruktur\",\"datePublished\":\"2026-04-30T05:54:44+00:00\",\"dateModified\":\"2026-04-30T05:54:45+00:00\",\"mainEntityOfPage\":{\"@id\":\"https:\/\/startupvalley.news\/de\/andcharge-finanzierung-5-millionen-euro\/\"},\"wordCount\":727,\"publisher\":{\"@id\":\"https:\/\/startupvalley.news\/de\/#organization\"},\"image\":{\"@id\":\"https:\/\/startupvalley.news\/de\/andcharge-finanzierung-5-millionen-euro\/#primaryimage\"},\"thumbnailUrl\":\"https:\/\/startupvalley.news\/de\/wp-content\/uploads\/sites\/2\/2026\/04\/Charge-Team.jpg\",\"keywords\":[\"&amp;Charge\",\"Elektromobilit\u00e4t\",\"EV Charging\",\"Ladeinfrastruktur\",\"Startup Finanzierung\"],\"articleSection\":[\"Finanzierung\"],\"inLanguage\":\"de\",\"copyrightYear\":\"2026\",\"copyrightHolder\":{\"@id\":\"https:\/\/startupvalley.news\/#organization\"},\"accessibilityFeature\":[\"tableOfContents\"]},{\"@type\":\"WebPage\",\"@id\":\"https:\/\/startupvalley.news\/de\/andcharge-finanzierung-5-millionen-euro\/\",\"url\":\"https:\/\/startupvalley.news\/de\/andcharge-finanzierung-5-millionen-euro\/\",\"name\":\"&Charge Finanzierung 5 Mio Euro f\u00fcr EV Ladeplattform\",\"isPartOf\":{\"@id\":\"https:\/\/startupvalley.news\/de\/#website\"},\"primaryImageOfPage\":{\"@id\":\"https:\/\/startupvalley.news\/de\/andcharge-finanzierung-5-millionen-euro\/#primaryimage\"},\"image\":{\"@id\":\"https:\/\/startupvalley.news\/de\/andcharge-finanzierung-5-millionen-euro\/#primaryimage\"},\"thumbnailUrl\":\"https:\/\/startupvalley.news\/de\/wp-content\/uploads\/sites\/2\/2026\/04\/Charge-Team.jpg\",\"datePublished\":\"2026-04-30T05:54:44+00:00\",\"dateModified\":\"2026-04-30T05:54:45+00:00\",\"description\":\"&Charge Finanzierung sichert 5 Mio Euro f\u00fcr bessere EV Ladeinfrastruktur in Europa und optimiert Betrieb und Verf\u00fcgbarkeit von Ladepunkten\",\"breadcrumb\":{\"@id\":\"https:\/\/startupvalley.news\/de\/andcharge-finanzierung-5-millionen-euro\/#breadcrumb\"},\"inLanguage\":\"de\",\"potentialAction\":[{\"@type\":\"ReadAction\",\"target\":[\"https:\/\/startupvalley.news\/de\/andcharge-finanzierung-5-millionen-euro\/\"]}]},{\"@type\":\"ImageObject\",\"inLanguage\":\"de\",\"@id\":\"https:\/\/startupvalley.news\/de\/andcharge-finanzierung-5-millionen-euro\/#primaryimage\",\"url\":\"https:\/\/startupvalley.news\/de\/wp-content\/uploads\/sites\/2\/2026\/04\/Charge-Team.jpg\",\"contentUrl\":\"https:\/\/startupvalley.news\/de\/wp-content\/uploads\/sites\/2\/2026\/04\/Charge-Team.jpg\",\"width\":1200,\"height\":1179,\"caption\":\"&Charge Finanzierung\"},{\"@type\":\"BreadcrumbList\",\"@id\":\"https:\/\/startupvalley.news\/de\/andcharge-finanzierung-5-millionen-euro\/#breadcrumb\",\"itemListElement\":[{\"@type\":\"ListItem\",\"position\":1,\"name\":\"Home\",\"item\":\"https:\/\/startupvalley.news\/de\/\"},{\"@type\":\"ListItem\",\"position\":2,\"name\":\"&amp;Charge Finanzierung bringt 5 Millionen Euro f\u00fcr bessere Ladeinfrastruktur\"}]},{\"@type\":\"WebSite\",\"@id\":\"https:\/\/startupvalley.news\/de\/#website\",\"url\":\"https:\/\/startupvalley.news\/de\/\",\"name\":\"StartupValley\",\"description\":\"Die neuesten Trends der Startup-Szene: Finanzierung, Innovationen und Erfolgsgeschichten\",\"publisher\":{\"@id\":\"https:\/\/startupvalley.news\/de\/#organization\"},\"alternateName\":\"StartupValley Magazin\",\"potentialAction\":[{\"@type\":\"SearchAction\",\"target\":{\"@type\":\"EntryPoint\",\"urlTemplate\":\"https:\/\/startupvalley.news\/de\/?s={search_term_string}\"},\"query-input\":{\"@type\":\"PropertyValueSpecification\",\"valueRequired\":true,\"valueName\":\"search_term_string\"}}],\"inLanguage\":\"de\"},{\"@type\":\"Organization\",\"@id\":\"https:\/\/startupvalley.news\/de\/#organization\",\"name\":\"StartupValley Media\",\"url\":\"https:\/\/startupvalley.news\/de\/\",\"logo\":{\"@type\":\"ImageObject\",\"inLanguage\":\"de\",\"@id\":\"https:\/\/startupvalley.news\/de\/#\/schema\/logo\/image\/\",\"url\":\"https:\/\/startupvalley.news\/de\/wp-content\/uploads\/sites\/2\/2020\/12\/StartupValley-LOGO-neu-retina.png\",\"contentUrl\":\"https:\/\/startupvalley.news\/de\/wp-content\/uploads\/sites\/2\/2020\/12\/StartupValley-LOGO-neu-retina.png\",\"width\":460,\"height\":180,\"caption\":\"StartupValley Media\"},\"image\":{\"@id\":\"https:\/\/startupvalley.news\/de\/#\/schema\/logo\/image\/\"},\"sameAs\":[\"https:\/\/www.facebook.com\/startupvalleynews\",\"https:\/\/x.com\/startup_valley\",\"https:\/\/www.twitch.tv\/startupvalley\",\"https:\/\/www.linkedin.com\/company\/startupvalleymagazine\",\"https:\/\/www.instagram.com\/startup_valley\"]},{\"@type\":\"Person\",\"@id\":\"https:\/\/startupvalley.news\/de\/#\/schema\/person\/dc9abc71daa8d949d4f257f2e9883e00\",\"name\":\"StartupValley\",\"image\":{\"@type\":\"ImageObject\",\"inLanguage\":\"de\",\"@id\":\"https:\/\/startupvalley.news\/de\/#\/schema\/person\/image\/\",\"url\":\"https:\/\/secure.gravatar.com\/avatar\/6436ca57465a88bfa716825ebdd3bc23f850aaaa3a51d16da34504822452fa3a?s=96&d=mm&r=g\",\"contentUrl\":\"https:\/\/secure.gravatar.com\/avatar\/6436ca57465a88bfa716825ebdd3bc23f850aaaa3a51d16da34504822452fa3a?s=96&d=mm&r=g\",\"caption\":\"StartupValley\"},\"description\":\"Das StartupValley Magazin ist Europas gro\u00dfes Magazin f\u00fcr Start-ups, Gr\u00fcnder und Entrepreneure. Ihr findet bei uns Tagesaktuelle News zu den neuesten Trends, Technologien und Gesch\u00e4ftsmodellen der internationalen Startup-Szene sowie Interviews mit erfolgreichen Gr\u00fcndern und Investoren.\",\"url\":\"https:\/\/startupvalley.news\/de\/author\/redaktion\/\"}]}<\/script>\n<!-- \/ Yoast SEO Premium plugin. -->","yoast_head_json":{"title":"&Charge Finanzierung 5 Mio Euro f\u00fcr EV Ladeplattform","description":"&Charge Finanzierung sichert 5 Mio Euro f\u00fcr bessere EV Ladeinfrastruktur in Europa und optimiert Betrieb und Verf\u00fcgbarkeit von Ladepunkten","robots":{"index":"index","follow":"follow","max-snippet":"max-snippet:-1","max-image-preview":"max-image-preview:large","max-video-preview":"max-video-preview:-1"},"canonical":"https:\/\/startupvalley.news\/de\/andcharge-finanzierung-5-millionen-euro\/","og_locale":"de_DE","og_type":"article","og_title":"&amp;Charge Finanzierung bringt 5 Millionen Euro f\u00fcr bessere Ladeinfrastruktur","og_description":"&Charge Finanzierung sichert 5 Mio Euro f\u00fcr bessere EV Ladeinfrastruktur in Europa und optimiert Betrieb und Verf\u00fcgbarkeit von Ladepunkten","og_url":"https:\/\/startupvalley.news\/de\/andcharge-finanzierung-5-millionen-euro\/","og_site_name":"StartupValley - Erfolgreich Gr\u00fcnden und durchstarten!","article_publisher":"https:\/\/www.facebook.com\/startupvalleynews","article_published_time":"2026-04-30T05:54:44+00:00","article_modified_time":"2026-04-30T05:54:45+00:00","og_image":[{"width":1200,"height":1179,"url":"https:\/\/startupvalley.news\/de\/wp-content\/uploads\/sites\/2\/2026\/04\/Charge-Team.jpg","type":"image\/jpeg"}],"author":"StartupValley","twitter_card":"summary_large_image","twitter_creator":"@startup_valley","twitter_site":"@startup_valley","twitter_misc":{"Verfasst von":"StartupValley","Gesch\u00e4tzte Lesezeit":"4\u00a0Minuten"},"schema":{"@context":"https:\/\/schema.org","@graph":[{"@type":"Article","@id":"https:\/\/startupvalley.news\/de\/andcharge-finanzierung-5-millionen-euro\/#article","isPartOf":{"@id":"https:\/\/startupvalley.news\/de\/andcharge-finanzierung-5-millionen-euro\/"},"author":{"name":"StartupValley","@id":"https:\/\/startupvalley.news\/de\/#\/schema\/person\/dc9abc71daa8d949d4f257f2e9883e00"},"headline":"&amp;Charge Finanzierung bringt 5 Millionen Euro f\u00fcr bessere Ladeinfrastruktur","datePublished":"2026-04-30T05:54:44+00:00","dateModified":"2026-04-30T05:54:45+00:00","mainEntityOfPage":{"@id":"https:\/\/startupvalley.news\/de\/andcharge-finanzierung-5-millionen-euro\/"},"wordCount":727,"publisher":{"@id":"https:\/\/startupvalley.news\/de\/#organization"},"image":{"@id":"https:\/\/startupvalley.news\/de\/andcharge-finanzierung-5-millionen-euro\/#primaryimage"},"thumbnailUrl":"https:\/\/startupvalley.news\/de\/wp-content\/uploads\/sites\/2\/2026\/04\/Charge-Team.jpg","keywords":["&amp;Charge","Elektromobilit\u00e4t","EV Charging","Ladeinfrastruktur","Startup Finanzierung"],"articleSection":["Finanzierung"],"inLanguage":"de","copyrightYear":"2026","copyrightHolder":{"@id":"https:\/\/startupvalley.news\/#organization"},"accessibilityFeature":["tableOfContents"]},{"@type":"WebPage","@id":"https:\/\/startupvalley.news\/de\/andcharge-finanzierung-5-millionen-euro\/","url":"https:\/\/startupvalley.news\/de\/andcharge-finanzierung-5-millionen-euro\/","name":"&Charge Finanzierung 5 Mio Euro f\u00fcr EV Ladeplattform","isPartOf":{"@id":"https:\/\/startupvalley.news\/de\/#website"},"primaryImageOfPage":{"@id":"https:\/\/startupvalley.news\/de\/andcharge-finanzierung-5-millionen-euro\/#primaryimage"},"image":{"@id":"https:\/\/startupvalley.news\/de\/andcharge-finanzierung-5-millionen-euro\/#primaryimage"},"thumbnailUrl":"https:\/\/startupvalley.news\/de\/wp-content\/uploads\/sites\/2\/2026\/04\/Charge-Team.jpg","datePublished":"2026-04-30T05:54:44+00:00","dateModified":"2026-04-30T05:54:45+00:00","description":"&Charge Finanzierung sichert 5 Mio Euro f\u00fcr bessere EV Ladeinfrastruktur in Europa und optimiert Betrieb und Verf\u00fcgbarkeit von Ladepunkten","breadcrumb":{"@id":"https:\/\/startupvalley.news\/de\/andcharge-finanzierung-5-millionen-euro\/#breadcrumb"},"inLanguage":"de","potentialAction":[{"@type":"ReadAction","target":["https:\/\/startupvalley.news\/de\/andcharge-finanzierung-5-millionen-euro\/"]}]},{"@type":"ImageObject","inLanguage":"de","@id":"https:\/\/startupvalley.news\/de\/andcharge-finanzierung-5-millionen-euro\/#primaryimage","url":"https:\/\/startupvalley.news\/de\/wp-content\/uploads\/sites\/2\/2026\/04\/Charge-Team.jpg","contentUrl":"https:\/\/startupvalley.news\/de\/wp-content\/uploads\/sites\/2\/2026\/04\/Charge-Team.jpg","width":1200,"height":1179,"caption":"&Charge Finanzierung"},{"@type":"BreadcrumbList","@id":"https:\/\/startupvalley.news\/de\/andcharge-finanzierung-5-millionen-euro\/#breadcrumb","itemListElement":[{"@type":"ListItem","position":1,"name":"Home","item":"https:\/\/startupvalley.news\/de\/"},{"@type":"ListItem","position":2,"name":"&amp;Charge Finanzierung bringt 5 Millionen Euro f\u00fcr bessere Ladeinfrastruktur"}]},{"@type":"WebSite","@id":"https:\/\/startupvalley.news\/de\/#website","url":"https:\/\/startupvalley.news\/de\/","name":"StartupValley","description":"Die neuesten Trends der Startup-Szene: Finanzierung, Innovationen und Erfolgsgeschichten","publisher":{"@id":"https:\/\/startupvalley.news\/de\/#organization"},"alternateName":"StartupValley Magazin","potentialAction":[{"@type":"SearchAction","target":{"@type":"EntryPoint","urlTemplate":"https:\/\/startupvalley.news\/de\/?s={search_term_string}"},"query-input":{"@type":"PropertyValueSpecification","valueRequired":true,"valueName":"search_term_string"}}],"inLanguage":"de"},{"@type":"Organization","@id":"https:\/\/startupvalley.news\/de\/#organization","name":"StartupValley Media","url":"https:\/\/startupvalley.news\/de\/","logo":{"@type":"ImageObject","inLanguage":"de","@id":"https:\/\/startupvalley.news\/de\/#\/schema\/logo\/image\/","url":"https:\/\/startupvalley.news\/de\/wp-content\/uploads\/sites\/2\/2020\/12\/StartupValley-LOGO-neu-retina.png","contentUrl":"https:\/\/startupvalley.news\/de\/wp-content\/uploads\/sites\/2\/2020\/12\/StartupValley-LOGO-neu-retina.png","width":460,"height":180,"caption":"StartupValley Media"},"image":{"@id":"https:\/\/startupvalley.news\/de\/#\/schema\/logo\/image\/"},"sameAs":["https:\/\/www.facebook.com\/startupvalleynews","https:\/\/x.com\/startup_valley","https:\/\/www.twitch.tv\/startupvalley","https:\/\/www.linkedin.com\/company\/startupvalleymagazine","https:\/\/www.instagram.com\/startup_valley"]},{"@type":"Person","@id":"https:\/\/startupvalley.news\/de\/#\/schema\/person\/dc9abc71daa8d949d4f257f2e9883e00","name":"StartupValley","image":{"@type":"ImageObject","inLanguage":"de","@id":"https:\/\/startupvalley.news\/de\/#\/schema\/person\/image\/","url":"https:\/\/secure.gravatar.com\/avatar\/6436ca57465a88bfa716825ebdd3bc23f850aaaa3a51d16da34504822452fa3a?s=96&d=mm&r=g","contentUrl":"https:\/\/secure.gravatar.com\/avatar\/6436ca57465a88bfa716825ebdd3bc23f850aaaa3a51d16da34504822452fa3a?s=96&d=mm&r=g","caption":"StartupValley"},"description":"Das StartupValley Magazin ist Europas gro\u00dfes Magazin f\u00fcr Start-ups, Gr\u00fcnder und Entrepreneure. Ihr findet bei uns Tagesaktuelle News zu den neuesten Trends, Technologien und Gesch\u00e4ftsmodellen der internationalen Startup-Szene sowie Interviews mit erfolgreichen Gr\u00fcndern und Investoren.","url":"https:\/\/startupvalley.news\/de\/author\/redaktion\/"}]}},"_links":{"self":[{"href":"https:\/\/startupvalley.news\/de\/wp-json\/wp\/v2\/posts\/122742","targetHints":{"allow":["GET"]}}],"collection":[{"href":"https:\/\/startupvalley.news\/de\/wp-json\/wp\/v2\/posts"}],"about":[{"href":"https:\/\/startupvalley.news\/de\/wp-json\/wp\/v2\/types\/post"}],"author":[{"embeddable":true,"href":"https:\/\/startupvalley.news\/de\/wp-json\/wp\/v2\/users\/9"}],"replies":[{"embeddable":true,"href":"https:\/\/startupvalley.news\/de\/wp-json\/wp\/v2\/comments?post=122742"}],"version-history":[{"count":2,"href":"https:\/\/startupvalley.news\/de\/wp-json\/wp\/v2\/posts\/122742\/revisions"}],"predecessor-version":[{"id":123107,"href":"https:\/\/startupvalley.news\/de\/wp-json\/wp\/v2\/posts\/122742\/revisions\/123107"}],"wp:featuredmedia":[{"embeddable":true,"href":"https:\/\/startupvalley.news\/de\/wp-json\/wp\/v2\/media\/123106"}],"wp:attachment":[{"href":"https:\/\/startupvalley.news\/de\/wp-json\/wp\/v2\/media?parent=122742"}],"wp:term":[{"taxonomy":"category","embeddable":true,"href":"https:\/\/startupvalley.news\/de\/wp-json\/wp\/v2\/categories?post=122742"},{"taxonomy":"post_tag","embeddable":true,"href":"https:\/\/startupvalley.news\/de\/wp-json\/wp\/v2\/tags?post=122742"}],"curies":[{"name":"wp","href":"https:\/\/api.w.org\/{rel}","templated":true}]}}