{"id":122887,"date":"2026-04-26T11:57:25","date_gmt":"2026-04-26T09:57:25","guid":{"rendered":"https:\/\/startupvalley.news\/de\/?p=122887"},"modified":"2026-04-26T12:10:22","modified_gmt":"2026-04-26T10:10:22","slug":"investor-days-thueringen-startups-innovation-kapital","status":"publish","type":"post","link":"https:\/\/startupvalley.news\/de\/investor-days-thueringen-startups-innovation-kapital\/","title":{"rendered":"Investor Days Th\u00fcringen: StartupValley Podcast"},"content":{"rendered":"\n<h2 class=\"wp-block-heading\" id=\"h-investor-days-thuringen-wo-startups-investoren-und-innovation-zusammenkommen\">Investor Days Th\u00fcringen: Wo Startups, Investoren und Innovation zusammenkommen<\/h2>\n\n\n\n<p><a href=\"https:\/\/investordays-thueringen.de\/\" target=\"_blank\" rel=\"noreferrer noopener\">Die Investor Days Th\u00fcringen geh\u00f6ren zu den wichtigen Treffpunkten f\u00fcr Startups, Investorinnen und Investoren sowie Akteure aus dem Innovations\u00f6kosystem.<\/a> In der aktuellen Podcast-Folge des StartupValley Magazins sprechen Dana Erb und Andreas Sonnefeld von der Stiftung f\u00fcr Technologie, Innovation und Forschung Th\u00fcringen \u00fcber die Entwicklung der Th\u00fcringer Startup-Szene, den Accelerator, erfolgreiche Gr\u00fcndungen und die Bedeutung von Netzwerken.<\/p>\n\n\n\n<p>Dana Erb arbeitet im Startup-Bereich der Stiftung in der Kommunikation. Ihr Fokus liegt darauf, komplexe Innovationen verst\u00e4ndlich zu machen und die Menschen hinter den Technologien sichtbar werden zu lassen. Andreas Sonnefeld leitet den Startup-Bereich der Stiftung und begleitet mit seinem Team innovative Technologieprojekte im Freistaat Th\u00fcringen.<\/p>\n\n\n\n<h2 class=\"wp-block-heading\" id=\"h-investor-days-thuringen-startup-szene-wird-professioneller\">Investor Days Th\u00fcringen Startup-Szene wird professioneller<\/h2>\n\n\n\n<p>Im Gespr\u00e4ch wird deutlich: Die Th\u00fcringer Startup-Landschaft hat sich in den vergangenen Jahren stark weiterentwickelt. Wo fr\u00fcher vor allem gro\u00dfe Startup-Hubs wie Berlin oder Hamburg im Fokus standen, haben sich inzwischen auch Regionen wie Th\u00fcringen als ernstzunehmende Innovationsstandorte etabliert.<\/p>\n\n\n\n<p>Besonders stark ist Th\u00fcringen in Bereichen wie Deep Tech, Photonik, Optik, MedTech, Pharma und Logistik. Der Standort profitiert dabei von einem engen Netzwerk, starken Hochschulen und einer wachsenden Zahl an Gr\u00fcnderinnen und Gr\u00fcndern, die technologische Innovationen in marktf\u00e4hige Gesch\u00e4ftsmodelle \u00fcbersetzen wollen.<\/p>\n\n\n\n<p>Andreas Sonnefeld betont im Podcast, dass sich die Qualit\u00e4t der Technologien in den vergangenen Jahren deutlich erh\u00f6ht habe. Startups k\u00e4men l\u00e4ngst nicht mehr nur aus Hochschulen, sondern auch aus Unternehmen, Konzernen oder Spin-offs.<\/p>\n\n\n\n<h2 class=\"wp-block-heading\" id=\"h-accelerator-als-sprungbrett-fur-grunder\">Accelerator als Sprungbrett f\u00fcr Gr\u00fcnder<\/h2>\n\n\n\n<p>Ein wichtiger Baustein im Th\u00fcringer Innovations\u00f6kosystem ist der Accelerator der Stiftung. Bewerben k\u00f6nnen sich Startups sowohl in der Vorgr\u00fcndungsphase als auch nach der Gr\u00fcndung. Entscheidend ist, dass die reine Ideenfindung bereits abgeschlossen ist und ein Gesch\u00e4ftsmodell erkennbar wird.<\/p>\n\n\n\n<p>Im Accelerator werden Teams zun\u00e4chst dabei unterst\u00fctzt, \u201edecision ready\u201c zu werden: Sie sollen herausfinden, ob sie wirklich ein Investment ben\u00f6tigen oder ob F\u00f6rdermittel und Bootstrapping der bessere Weg sind. In einer zweiten Phase geht es darum, ausgew\u00e4hlte Startups investment ready zu machen und gezielt auf Gespr\u00e4che mit Investoren vorzubereiten.<\/p>\n\n\n\n<h2 class=\"wp-block-heading\" id=\"h-investor-days-thuringen-mit-fokus-auf-matching\">Investor Days Th\u00fcringen mit Fokus auf Matching<\/h2>\n\n\n\n<p>Die Investor Days Th\u00fcringen finden in diesem Jahr bereits zum elften Mal statt. Erwartet werden rund 300 G\u00e4ste, darunter Startups, Investoren und Vertreter des Innovations\u00f6kosystems. Das Event findet im Kontor in Erfurt statt und ist f\u00fcr Teilnehmende kostenlos.<\/p>\n\n\n\n<p>Im Mittelpunkt stehen nicht nur klassische Pitches, sondern vor allem gezielte One-to-One-Matchings. Investoren sollen mit passenden Startups ins Gespr\u00e4ch kommen, w\u00e4hrend sich das \u00d6kosystem st\u00e4rker vernetzt. Genau dieser Austausch macht laut Dana Erb und Andreas Sonnefeld den besonderen Wert der Veranstaltung aus.<\/p>\n\n\n\n<p>Startups aus der DACH-Region k\u00f6nnen sich bewerben. Die Bewerbung erfolgt \u00fcber einen standardisierten One-Pager, der auf Deutsch und Englisch ausgef\u00fcllt wird. Ausgew\u00e4hlte Teams erhalten die M\u00f6glichkeit, ihre Innovation auf der B\u00fchne zu pr\u00e4sentieren.<\/p>\n\n\n\n<h2 class=\"wp-block-heading\" id=\"h-erfolgreiche-beispiele-aus-thuringen\">Erfolgreiche Beispiele aus Th\u00fcringen<\/h2>\n\n\n\n<p>Dass aus dem Th\u00fcringer \u00d6kosystem erfolgreiche Startups entstehen k\u00f6nnen, zeigen Beispiele wie ID.Loop und DeepEn. ID.Loop entwickelt kontaktlose Fingerabdruckscanner und erhielt unter anderem eine bedeutende F\u00f6rderung \u00fcber den EIC Accelerator. DeepEn arbeitet an einem bildgebenden Verfahren, mit dem Forschung im Gehirn minimalinvasiv m\u00f6glich wird.<\/p>\n\n\n\n<p>Solche Beispiele zeigen, welches Potenzial in der Region steckt \u2013 und warum Events wie die Investor Days Th\u00fcringen f\u00fcr Sichtbarkeit, Kapitalzugang und Vernetzung so wichtig sind.<\/p>\n\n\n\n<h2 class=\"wp-block-heading\" id=\"h-tipps-fur-grunderinnen-und-grunder\">Tipps f\u00fcr Gr\u00fcnderinnen und Gr\u00fcnder<\/h2>\n\n\n\n<p>Zum Abschluss geben Dana Erb und Andreas Sonnefeld konkrete Tipps: Gr\u00fcnder sollten ihre Innovation so erkl\u00e4ren k\u00f6nnen, dass sie in einem Satz verst\u00e4ndlich wird. Technologie allein reicht nicht aus \u2013 sie muss kommunizierbar sein.<\/p>\n\n\n\n<p>Ebenso wichtig sind ein starkes Team, ein belastbares Netzwerk und die F\u00e4higkeit, Feedback schnell aufzunehmen und umzusetzen. Wer offen bleibt, reflektiert arbeitet und sein Gesch\u00e4ftsmodell konsequent weiterentwickelt, erh\u00f6ht die Chancen auf nachhaltigen Erfolg deutlich.<\/p>\n\n\n\n<p><strong>Themen der Folge:<\/strong><br>Startup-Szene Th\u00fcringen, Investor Days Th\u00fcringen, Deep Tech, MedTech, Photonik, Accelerator, Startup-F\u00f6rderung, Gr\u00fcndung, Investment, Innovation, Netzwerken und Tipps f\u00fcr Gr\u00fcnder.<\/p>\n\n\n\n<p><strong>Jetzt reinh\u00f6ren und mehr \u00fcber Startups, Investoren und Innovationen aus Th\u00fcringen erfahren.<\/strong><\/p>\n\n\n<p><iframe title=\"Spotify Embed: Investor Days Th\u00fcringen\" style=\"border-radius: 12px\" width=\"100%\" height=\"152\" frameborder=\"0\" allowfullscreen allow=\"autoplay; clipboard-write; encrypted-media; fullscreen; picture-in-picture\" loading=\"lazy\" src=\"https:\/\/open.spotify.com\/embed\/episode\/0BDrfa4yqwsGIP5066kV2c?si=vxBbJy66Tj2UFUzZ-Nj5RQ&amp;utm_source=oembed\"><\/iframe><\/p>\n\n\n\n<ul class=\"wp-block-yoast-seo-related-links yoast-seo-related-links\">\n<li><a href=\"https:\/\/startupvalley.news\/de\/events\/pitch-day-der-investor-days-thueringen\/\">Pitch Day der Investor Days Th\u00fcringen<\/a><\/li>\n\n\n\n<li><a href=\"https:\/\/startupvalley.news\/de\/events\/business-perlen-inspiration-days-2026\/\">Business Perlen Inspiration Days 2026<\/a><\/li>\n\n\n\n<li><a href=\"https:\/\/startupvalley.news\/de\/events\/startup-days-luebeck-2026\/\">StartUp Days L\u00fcbeck 2026<\/a><\/li>\n\n\n\n<li><a href=\"https:\/\/startupvalley.news\/de\/tirazain\/\">Sei anpassungsf\u00e4hig und offen f\u00fcr das Lernen<\/a><\/li>\n\n\n\n<li><a href=\"https:\/\/startupvalley.news\/de\/photonik-startups-digitalisierung-innovation-technologie\/\">Wie entstehen neue Technologien genau dort, wo Forschung auf Praxis trifft?<\/a><\/li>\n<\/ul>\n","protected":false},"excerpt":{"rendered":"<p>Investor Days Th\u00fcringen: Wo Startups, Investoren und Innovation zusammenkommen Die Investor Days Th\u00fcringen geh\u00f6ren zu den wichtigen Treffpunkten f\u00fcr Startups, Investorinnen und Investoren sowie Akteure aus dem Innovations\u00f6kosystem. In der aktuellen Podcast-Folge des StartupValley Magazins sprechen Dana Erb und Andreas Sonnefeld von der Stiftung f\u00fcr Technologie, Innovation und Forschung Th\u00fcringen \u00fcber die Entwicklung der Th\u00fcringer [&hellip;]<\/p>\n","protected":false},"author":139,"featured_media":122895,"comment_status":"closed","ping_status":"open","sticky":false,"template":"","format":"standard","meta":{"_acf_changed":false,"footnotes":""},"categories":[1],"tags":[2732,26883,300,4270,126,29535,1095,14049,12106,29537,29534,66,13657,18834,280,29536],"class_list":{"0":"post-122887","1":"post","2":"type-post","3":"status-publish","4":"format-standard","5":"has-post-thumbnail","7":"category-startup-news","8":"tag-accelerator","9":"tag-deeptech","10":"tag-entrepreneurship","11":"tag-gruenden","12":"tag-innovation","13":"tag-investordaysthueringen","14":"tag-investoren","15":"tag-medtech","16":"tag-netzwerken","17":"tag-startupoekosystem","18":"tag-startuppodcast","19":"tag-startups","20":"tag-startupvalley","21":"tag-techstartups","22":"tag-thueringen","23":"tag-venturecapital"},"acf":[],"yoast_head":"<!-- This site is optimized with the Yoast SEO Premium plugin v26.7 (Yoast SEO v26.7) - https:\/\/yoast.com\/wordpress\/plugins\/seo\/ -->\n<title>Investor Days Th\u00fcringen:StartupValley Podcast<\/title>\n<meta name=\"description\" content=\"Im Podcast sprechen Dana Erb &amp; Andreas Sonnefeld \u00fcber die Investor Days Th\u00fcringen, Startup-\u00d6kosystem, den Accelerator &amp; Chancen f\u00fcr Gr\u00fcnder.\" \/>\n<meta name=\"robots\" content=\"index, follow, max-snippet:-1, max-image-preview:large, max-video-preview:-1\" \/>\n<link rel=\"canonical\" href=\"https:\/\/startupvalley.news\/de\/investor-days-thueringen-startups-innovation-kapital\/\" \/>\n<meta property=\"og:locale\" content=\"de_DE\" \/>\n<meta property=\"og:type\" content=\"article\" \/>\n<meta property=\"og:title\" content=\"Investor Days Th\u00fcringen: Dana Erb und Andreas Sonnefeld \u00fcber Startups, Innovation und Kapital\" \/>\n<meta property=\"og:description\" content=\"Im Podcast sprechen Dana Erb und Andreas Sonnefeld \u00fcber die Investor Days Th\u00fcringen, das Startup-\u00d6kosystem, den Accelerator und Chancen f\u00fcr Gr\u00fcnder.\" \/>\n<meta property=\"og:url\" content=\"https:\/\/startupvalley.news\/de\/investor-days-thueringen-startups-innovation-kapital\/\" \/>\n<meta property=\"og:site_name\" content=\"StartupValley - Erfolgreich Gr\u00fcnden und durchstarten!\" \/>\n<meta property=\"article:publisher\" content=\"https:\/\/www.facebook.com\/startupvalleynews\" \/>\n<meta property=\"article:author\" content=\"https:\/\/www.facebook.com\/meetmarkusdotcom\" \/>\n<meta property=\"article:published_time\" content=\"2026-04-26T09:57:25+00:00\" \/>\n<meta property=\"article:modified_time\" content=\"2026-04-26T10:10:22+00:00\" \/>\n<meta property=\"og:image\" content=\"https:\/\/startupvalley.news\/de\/wp-content\/uploads\/sites\/2\/2026\/04\/Investor-Days-Thueringen-StartupValley-Podcast-1024x684.png\" \/>\n\t<meta property=\"og:image:width\" content=\"1024\" \/>\n\t<meta property=\"og:image:height\" content=\"684\" \/>\n\t<meta property=\"og:image:type\" content=\"image\/png\" \/>\n<meta name=\"author\" content=\"Markus Els\u00e4sser\" \/>\n<meta name=\"twitter:card\" content=\"summary_large_image\" \/>\n<meta name=\"twitter:title\" content=\"Investor Days Th\u00fcringen: StartupValley Podcast\" \/>\n<meta name=\"twitter:creator\" content=\"@https:\/\/twitter.com\/meetmarkus\" \/>\n<meta name=\"twitter:site\" content=\"@startup_valley\" \/>\n<meta name=\"twitter:label1\" content=\"Verfasst von\" \/>\n\t<meta name=\"twitter:data1\" content=\"Markus Els\u00e4sser\" \/>\n\t<meta name=\"twitter:label2\" content=\"Gesch\u00e4tzte Lesezeit\" \/>\n\t<meta name=\"twitter:data2\" content=\"4\u00a0Minuten\" \/>\n<script type=\"application\/ld+json\" class=\"yoast-schema-graph\">{\"@context\":\"https:\/\/schema.org\",\"@graph\":[{\"@type\":\"Article\",\"@id\":\"https:\/\/startupvalley.news\/de\/investor-days-thueringen-startups-innovation-kapital\/#article\",\"isPartOf\":{\"@id\":\"https:\/\/startupvalley.news\/de\/investor-days-thueringen-startups-innovation-kapital\/\"},\"author\":{\"name\":\"Markus Els\u00e4sser\",\"@id\":\"https:\/\/startupvalley.news\/de\/#\/schema\/person\/e4ba43e35c70b6c68166e4a078372892\"},\"headline\":\"Investor Days Th\u00fcringen: StartupValley Podcast\",\"datePublished\":\"2026-04-26T09:57:25+00:00\",\"dateModified\":\"2026-04-26T10:10:22+00:00\",\"mainEntityOfPage\":{\"@id\":\"https:\/\/startupvalley.news\/de\/investor-days-thueringen-startups-innovation-kapital\/\"},\"wordCount\":756,\"publisher\":{\"@id\":\"https:\/\/startupvalley.news\/de\/#organization\"},\"image\":{\"@id\":\"https:\/\/startupvalley.news\/de\/investor-days-thueringen-startups-innovation-kapital\/#primaryimage\"},\"thumbnailUrl\":\"https:\/\/startupvalley.news\/de\/wp-content\/uploads\/sites\/2\/2026\/04\/Investor-Days-Thueringen-StartupValley-Podcast.png\",\"keywords\":[\"Accelerator\",\"DeepTech\",\"Entrepreneurship\",\"Gr\u00fcnden\",\"Innovation\",\"InvestorDaysTh\u00fcringen\",\"Investoren\",\"MedTech\",\"Netzwerken\",\"Startup\u00d6kosystem\",\"StartupPodcast\",\"Startups\",\"StartupValley\",\"TechStartups\",\"Th\u00fcringen\",\"VentureCapital\"],\"articleSection\":[\"Startup News\"],\"inLanguage\":\"de\",\"copyrightYear\":\"2026\",\"copyrightHolder\":{\"@id\":\"https:\/\/startupvalley.news\/#organization\"}},{\"@type\":\"WebPage\",\"@id\":\"https:\/\/startupvalley.news\/de\/investor-days-thueringen-startups-innovation-kapital\/\",\"url\":\"https:\/\/startupvalley.news\/de\/investor-days-thueringen-startups-innovation-kapital\/\",\"name\":\"Investor Days Th\u00fcringen:StartupValley Podcast\",\"isPartOf\":{\"@id\":\"https:\/\/startupvalley.news\/de\/#website\"},\"primaryImageOfPage\":{\"@id\":\"https:\/\/startupvalley.news\/de\/investor-days-thueringen-startups-innovation-kapital\/#primaryimage\"},\"image\":{\"@id\":\"https:\/\/startupvalley.news\/de\/investor-days-thueringen-startups-innovation-kapital\/#primaryimage\"},\"thumbnailUrl\":\"https:\/\/startupvalley.news\/de\/wp-content\/uploads\/sites\/2\/2026\/04\/Investor-Days-Thueringen-StartupValley-Podcast.png\",\"datePublished\":\"2026-04-26T09:57:25+00:00\",\"dateModified\":\"2026-04-26T10:10:22+00:00\",\"description\":\"Im Podcast sprechen Dana Erb & Andreas Sonnefeld \u00fcber die Investor Days Th\u00fcringen, Startup-\u00d6kosystem, den Accelerator & Chancen f\u00fcr Gr\u00fcnder.\",\"breadcrumb\":{\"@id\":\"https:\/\/startupvalley.news\/de\/investor-days-thueringen-startups-innovation-kapital\/#breadcrumb\"},\"inLanguage\":\"de\",\"potentialAction\":[{\"@type\":\"ReadAction\",\"target\":[\"https:\/\/startupvalley.news\/de\/investor-days-thueringen-startups-innovation-kapital\/\"]}]},{\"@type\":\"ImageObject\",\"inLanguage\":\"de\",\"@id\":\"https:\/\/startupvalley.news\/de\/investor-days-thueringen-startups-innovation-kapital\/#primaryimage\",\"url\":\"https:\/\/startupvalley.news\/de\/wp-content\/uploads\/sites\/2\/2026\/04\/Investor-Days-Thueringen-StartupValley-Podcast.png\",\"contentUrl\":\"https:\/\/startupvalley.news\/de\/wp-content\/uploads\/sites\/2\/2026\/04\/Investor-Days-Thueringen-StartupValley-Podcast.png\",\"width\":1200,\"height\":801,\"caption\":\"Investor Days Th\u00fcringen: StartupValley Podcast\"},{\"@type\":\"BreadcrumbList\",\"@id\":\"https:\/\/startupvalley.news\/de\/investor-days-thueringen-startups-innovation-kapital\/#breadcrumb\",\"itemListElement\":[{\"@type\":\"ListItem\",\"position\":1,\"name\":\"Home\",\"item\":\"https:\/\/startupvalley.news\/de\/\"},{\"@type\":\"ListItem\",\"position\":2,\"name\":\"Investor Days Th\u00fcringen: StartupValley Podcast\"}]},{\"@type\":\"WebSite\",\"@id\":\"https:\/\/startupvalley.news\/de\/#website\",\"url\":\"https:\/\/startupvalley.news\/de\/\",\"name\":\"StartupValley\",\"description\":\"Die neuesten Trends der Startup-Szene: Finanzierung, Innovationen und Erfolgsgeschichten\",\"publisher\":{\"@id\":\"https:\/\/startupvalley.news\/de\/#organization\"},\"alternateName\":\"StartupValley Magazin\",\"potentialAction\":[{\"@type\":\"SearchAction\",\"target\":{\"@type\":\"EntryPoint\",\"urlTemplate\":\"https:\/\/startupvalley.news\/de\/?s={search_term_string}\"},\"query-input\":{\"@type\":\"PropertyValueSpecification\",\"valueRequired\":true,\"valueName\":\"search_term_string\"}}],\"inLanguage\":\"de\"},{\"@type\":\"Organization\",\"@id\":\"https:\/\/startupvalley.news\/de\/#organization\",\"name\":\"StartupValley Media\",\"url\":\"https:\/\/startupvalley.news\/de\/\",\"logo\":{\"@type\":\"ImageObject\",\"inLanguage\":\"de\",\"@id\":\"https:\/\/startupvalley.news\/de\/#\/schema\/logo\/image\/\",\"url\":\"https:\/\/startupvalley.news\/de\/wp-content\/uploads\/sites\/2\/2020\/12\/StartupValley-LOGO-neu-retina.png\",\"contentUrl\":\"https:\/\/startupvalley.news\/de\/wp-content\/uploads\/sites\/2\/2020\/12\/StartupValley-LOGO-neu-retina.png\",\"width\":460,\"height\":180,\"caption\":\"StartupValley Media\"},\"image\":{\"@id\":\"https:\/\/startupvalley.news\/de\/#\/schema\/logo\/image\/\"},\"sameAs\":[\"https:\/\/www.facebook.com\/startupvalleynews\",\"https:\/\/x.com\/startup_valley\",\"https:\/\/www.twitch.tv\/startupvalley\",\"https:\/\/www.linkedin.com\/company\/startupvalleymagazine\",\"https:\/\/www.instagram.com\/startup_valley\"]},{\"@type\":\"Person\",\"@id\":\"https:\/\/startupvalley.news\/de\/#\/schema\/person\/e4ba43e35c70b6c68166e4a078372892\",\"name\":\"Markus Els\u00e4sser\",\"image\":{\"@type\":\"ImageObject\",\"inLanguage\":\"de\",\"@id\":\"https:\/\/startupvalley.news\/de\/#\/schema\/person\/image\/\",\"url\":\"https:\/\/secure.gravatar.com\/avatar\/a3e87ce77cb20927e09bc6d6d07d9bdd5ce5508efad63fdc9e3da00d01a96357?s=96&d=mm&r=g\",\"contentUrl\":\"https:\/\/secure.gravatar.com\/avatar\/a3e87ce77cb20927e09bc6d6d07d9bdd5ce5508efad63fdc9e3da00d01a96357?s=96&d=mm&r=g\",\"caption\":\"Markus Els\u00e4sser\"},\"description\":\"Markus Els\u00e4sser ist Gr\u00fcnder und Herausgeber des StartupValley Magazins und unterst\u00fctzt mit seiner langj\u00e4hrigen Erfahrung Gr\u00fcnder und Start-ups mit praxisnahen Strategien und innovativen L\u00f6sungsans\u00e4tzen. Neben der Organisation von Start-up-Events und Investitionen in zukunftsweisende Projekte begleitet er nun mit seinem Team den Umstieg von Verbrenner auf Elektromobilit\u00e4t im neuen Elektroauto-Magazin eAUTO Einsteiger \u2013 sowohl redaktionell als auch auf YouTube.\",\"sameAs\":[\"https:\/\/www.facebook.com\/meetmarkusdotcom\",\"https:\/\/www.instagram.com\/meetmarkus\",\"https:\/\/www.linkedin.com\/in\/markuselsasser\/\",\"https:\/\/x.com\/https:\/\/twitter.com\/meetmarkus\",\"https:\/\/www.youtube.com\/@meetmarkus\"],\"url\":\"https:\/\/startupvalley.news\/de\/author\/meetmarkus\/\"}]}<\/script>\n<!-- \/ Yoast SEO Premium plugin. -->","yoast_head_json":{"title":"Investor Days Th\u00fcringen:StartupValley Podcast","description":"Im Podcast sprechen Dana Erb & Andreas Sonnefeld \u00fcber die Investor Days Th\u00fcringen, Startup-\u00d6kosystem, den Accelerator & Chancen f\u00fcr Gr\u00fcnder.","robots":{"index":"index","follow":"follow","max-snippet":"max-snippet:-1","max-image-preview":"max-image-preview:large","max-video-preview":"max-video-preview:-1"},"canonical":"https:\/\/startupvalley.news\/de\/investor-days-thueringen-startups-innovation-kapital\/","og_locale":"de_DE","og_type":"article","og_title":"Investor Days Th\u00fcringen: Dana Erb und Andreas Sonnefeld \u00fcber Startups, Innovation und Kapital","og_description":"Im Podcast sprechen Dana Erb und Andreas Sonnefeld \u00fcber die Investor Days Th\u00fcringen, das Startup-\u00d6kosystem, den Accelerator und Chancen f\u00fcr Gr\u00fcnder.","og_url":"https:\/\/startupvalley.news\/de\/investor-days-thueringen-startups-innovation-kapital\/","og_site_name":"StartupValley - Erfolgreich Gr\u00fcnden und durchstarten!","article_publisher":"https:\/\/www.facebook.com\/startupvalleynews","article_author":"https:\/\/www.facebook.com\/meetmarkusdotcom","article_published_time":"2026-04-26T09:57:25+00:00","article_modified_time":"2026-04-26T10:10:22+00:00","og_image":[{"width":1024,"height":684,"url":"https:\/\/startupvalley.news\/de\/wp-content\/uploads\/sites\/2\/2026\/04\/Investor-Days-Thueringen-StartupValley-Podcast-1024x684.png","type":"image\/png"}],"author":"Markus Els\u00e4sser","twitter_card":"summary_large_image","twitter_title":"Investor Days Th\u00fcringen: StartupValley Podcast","twitter_creator":"@https:\/\/twitter.com\/meetmarkus","twitter_site":"@startup_valley","twitter_misc":{"Verfasst von":"Markus Els\u00e4sser","Gesch\u00e4tzte Lesezeit":"4\u00a0Minuten"},"schema":{"@context":"https:\/\/schema.org","@graph":[{"@type":"Article","@id":"https:\/\/startupvalley.news\/de\/investor-days-thueringen-startups-innovation-kapital\/#article","isPartOf":{"@id":"https:\/\/startupvalley.news\/de\/investor-days-thueringen-startups-innovation-kapital\/"},"author":{"name":"Markus Els\u00e4sser","@id":"https:\/\/startupvalley.news\/de\/#\/schema\/person\/e4ba43e35c70b6c68166e4a078372892"},"headline":"Investor Days Th\u00fcringen: StartupValley Podcast","datePublished":"2026-04-26T09:57:25+00:00","dateModified":"2026-04-26T10:10:22+00:00","mainEntityOfPage":{"@id":"https:\/\/startupvalley.news\/de\/investor-days-thueringen-startups-innovation-kapital\/"},"wordCount":756,"publisher":{"@id":"https:\/\/startupvalley.news\/de\/#organization"},"image":{"@id":"https:\/\/startupvalley.news\/de\/investor-days-thueringen-startups-innovation-kapital\/#primaryimage"},"thumbnailUrl":"https:\/\/startupvalley.news\/de\/wp-content\/uploads\/sites\/2\/2026\/04\/Investor-Days-Thueringen-StartupValley-Podcast.png","keywords":["Accelerator","DeepTech","Entrepreneurship","Gr\u00fcnden","Innovation","InvestorDaysTh\u00fcringen","Investoren","MedTech","Netzwerken","Startup\u00d6kosystem","StartupPodcast","Startups","StartupValley","TechStartups","Th\u00fcringen","VentureCapital"],"articleSection":["Startup News"],"inLanguage":"de","copyrightYear":"2026","copyrightHolder":{"@id":"https:\/\/startupvalley.news\/#organization"}},{"@type":"WebPage","@id":"https:\/\/startupvalley.news\/de\/investor-days-thueringen-startups-innovation-kapital\/","url":"https:\/\/startupvalley.news\/de\/investor-days-thueringen-startups-innovation-kapital\/","name":"Investor Days Th\u00fcringen:StartupValley Podcast","isPartOf":{"@id":"https:\/\/startupvalley.news\/de\/#website"},"primaryImageOfPage":{"@id":"https:\/\/startupvalley.news\/de\/investor-days-thueringen-startups-innovation-kapital\/#primaryimage"},"image":{"@id":"https:\/\/startupvalley.news\/de\/investor-days-thueringen-startups-innovation-kapital\/#primaryimage"},"thumbnailUrl":"https:\/\/startupvalley.news\/de\/wp-content\/uploads\/sites\/2\/2026\/04\/Investor-Days-Thueringen-StartupValley-Podcast.png","datePublished":"2026-04-26T09:57:25+00:00","dateModified":"2026-04-26T10:10:22+00:00","description":"Im Podcast sprechen Dana Erb & Andreas Sonnefeld \u00fcber die Investor Days Th\u00fcringen, Startup-\u00d6kosystem, den Accelerator & Chancen f\u00fcr Gr\u00fcnder.","breadcrumb":{"@id":"https:\/\/startupvalley.news\/de\/investor-days-thueringen-startups-innovation-kapital\/#breadcrumb"},"inLanguage":"de","potentialAction":[{"@type":"ReadAction","target":["https:\/\/startupvalley.news\/de\/investor-days-thueringen-startups-innovation-kapital\/"]}]},{"@type":"ImageObject","inLanguage":"de","@id":"https:\/\/startupvalley.news\/de\/investor-days-thueringen-startups-innovation-kapital\/#primaryimage","url":"https:\/\/startupvalley.news\/de\/wp-content\/uploads\/sites\/2\/2026\/04\/Investor-Days-Thueringen-StartupValley-Podcast.png","contentUrl":"https:\/\/startupvalley.news\/de\/wp-content\/uploads\/sites\/2\/2026\/04\/Investor-Days-Thueringen-StartupValley-Podcast.png","width":1200,"height":801,"caption":"Investor Days Th\u00fcringen: StartupValley Podcast"},{"@type":"BreadcrumbList","@id":"https:\/\/startupvalley.news\/de\/investor-days-thueringen-startups-innovation-kapital\/#breadcrumb","itemListElement":[{"@type":"ListItem","position":1,"name":"Home","item":"https:\/\/startupvalley.news\/de\/"},{"@type":"ListItem","position":2,"name":"Investor Days Th\u00fcringen: StartupValley Podcast"}]},{"@type":"WebSite","@id":"https:\/\/startupvalley.news\/de\/#website","url":"https:\/\/startupvalley.news\/de\/","name":"StartupValley","description":"Die neuesten Trends der Startup-Szene: Finanzierung, Innovationen und Erfolgsgeschichten","publisher":{"@id":"https:\/\/startupvalley.news\/de\/#organization"},"alternateName":"StartupValley Magazin","potentialAction":[{"@type":"SearchAction","target":{"@type":"EntryPoint","urlTemplate":"https:\/\/startupvalley.news\/de\/?s={search_term_string}"},"query-input":{"@type":"PropertyValueSpecification","valueRequired":true,"valueName":"search_term_string"}}],"inLanguage":"de"},{"@type":"Organization","@id":"https:\/\/startupvalley.news\/de\/#organization","name":"StartupValley Media","url":"https:\/\/startupvalley.news\/de\/","logo":{"@type":"ImageObject","inLanguage":"de","@id":"https:\/\/startupvalley.news\/de\/#\/schema\/logo\/image\/","url":"https:\/\/startupvalley.news\/de\/wp-content\/uploads\/sites\/2\/2020\/12\/StartupValley-LOGO-neu-retina.png","contentUrl":"https:\/\/startupvalley.news\/de\/wp-content\/uploads\/sites\/2\/2020\/12\/StartupValley-LOGO-neu-retina.png","width":460,"height":180,"caption":"StartupValley Media"},"image":{"@id":"https:\/\/startupvalley.news\/de\/#\/schema\/logo\/image\/"},"sameAs":["https:\/\/www.facebook.com\/startupvalleynews","https:\/\/x.com\/startup_valley","https:\/\/www.twitch.tv\/startupvalley","https:\/\/www.linkedin.com\/company\/startupvalleymagazine","https:\/\/www.instagram.com\/startup_valley"]},{"@type":"Person","@id":"https:\/\/startupvalley.news\/de\/#\/schema\/person\/e4ba43e35c70b6c68166e4a078372892","name":"Markus Els\u00e4sser","image":{"@type":"ImageObject","inLanguage":"de","@id":"https:\/\/startupvalley.news\/de\/#\/schema\/person\/image\/","url":"https:\/\/secure.gravatar.com\/avatar\/a3e87ce77cb20927e09bc6d6d07d9bdd5ce5508efad63fdc9e3da00d01a96357?s=96&d=mm&r=g","contentUrl":"https:\/\/secure.gravatar.com\/avatar\/a3e87ce77cb20927e09bc6d6d07d9bdd5ce5508efad63fdc9e3da00d01a96357?s=96&d=mm&r=g","caption":"Markus Els\u00e4sser"},"description":"Markus Els\u00e4sser ist Gr\u00fcnder und Herausgeber des StartupValley Magazins und unterst\u00fctzt mit seiner langj\u00e4hrigen Erfahrung Gr\u00fcnder und Start-ups mit praxisnahen Strategien und innovativen L\u00f6sungsans\u00e4tzen. Neben der Organisation von Start-up-Events und Investitionen in zukunftsweisende Projekte begleitet er nun mit seinem Team den Umstieg von Verbrenner auf Elektromobilit\u00e4t im neuen Elektroauto-Magazin eAUTO Einsteiger \u2013 sowohl redaktionell als auch auf YouTube.","sameAs":["https:\/\/www.facebook.com\/meetmarkusdotcom","https:\/\/www.instagram.com\/meetmarkus","https:\/\/www.linkedin.com\/in\/markuselsasser\/","https:\/\/x.com\/https:\/\/twitter.com\/meetmarkus","https:\/\/www.youtube.com\/@meetmarkus"],"url":"https:\/\/startupvalley.news\/de\/author\/meetmarkus\/"}]}},"_links":{"self":[{"href":"https:\/\/startupvalley.news\/de\/wp-json\/wp\/v2\/posts\/122887","targetHints":{"allow":["GET"]}}],"collection":[{"href":"https:\/\/startupvalley.news\/de\/wp-json\/wp\/v2\/posts"}],"about":[{"href":"https:\/\/startupvalley.news\/de\/wp-json\/wp\/v2\/types\/post"}],"author":[{"embeddable":true,"href":"https:\/\/startupvalley.news\/de\/wp-json\/wp\/v2\/users\/139"}],"replies":[{"embeddable":true,"href":"https:\/\/startupvalley.news\/de\/wp-json\/wp\/v2\/comments?post=122887"}],"version-history":[{"count":7,"href":"https:\/\/startupvalley.news\/de\/wp-json\/wp\/v2\/posts\/122887\/revisions"}],"predecessor-version":[{"id":122898,"href":"https:\/\/startupvalley.news\/de\/wp-json\/wp\/v2\/posts\/122887\/revisions\/122898"}],"wp:featuredmedia":[{"embeddable":true,"href":"https:\/\/startupvalley.news\/de\/wp-json\/wp\/v2\/media\/122895"}],"wp:attachment":[{"href":"https:\/\/startupvalley.news\/de\/wp-json\/wp\/v2\/media?parent=122887"}],"wp:term":[{"taxonomy":"category","embeddable":true,"href":"https:\/\/startupvalley.news\/de\/wp-json\/wp\/v2\/categories?post=122887"},{"taxonomy":"post_tag","embeddable":true,"href":"https:\/\/startupvalley.news\/de\/wp-json\/wp\/v2\/tags?post=122887"}],"curies":[{"name":"wp","href":"https:\/\/api.w.org\/{rel}","templated":true}]}}