{"id":122991,"date":"2026-05-01T07:35:10","date_gmt":"2026-05-01T05:35:10","guid":{"rendered":"https:\/\/startupvalley.news\/de\/?p=122991"},"modified":"2026-05-01T07:35:11","modified_gmt":"2026-05-01T05:35:11","slug":"spaltungserzaehlung-kulturkampf-macht","status":"publish","type":"post","link":"https:\/\/startupvalley.news\/de\/spaltungserzaehlung-kulturkampf-macht\/","title":{"rendered":"Der Kulturkampf ist eine konstruierte Spaltungserz\u00e4hlung. Wir k\u00e4mpfen nicht \u2013 wir sollen k\u00e4mpfen!"},"content":{"rendered":"\n<p><a href=\"https:\/\/www.her-career.com\/kopf\/gilda-sahebi\/\" target=\"_blank\" rel=\"noreferrer noopener\">Gilda Sahebi<\/a>&nbsp;hat es sich zur Aufgabe gemacht, Spaltungserz\u00e4hlungen in Politik, Medien und Alltag sichtbar zu machen. Im Interview mit herCAREER spricht die Journalistin \u00fcber Mechanismen und Ph\u00e4nomene, die Spaltung instrumentalisieren \u2013 und dar\u00fcber, warum es so schwer ist, ihnen zu widerstehen. Denn auch wenn Spaltungserz\u00e4hlungen nicht der Wahrheit entsprechen: Die Gef\u00fchle, die sie ausl\u00f6sen, sind real. Wer Verbindung wiederherstellen will, muss deshalb zun\u00e4chst verstehen, wie Spaltung funktioniert.<\/p>\n\n\n\n<h2 class=\"wp-block-heading\" id=\"h-spaltungserzahlungen-basieren-auf-vereinfachungen-die-der-komplexitat-von-uns-menschen-und-der-gesellschaft-nicht-gerecht-werden\">\u201eSpaltungserz\u00e4hlungen basieren auf Vereinfachungen, die der Komplexit\u00e4t von uns Menschen und der Gesellschaft nicht gerecht werden.\u201c<\/h2>\n\n\n\n<h3 class=\"wp-block-heading\">herCAREER: Du beginnst dein Buch mit dem Konzept des Kulturkampfs. Ein Begriff, der von den Medien gerne f\u00fcr die Auseinandersetzung zwischen Konservativen und Liberalen verwendet wird. Was genau steckt dahinter?<\/h3>\n\n\n\n<p><strong>Gilda Sahebi:&nbsp;<\/strong>Der Kulturkampf ist eine konstruierte Spaltungserz\u00e4hlung, die uns aufgezwungen wurde. Wichtig zu verstehen ist: Im Narrativ des Kulturkampfs steckt die Behauptung, dass es zwei Lager g\u00e4be, als w\u00fcrde die gesamte Gesellschaft gegeneinander k\u00e4mpfen. Aber daf\u00fcr gibt es keine belastbaren Daten. Wir k\u00e4mpfen nicht \u2013 wir sollen k\u00e4mpfen!<\/p>\n\n\n\n<h3 class=\"wp-block-heading\">herCAREER: Warum? Und wogegen? Historisch betrachtet war der Kulturkampf ein Machtstreit zwischen Staat und Kirche. Aber worum geht es im aktuellen vermeintlichen Kulturkampf? Rechte gegen Linke? Tradition gegen Moderne? M\u00e4nner gegen Frauen?<\/h3>\n\n\n\n<p><strong>Gilda Sahebi:&nbsp;<\/strong>Es geht um Gut gegen B\u00f6se. Aber diese Auseinandersetzung ist reine Projektion. Denn f\u00fcr die einen ist links b\u00f6se, f\u00fcr die anderen rechts. Und was hei\u00dft \u00fcberhaupt \u201elinks\u201c? Was bedeutet \u201erechts\u201d? Spaltungserz\u00e4hlungen basieren auf Vereinfachungen, die der Komplexit\u00e4t von uns Menschen und der Gesellschaft nicht gerecht werden.<\/p>\n\n\n\n<h3 class=\"wp-block-heading\">herCAREER: In deinem Buch beschreibst du an vielen Stellen, wie schnell sich diese Spaltung in nicht wahren, aber sehr wahr wirkenden Erz\u00e4hlungen manifestiert. So kommt es zu Stereotypisierungen wie \u201ealle AfD-W\u00e4hler:innen sind rechtsradikal\u201d, \u201ealle Linken gendern\u201d oder \u201ealle Feminist:innen sind vegan\u201d.<\/h3>\n\n\n\n<p><strong>Gilda Sahebi:&nbsp;<\/strong>Das sind alles Beispiele f\u00fcr das sogenannte \u201eminimale Gruppenparadigma\u201c. Genauso funktioniert das menschliche Gehirn: Es ordnet, sortiert und assoziiert. In den Medien werden uns st\u00e4ndig Menschen pr\u00e4sentiert, die entweder als \u201ewoke\u201d oder \u201erechts\u201d eingestuft werden und vermeintlich alle Eigenschaften erf\u00fcllen, die mit diesen Begriffen assoziiert werden. Wir verallgemeinern und denken dann beispielsweise: Alle, die an einer Pro-Pal\u00e4stina-Demo teilnehmen, seien antisemitische Querdenker:innen, die Hafermilch trinken. Das ist nat\u00fcrlich Quatsch! W\u00e4hrend der Stadtbild-Debatte habe ich einen Post geschrieben und gefragt: \u201eWas ist eigentlich mit Menschen, die traditionell leben, konservativ sind, heimatverbunden und vielleicht christlich, aber keine Ausl\u00e4nder hassen? Wen w\u00e4hlen die eigentlich?\u201d Darauf haben mehrere Leute kommentiert: \u201eSolche Leute gibt es doch gar nicht.\u201c Nat\u00fcrlich gibt es die! Aber die Debatte ist so polarisiert, dass wir diese Menschen nicht mehr sehen.<\/p>\n\n\n\n<h3 class=\"wp-block-heading\">herCAREER: Wir gegen die. Affektive Polarisierung \u2013 auch das beschreibst du im Buch \u2013 ist dieses Gef\u00fchl, wenn ich den Inhalt der Auseinandersetzung nicht mehr wahrnehme, weil ich bereits emotional in der umfassenden Abwertung der Gegenseite gefangen bin. Warum ist das gef\u00e4hrlich?<\/h3>\n\n\n\n<p><strong>Gilda Sahebi:&nbsp;<\/strong>Spaltungserz\u00e4hlungen sind ein Herrschaftsinstrument \u2013 vor allem ein Instrument autorit\u00e4rer Herrschaft \u2013 und ohne sie k\u00f6nnen autorit\u00e4re Kr\u00e4fte nicht aufsteigen. So machen es Donald Trump, die AfD, Benjamin Netanjahu und das iranische Regime. Die stellen sich hin und sagen: \u201eWir sind die Guten und die dort sind die B\u00f6sen. Und damit ihr alle eine bessere Zukunft habt, haben wir hier folgenden Plan.\u201c In Wirklichkeit bringen sie keine L\u00f6sung, sondern ringen um Macht.<\/p>\n\n\n\n<h3 class=\"wp-block-heading\">herCAREER: Der Soziologe Steffen Mau hat eine Bezeichnung f\u00fcr Menschen, die von Spaltung profitieren. Er nennt sie \u201ePolarisierungsunternehmer:innen\u201c. Wer sind diese Menschen?<\/h3>\n\n\n\n<p><strong>Gilda Sahebi:&nbsp;<\/strong>Politiker:innen wie Donald Trump und Alice Weidel, aber auch Unternehmen wie Meta, TikTok, Nius \u2013 Julian Reichelt! Der ist derzeit mit einem Buch, das explizit spalten soll, auf Platz eins der Spiegel-Bestsellerliste (Paperback). Das zeigt, wie gut dieses Konzept funktioniert: Spaltung bringt Profit.<\/p>\n\n\n\n<h3 class=\"wp-block-heading\">herCAREER: Wer gewinnt, wenn Frauen und M\u00e4nner gegeneinander ausgespielt werden? Ich spiele da auf die aktuelle Debatte um genderspezifische digitale Gewalt an.<\/h3>\n\n\n\n<p><strong>Gilda Sahebi:&nbsp;<\/strong>Auch die Frauen-gegen-M\u00e4nner-Erz\u00e4hlung wird von den Autorit\u00e4ren instrumentalisiert und befeuert. Es ist ein Fakt, dass Gewalt \u00fcberwiegend von M\u00e4nnern ausge\u00fcbt wird. Aber die Zuspitzung auf \u201eFrauen-gegen-M\u00e4nner\u201c ist eine Strategie der Spaltung, eine Ablenkung, die notwendige gesellschaftliche Ver\u00e4nderung ausbremst. So ger\u00e4t in Vergessenheit, dass es unserer Gesellschaft besser ginge, wenn es \u00fcberhaupt keine Gewalt und keinen Missbrauch g\u00e4be \u2013 und zwar ginge es auch M\u00e4nnern besser, nicht nur Frauen<\/p>\n\n\n\n<p>Und damit will ich nicht sagen, dass Frauen keinen Grund haben, w\u00fctend zu sein. Sie haben jeden Grund dazu! Und dann kommt auch noch ein Bundeskanzler dazu, der alles verharmlost und relativiert. Man hat den Eindruck, dass es nicht darum gehen soll, wirklich Verbesserungen zu erwirken.<\/p>\n\n\n\n<h3 class=\"wp-block-heading\">herCAREER: Friedrich Merz relativiert systematische Gewalt gegen Frauen nicht nur, sondern instrumentalisiert sie f\u00fcr eine rassistische Agenda. Was passiert da?<\/h3>\n\n\n\n<p><strong>Gilda Sahebi:&nbsp;<\/strong>Friedrich Merz sagt, dass systematische sexualisierte Gewalt gegen Frauen ein Zuwanderungsproblem sei. Eine klassische autorit\u00e4re Spaltungserz\u00e4hlung. Und anstatt sich nach starkem Gegenwind daf\u00fcr zu entschuldigen und einen Fehler einzugestehen, geht er nicht in eine differenzierte Debatte \u00fcber seine Aussage, sondern sagt: \u201eIch werde mich nicht beirren lassen, das Problem mit der Integration anzusprechen.\u201c Er rationalisiert seine systematische Abwertung, indem er seine Spaltungserz\u00e4hlung zementiert: Er bestimmt immer wieder \u201edie B\u00f6sen\u201c und normalisiert so das Bild von einem \u201eWir gegen die\u201c. Das nennt sich \u201eDoubling-Down-Effekt\u201c.<\/p>\n\n\n\n<h3 class=\"wp-block-heading\">herCAREER: Wie k\u00f6nnte der Bundeskanzler in diesem Moment verbinden statt spalten?<\/h3>\n\n\n\n<p><strong>Gilda Sahebi:&nbsp;<\/strong>Er h\u00e4tte die Chance gehabt zu sagen: \u201eMeine Aussage war falsch.\u201c Oder: \u201eRedet mit mir, ich h\u00f6re euch zu, ich m\u00f6chte dazulernen.\u201c Er nimmt stattdessen in Kauf, dass er den autorit\u00e4ren Kr\u00e4ften, der AfD, in die H\u00e4nde spielt.<\/p>\n\n\n\n<h3 class=\"wp-block-heading\">herCAREER: Wer ist daf\u00fcr verantwortlich, dass diese Spaltungserz\u00e4hlung st\u00e4ndig reproduziert wird?<\/h3>\n\n\n\n<p><strong>Gilda Sahebi:&nbsp;<\/strong>Ich mache die demokratischen Parteien daf\u00fcr verantwortlich. Wenn sich demokratische Politiker:innen dem autorit\u00e4ren Weg anschlie\u00dfen, um ihre eigene Macht und ihre \u00c4mter zu sichern, dann sind sie f\u00fcr den Zerfall der Demokratie verantwortlich. In ihrem Buch \u201eWie Demokratien sterben\u201d schreiben die Politikwissenschaftler Daniel Ziblatt und Steven Levitsky, dass circa 25 bis 30 Prozent einer Gesellschaft dem autorit\u00e4ren Weg zugeneigt sind, da sie sich Klarheit und starke F\u00fchrung w\u00fcnschen. Das sind jedoch nicht genug Menschen, um eine Demokratie zu gef\u00e4hrden \u2013 solange sich die demokratischen Parteien nicht falschen Narrativen hingeben. Und nat\u00fcrlich tragen auch mediale Dynamiken Verantwortung. Die Zivilgesellschaft versucht bereits, an vielen Stellen Gemeinschaft herzustellen. Aber ich frage mich auch, was sollen die B\u00fcrger:innen noch alles machen? Sie gehen schon auf die Stra\u00dfe, starten Petitionen und jetzt werden den demokratischen Zivilorganisationen auch noch gezielt Gelder entzogen. Es w\u00e4re die Aufgabe der demokratischen Parteien, sich f\u00fcr die politische Bildung und den Erhalt der Demokratie einzusetzen.<\/p>\n\n\n\n<h3 class=\"wp-block-heading\">herCAREER: Warum ergreift nicht jedes Mal ein Politiker das Wort, warum schreibt nicht jede Zeitung auf der Titelseite, dass Friedrich Merz die Unwahrheit gesagt hat? Es gibt klare Daten, die zeigen, dass geschlechtsspezifische Gewalt in Deutschland \u00fcberwiegend von wei\u00dfen deutschen T\u00e4tern ausge\u00fcbt wird.<\/h3>\n\n\n\n<p><strong>Gilda Sahebi:&nbsp;<\/strong>An der Frage des \u201eWarum\u201d kann man verzweifeln. Ich denke, weil sie den innerparteilichen Kampf f\u00fcr wichtiger erachten als den gesamtgesellschaftlichen. Wenn man so etwas macht, muss einem die Zukunft der Gesellschaft schon sehr egal sein. Eines ist sicher: Es geht immer um Macht. Und es gibt sie ja, die Abgeordneten, die sich hinstellen und sagen: \u201eHerr Bundeskanzler \u2013 Sie reden Schwachsinn.\u201c Aber es ist schier unm\u00f6glich, mit vereinzelten Personen eine etablierte Struktur zu ver\u00e4ndern.<\/p>\n\n\n\n<h3 class=\"wp-block-heading\">herCAREER: Jetzt stellt sich die Frage: Was machen wir damit?<\/h3>\n\n\n\n<p><strong>Gilda Sahebi:&nbsp;<\/strong>Die Frage bekomme ich oft gestellt. Aber ich kann sie nicht beantworten, ich habe gewiss nicht alle Antworten. Ich kann nur beschreiben, was ich als Probleme sehe, und mit diesem Wissen zeigen sich oft auch L\u00f6sungen. Aber ich kann niemandem sagen, was er oder sie tun soll. Alles, was ich wei\u00df \u2013 und das schreibe ich auch in meiner Einleitung zum Buch: \u201eDer erste Schritt ist Wissen.\u201c<\/p>\n\n\n\n<h3 class=\"wp-block-heading\">herCAREER: Was bedeutet das \u2013 dass wir bessere Bildung brauchen? Dass es bei uns selbst beginnt?<\/h3>\n\n\n\n<p><strong>Gilda Sahebi:&nbsp;<\/strong>Wir k\u00f6nnen als Individuen sehr viel bewirken, wenn wir verstehen und handeln. Daran glaube ich fest. Die Welt ver\u00e4ndert sich, wenn sich ein Mensch ver\u00e4ndert. Das kann eine Erzieherin erreichen, indem sie mit Kindern \u00fcber Emotionen spricht, oder ein Gro\u00dfvater, der seinem Enkel vorliest. Eine Frau, die sich nicht mehr von ihrem Vorgesetzten abwerten l\u00e4sst, ver\u00e4ndert ebenfalls ein patriarchales Muster. Gleichzeitig geht es in meinem Buch um Strukturen. Um die zu beeinflussen, ist es wichtig, auf den politisch-medialen Raum einzuwirken, so gut wir k\u00f6nnen. Schreibt den Redaktionen! Wenn euch etwas \u00e4rgert, wenn ein Thema politisiert wird \u2013 oder auch, wenn etwas besonders differenziert dargestellt wurde. Denn Hater schreiben unentwegt \u2013 das f\u00fchrt in den Redaktionen dazu, dass eine Angst davor herrscht, als \u201elinks\u201c betrachtet zu werden. Wir m\u00fcssen die Strukturen, die Welt und uns selbst besser verstehen, um handeln zu k\u00f6nnen. Das k\u00f6nnen wir jetzt tun.<\/p>\n\n\n\n<h3 class=\"wp-block-heading\">herCAREER: Brauchen wir dennoch Schulf\u00e4cher wie \u201eMacht und Hierarchie\u201c und eben \u201eMedienkompetenz\u201c?<\/h3>\n\n\n\n<p><strong>Gilda Sahebi:&nbsp;<\/strong>Ich pl\u00e4diere f\u00fcr das Fach \u201eemotionale Bildung\u201c. Wenn Kinder und Jugendliche verstehen, wie Emotionen funktionieren, lernen sie auch, wie Manipulation funktioniert. Wenn Menschen ihren eigenen Schatten kennen und verstehen, verstehen sie auch Projektion und menschlichen Antrieb. Emotional kompetente Menschen wollen nicht gefallen \u2013 sie wollen verstehen.<\/p>\n\n\n\n<p>Sie werden automatisch machtkritisch und haben alle Grundlagen f\u00fcr Medienkompetenz.&nbsp; Es ist absurd, dass wir in diesem Land Emotionen von allem trennen, auch von Politik.<\/p>\n\n\n\n<h3 class=\"wp-block-heading\">herCAREER: Was macht dir Hoffnung?<\/h3>\n\n\n\n<p><strong>Gilda Sahebi:&nbsp;<\/strong>Menschen. Ich treffe so tolle Menschen, wenn ich beruflich unterwegs bin! Mein Buch richtet sich darum auch an die Gesellschaft und nicht an die Politik. Denn die zeigt sich nicht bereit, etwas zu ver\u00e4ndern. Die Menschen dagegen schon.<\/p>\n\n\n\n<p><em>Das Interview f\u00fchrte herCAREER-Redakteurin&nbsp;<a href=\"https:\/\/www.her-career.com\/kopf\/kristina-appel\/\" target=\"_blank\" rel=\"noreferrer noopener\">Kristina Appel<\/a>.<\/em><\/p>\n\n\n\n<p>Bildcredits: herCAREER &#8211; Franz Pfluegl\u00a0<\/p>\n\n\n\n<p class=\"has-text-align-right\">Quelle messe.rocks GmbH<\/p>\n\n\n\n<ul class=\"wp-block-yoast-seo-related-links yoast-seo-related-links\">\n<li><a href=\"https:\/\/startupvalley.news\/de\/femizide-deutschland-interview-kristina-wolff\/\">Femizide: Sich diesem Thema weiterhin zu verweigern, ist unterlassene Hilfeleistung<\/a><\/li>\n\n\n\n<li><a href=\"https:\/\/startupvalley.news\/de\/waslat-hasrat-nazimi-politik-gesellschaft\/\">Solange es sich lohnt, diskriminierende Strukturen aufrechtzuerhalten, wird sich an ihnen wenig \u00e4ndern<\/a><\/li>\n\n\n\n<li><a href=\"https:\/\/startupvalley.news\/de\/not-just-a-jewel-schmuck-armband\/\">Hab keine Angst vorm Scheitern!<\/a><\/li>\n\n\n\n<li><a href=\"https:\/\/startupvalley.news\/de\/hercareer-expo-2025\/\">10 Jahre herCAREER \u2013 Rekordergebnis durch starkes Netzwerken<\/a><\/li>\n\n\n\n<li><a href=\"https:\/\/startupvalley.news\/de\/13-juni-2023-2-minuten-2-millionen\/\">Innovative Startups k\u00e4mpfen um Investition: Spannung bei 2 Minuten 2 Millionen<\/a><\/li>\n<\/ul>\n","protected":false},"excerpt":{"rendered":"<p>Gilda Sahebi analysiert, wie Spaltungserz\u00e4hlung und Kulturkampf unsere Gesellschaft pr\u00e4gen. Dabei zeigt sie, welche Rolle Macht und politische Dynamiken spielen.<\/p>\n","protected":false},"author":9,"featured_media":123128,"comment_status":"closed","ping_status":"open","sticky":false,"template":"","format":"standard","meta":{"_acf_changed":false,"footnotes":""},"categories":[19825,6430],"tags":[29582,29584,8338,8339,29580,24508,1514,29581,8340,29583],"class_list":{"0":"post-122991","1":"post","2":"type-post","3":"status-publish","4":"format-standard","5":"has-post-thumbnail","7":"category-events-termine","8":"category-female-founders","9":"tag-autoritarismus","10":"tag-debatte","11":"tag-demokratie","12":"tag-gesellschaft","13":"tag-kulturkampf","14":"tag-macht","15":"tag-medien","16":"tag-polarisierung","17":"tag-politik","18":"tag-spaltungserzaehlung"},"acf":[],"yoast_head":"<!-- This site is optimized with the Yoast SEO Premium plugin v27.5 (Yoast SEO v27.5) - https:\/\/yoast.com\/product\/yoast-seo-premium-wordpress\/ -->\n<title>Spaltungserz\u00e4hlung Kulturkampf Macht im Fokus<\/title>\n<meta name=\"description\" content=\"Spaltungserz\u00e4hlung, Kulturkampf und Macht pr\u00e4gen Debatten. Gilda Sahebi erkl\u00e4rt Hintergr\u00fcnde und politische Dynamiken\" \/>\n<meta name=\"robots\" content=\"index, follow, max-snippet:-1, max-image-preview:large, max-video-preview:-1\" \/>\n<link rel=\"canonical\" href=\"https:\/\/startupvalley.news\/de\/spaltungserzaehlung-kulturkampf-macht\/\" \/>\n<meta property=\"og:locale\" content=\"de_DE\" \/>\n<meta property=\"og:type\" content=\"article\" \/>\n<meta property=\"og:title\" content=\"Spaltungserz\u00e4hlung und Kulturkampf: Wie Macht unsere Gesellschaft pr\u00e4gt\" \/>\n<meta property=\"og:description\" content=\"Gilda Sahebi erkl\u00e4rt, warum Spaltungserz\u00e4hlung und Kulturkampf unsere Wahrnehmung beeinflussen und welche Rolle Macht dabei spielt.\" \/>\n<meta property=\"og:url\" content=\"https:\/\/startupvalley.news\/de\/spaltungserzaehlung-kulturkampf-macht\/\" \/>\n<meta property=\"og:site_name\" content=\"StartupValley - Erfolgreich Gr\u00fcnden und durchstarten!\" \/>\n<meta property=\"article:publisher\" content=\"https:\/\/www.facebook.com\/startupvalleynews\" \/>\n<meta property=\"article:published_time\" content=\"2026-05-01T05:35:10+00:00\" \/>\n<meta property=\"article:modified_time\" content=\"2026-05-01T05:35:11+00:00\" \/>\n<meta property=\"og:image\" content=\"https:\/\/startupvalley.news\/de\/wp-content\/uploads\/sites\/2\/2026\/04\/herCAREER_Foto_Pfluegl.jpg\" \/>\n\t<meta property=\"og:image:width\" content=\"1200\" \/>\n\t<meta property=\"og:image:height\" content=\"1031\" \/>\n\t<meta property=\"og:image:type\" content=\"image\/jpeg\" \/>\n<meta name=\"author\" content=\"StartupValley\" \/>\n<meta name=\"twitter:card\" content=\"summary_large_image\" \/>\n<meta name=\"twitter:title\" content=\"Der Kulturkampf ist eine konstruierte Spaltungserz\u00e4hlung. Wir k\u00e4mpfen nicht \u2013 wir sollen k\u00e4mpfen!\" \/>\n<meta name=\"twitter:creator\" content=\"@startup_valley\" \/>\n<meta name=\"twitter:site\" content=\"@startup_valley\" \/>\n<meta name=\"twitter:label1\" content=\"Verfasst von\" \/>\n\t<meta name=\"twitter:data1\" content=\"StartupValley\" \/>\n\t<meta name=\"twitter:label2\" content=\"Gesch\u00e4tzte Lesezeit\" \/>\n\t<meta name=\"twitter:data2\" content=\"10\u00a0Minuten\" \/>\n<script type=\"application\/ld+json\" class=\"yoast-schema-graph\">{\"@context\":\"https:\\\/\\\/schema.org\",\"@graph\":[{\"@type\":\"Article\",\"@id\":\"https:\\\/\\\/startupvalley.news\\\/de\\\/spaltungserzaehlung-kulturkampf-macht\\\/#article\",\"isPartOf\":{\"@id\":\"https:\\\/\\\/startupvalley.news\\\/de\\\/spaltungserzaehlung-kulturkampf-macht\\\/\"},\"author\":{\"name\":\"StartupValley\",\"@id\":\"https:\\\/\\\/startupvalley.news\\\/de\\\/#\\\/schema\\\/person\\\/dc9abc71daa8d949d4f257f2e9883e00\"},\"headline\":\"Der Kulturkampf ist eine konstruierte Spaltungserz\u00e4hlung. Wir k\u00e4mpfen nicht \u2013 wir sollen k\u00e4mpfen!\",\"datePublished\":\"2026-05-01T05:35:10+00:00\",\"dateModified\":\"2026-05-01T05:35:11+00:00\",\"mainEntityOfPage\":{\"@id\":\"https:\\\/\\\/startupvalley.news\\\/de\\\/spaltungserzaehlung-kulturkampf-macht\\\/\"},\"wordCount\":1746,\"publisher\":{\"@id\":\"https:\\\/\\\/startupvalley.news\\\/de\\\/#organization\"},\"image\":{\"@id\":\"https:\\\/\\\/startupvalley.news\\\/de\\\/spaltungserzaehlung-kulturkampf-macht\\\/#primaryimage\"},\"thumbnailUrl\":\"https:\\\/\\\/startupvalley.news\\\/de\\\/wp-content\\\/uploads\\\/sites\\\/2\\\/2026\\\/04\\\/herCAREER_Foto_Pfluegl.jpg\",\"keywords\":[\"Autoritarismus\",\"Debatte\",\"Demokratie\",\"Gesellschaft\",\"Kulturkampf\",\"Macht\",\"Medien\",\"Polarisierung\",\"Politik\",\"Spaltungserz\u00e4hlung\"],\"articleSection\":[\"Events &amp; Termine\",\"Female Founders\"],\"inLanguage\":\"de\",\"copyrightYear\":\"2026\",\"copyrightHolder\":{\"@id\":\"https:\\\/\\\/startupvalley.news\\\/#organization\"}},{\"@type\":\"WebPage\",\"@id\":\"https:\\\/\\\/startupvalley.news\\\/de\\\/spaltungserzaehlung-kulturkampf-macht\\\/\",\"url\":\"https:\\\/\\\/startupvalley.news\\\/de\\\/spaltungserzaehlung-kulturkampf-macht\\\/\",\"name\":\"Spaltungserz\u00e4hlung Kulturkampf Macht im Fokus\",\"isPartOf\":{\"@id\":\"https:\\\/\\\/startupvalley.news\\\/de\\\/#website\"},\"primaryImageOfPage\":{\"@id\":\"https:\\\/\\\/startupvalley.news\\\/de\\\/spaltungserzaehlung-kulturkampf-macht\\\/#primaryimage\"},\"image\":{\"@id\":\"https:\\\/\\\/startupvalley.news\\\/de\\\/spaltungserzaehlung-kulturkampf-macht\\\/#primaryimage\"},\"thumbnailUrl\":\"https:\\\/\\\/startupvalley.news\\\/de\\\/wp-content\\\/uploads\\\/sites\\\/2\\\/2026\\\/04\\\/herCAREER_Foto_Pfluegl.jpg\",\"datePublished\":\"2026-05-01T05:35:10+00:00\",\"dateModified\":\"2026-05-01T05:35:11+00:00\",\"description\":\"Spaltungserz\u00e4hlung, Kulturkampf und Macht pr\u00e4gen Debatten. Gilda Sahebi erkl\u00e4rt Hintergr\u00fcnde und politische Dynamiken\",\"breadcrumb\":{\"@id\":\"https:\\\/\\\/startupvalley.news\\\/de\\\/spaltungserzaehlung-kulturkampf-macht\\\/#breadcrumb\"},\"inLanguage\":\"de\",\"potentialAction\":[{\"@type\":\"ReadAction\",\"target\":[\"https:\\\/\\\/startupvalley.news\\\/de\\\/spaltungserzaehlung-kulturkampf-macht\\\/\"]}]},{\"@type\":\"ImageObject\",\"inLanguage\":\"de\",\"@id\":\"https:\\\/\\\/startupvalley.news\\\/de\\\/spaltungserzaehlung-kulturkampf-macht\\\/#primaryimage\",\"url\":\"https:\\\/\\\/startupvalley.news\\\/de\\\/wp-content\\\/uploads\\\/sites\\\/2\\\/2026\\\/04\\\/herCAREER_Foto_Pfluegl.jpg\",\"contentUrl\":\"https:\\\/\\\/startupvalley.news\\\/de\\\/wp-content\\\/uploads\\\/sites\\\/2\\\/2026\\\/04\\\/herCAREER_Foto_Pfluegl.jpg\",\"width\":1200,\"height\":1031,\"caption\":\"Spaltungserz\u00e4hlung Kulturkampf Macht im Fokus herCAREER - Franz Pfluegl\"},{\"@type\":\"BreadcrumbList\",\"@id\":\"https:\\\/\\\/startupvalley.news\\\/de\\\/spaltungserzaehlung-kulturkampf-macht\\\/#breadcrumb\",\"itemListElement\":[{\"@type\":\"ListItem\",\"position\":1,\"name\":\"Home\",\"item\":\"https:\\\/\\\/startupvalley.news\\\/de\\\/\"},{\"@type\":\"ListItem\",\"position\":2,\"name\":\"Der Kulturkampf ist eine konstruierte Spaltungserz\u00e4hlung. Wir k\u00e4mpfen nicht \u2013 wir sollen k\u00e4mpfen!\"}]},{\"@type\":\"WebSite\",\"@id\":\"https:\\\/\\\/startupvalley.news\\\/de\\\/#website\",\"url\":\"https:\\\/\\\/startupvalley.news\\\/de\\\/\",\"name\":\"StartupValley\",\"description\":\"Die neuesten Trends der Startup-Szene: Finanzierung, Innovationen und Erfolgsgeschichten\",\"publisher\":{\"@id\":\"https:\\\/\\\/startupvalley.news\\\/de\\\/#organization\"},\"alternateName\":\"StartupValley Magazin\",\"potentialAction\":[{\"@type\":\"SearchAction\",\"target\":{\"@type\":\"EntryPoint\",\"urlTemplate\":\"https:\\\/\\\/startupvalley.news\\\/de\\\/?s={search_term_string}\"},\"query-input\":{\"@type\":\"PropertyValueSpecification\",\"valueRequired\":true,\"valueName\":\"search_term_string\"}}],\"inLanguage\":\"de\"},{\"@type\":\"Organization\",\"@id\":\"https:\\\/\\\/startupvalley.news\\\/de\\\/#organization\",\"name\":\"StartupValley Media\",\"url\":\"https:\\\/\\\/startupvalley.news\\\/de\\\/\",\"logo\":{\"@type\":\"ImageObject\",\"inLanguage\":\"de\",\"@id\":\"https:\\\/\\\/startupvalley.news\\\/de\\\/#\\\/schema\\\/logo\\\/image\\\/\",\"url\":\"https:\\\/\\\/startupvalley.news\\\/de\\\/wp-content\\\/uploads\\\/sites\\\/2\\\/2020\\\/12\\\/StartupValley-LOGO-neu-retina.png\",\"contentUrl\":\"https:\\\/\\\/startupvalley.news\\\/de\\\/wp-content\\\/uploads\\\/sites\\\/2\\\/2020\\\/12\\\/StartupValley-LOGO-neu-retina.png\",\"width\":460,\"height\":180,\"caption\":\"StartupValley Media\"},\"image\":{\"@id\":\"https:\\\/\\\/startupvalley.news\\\/de\\\/#\\\/schema\\\/logo\\\/image\\\/\"},\"sameAs\":[\"https:\\\/\\\/www.facebook.com\\\/startupvalleynews\",\"https:\\\/\\\/x.com\\\/startup_valley\",\"https:\\\/\\\/www.twitch.tv\\\/startupvalley\",\"https:\\\/\\\/www.linkedin.com\\\/company\\\/startupvalleymagazine\",\"https:\\\/\\\/www.instagram.com\\\/startup_valley\"]},{\"@type\":\"Person\",\"@id\":\"https:\\\/\\\/startupvalley.news\\\/de\\\/#\\\/schema\\\/person\\\/dc9abc71daa8d949d4f257f2e9883e00\",\"name\":\"StartupValley\",\"image\":{\"@type\":\"ImageObject\",\"inLanguage\":\"de\",\"@id\":\"https:\\\/\\\/secure.gravatar.com\\\/avatar\\\/6436ca57465a88bfa716825ebdd3bc23f850aaaa3a51d16da34504822452fa3a?s=96&d=mm&r=g\",\"url\":\"https:\\\/\\\/secure.gravatar.com\\\/avatar\\\/6436ca57465a88bfa716825ebdd3bc23f850aaaa3a51d16da34504822452fa3a?s=96&d=mm&r=g\",\"contentUrl\":\"https:\\\/\\\/secure.gravatar.com\\\/avatar\\\/6436ca57465a88bfa716825ebdd3bc23f850aaaa3a51d16da34504822452fa3a?s=96&d=mm&r=g\",\"caption\":\"StartupValley\"},\"description\":\"Das StartupValley Magazin ist Europas gro\u00dfes Magazin f\u00fcr Start-ups, Gr\u00fcnder und Entrepreneure. Ihr findet bei uns Tagesaktuelle News zu den neuesten Trends, Technologien und Gesch\u00e4ftsmodellen der internationalen Startup-Szene sowie Interviews mit erfolgreichen Gr\u00fcndern und Investoren.\",\"url\":\"https:\\\/\\\/startupvalley.news\\\/de\\\/author\\\/redaktion\\\/\"}]}<\/script>\n<!-- \/ Yoast SEO Premium plugin. -->","yoast_head_json":{"title":"Spaltungserz\u00e4hlung Kulturkampf Macht im Fokus","description":"Spaltungserz\u00e4hlung, Kulturkampf und Macht pr\u00e4gen Debatten. Gilda Sahebi erkl\u00e4rt Hintergr\u00fcnde und politische Dynamiken","robots":{"index":"index","follow":"follow","max-snippet":"max-snippet:-1","max-image-preview":"max-image-preview:large","max-video-preview":"max-video-preview:-1"},"canonical":"https:\/\/startupvalley.news\/de\/spaltungserzaehlung-kulturkampf-macht\/","og_locale":"de_DE","og_type":"article","og_title":"Spaltungserz\u00e4hlung und Kulturkampf: Wie Macht unsere Gesellschaft pr\u00e4gt","og_description":"Gilda Sahebi erkl\u00e4rt, warum Spaltungserz\u00e4hlung und Kulturkampf unsere Wahrnehmung beeinflussen und welche Rolle Macht dabei spielt.","og_url":"https:\/\/startupvalley.news\/de\/spaltungserzaehlung-kulturkampf-macht\/","og_site_name":"StartupValley - Erfolgreich Gr\u00fcnden und durchstarten!","article_publisher":"https:\/\/www.facebook.com\/startupvalleynews","article_published_time":"2026-05-01T05:35:10+00:00","article_modified_time":"2026-05-01T05:35:11+00:00","og_image":[{"width":1200,"height":1031,"url":"https:\/\/startupvalley.news\/de\/wp-content\/uploads\/sites\/2\/2026\/04\/herCAREER_Foto_Pfluegl.jpg","type":"image\/jpeg"}],"author":"StartupValley","twitter_card":"summary_large_image","twitter_title":"Der Kulturkampf ist eine konstruierte Spaltungserz\u00e4hlung. Wir k\u00e4mpfen nicht \u2013 wir sollen k\u00e4mpfen!","twitter_creator":"@startup_valley","twitter_site":"@startup_valley","twitter_misc":{"Verfasst von":"StartupValley","Gesch\u00e4tzte Lesezeit":"10\u00a0Minuten"},"schema":{"@context":"https:\/\/schema.org","@graph":[{"@type":"Article","@id":"https:\/\/startupvalley.news\/de\/spaltungserzaehlung-kulturkampf-macht\/#article","isPartOf":{"@id":"https:\/\/startupvalley.news\/de\/spaltungserzaehlung-kulturkampf-macht\/"},"author":{"name":"StartupValley","@id":"https:\/\/startupvalley.news\/de\/#\/schema\/person\/dc9abc71daa8d949d4f257f2e9883e00"},"headline":"Der Kulturkampf ist eine konstruierte Spaltungserz\u00e4hlung. Wir k\u00e4mpfen nicht \u2013 wir sollen k\u00e4mpfen!","datePublished":"2026-05-01T05:35:10+00:00","dateModified":"2026-05-01T05:35:11+00:00","mainEntityOfPage":{"@id":"https:\/\/startupvalley.news\/de\/spaltungserzaehlung-kulturkampf-macht\/"},"wordCount":1746,"publisher":{"@id":"https:\/\/startupvalley.news\/de\/#organization"},"image":{"@id":"https:\/\/startupvalley.news\/de\/spaltungserzaehlung-kulturkampf-macht\/#primaryimage"},"thumbnailUrl":"https:\/\/startupvalley.news\/de\/wp-content\/uploads\/sites\/2\/2026\/04\/herCAREER_Foto_Pfluegl.jpg","keywords":["Autoritarismus","Debatte","Demokratie","Gesellschaft","Kulturkampf","Macht","Medien","Polarisierung","Politik","Spaltungserz\u00e4hlung"],"articleSection":["Events &amp; Termine","Female Founders"],"inLanguage":"de","copyrightYear":"2026","copyrightHolder":{"@id":"https:\/\/startupvalley.news\/#organization"}},{"@type":"WebPage","@id":"https:\/\/startupvalley.news\/de\/spaltungserzaehlung-kulturkampf-macht\/","url":"https:\/\/startupvalley.news\/de\/spaltungserzaehlung-kulturkampf-macht\/","name":"Spaltungserz\u00e4hlung Kulturkampf Macht im Fokus","isPartOf":{"@id":"https:\/\/startupvalley.news\/de\/#website"},"primaryImageOfPage":{"@id":"https:\/\/startupvalley.news\/de\/spaltungserzaehlung-kulturkampf-macht\/#primaryimage"},"image":{"@id":"https:\/\/startupvalley.news\/de\/spaltungserzaehlung-kulturkampf-macht\/#primaryimage"},"thumbnailUrl":"https:\/\/startupvalley.news\/de\/wp-content\/uploads\/sites\/2\/2026\/04\/herCAREER_Foto_Pfluegl.jpg","datePublished":"2026-05-01T05:35:10+00:00","dateModified":"2026-05-01T05:35:11+00:00","description":"Spaltungserz\u00e4hlung, Kulturkampf und Macht pr\u00e4gen Debatten. Gilda Sahebi erkl\u00e4rt Hintergr\u00fcnde und politische Dynamiken","breadcrumb":{"@id":"https:\/\/startupvalley.news\/de\/spaltungserzaehlung-kulturkampf-macht\/#breadcrumb"},"inLanguage":"de","potentialAction":[{"@type":"ReadAction","target":["https:\/\/startupvalley.news\/de\/spaltungserzaehlung-kulturkampf-macht\/"]}]},{"@type":"ImageObject","inLanguage":"de","@id":"https:\/\/startupvalley.news\/de\/spaltungserzaehlung-kulturkampf-macht\/#primaryimage","url":"https:\/\/startupvalley.news\/de\/wp-content\/uploads\/sites\/2\/2026\/04\/herCAREER_Foto_Pfluegl.jpg","contentUrl":"https:\/\/startupvalley.news\/de\/wp-content\/uploads\/sites\/2\/2026\/04\/herCAREER_Foto_Pfluegl.jpg","width":1200,"height":1031,"caption":"Spaltungserz\u00e4hlung Kulturkampf Macht im Fokus herCAREER - Franz Pfluegl"},{"@type":"BreadcrumbList","@id":"https:\/\/startupvalley.news\/de\/spaltungserzaehlung-kulturkampf-macht\/#breadcrumb","itemListElement":[{"@type":"ListItem","position":1,"name":"Home","item":"https:\/\/startupvalley.news\/de\/"},{"@type":"ListItem","position":2,"name":"Der Kulturkampf ist eine konstruierte Spaltungserz\u00e4hlung. Wir k\u00e4mpfen nicht \u2013 wir sollen k\u00e4mpfen!"}]},{"@type":"WebSite","@id":"https:\/\/startupvalley.news\/de\/#website","url":"https:\/\/startupvalley.news\/de\/","name":"StartupValley","description":"Die neuesten Trends der Startup-Szene: Finanzierung, Innovationen und Erfolgsgeschichten","publisher":{"@id":"https:\/\/startupvalley.news\/de\/#organization"},"alternateName":"StartupValley Magazin","potentialAction":[{"@type":"SearchAction","target":{"@type":"EntryPoint","urlTemplate":"https:\/\/startupvalley.news\/de\/?s={search_term_string}"},"query-input":{"@type":"PropertyValueSpecification","valueRequired":true,"valueName":"search_term_string"}}],"inLanguage":"de"},{"@type":"Organization","@id":"https:\/\/startupvalley.news\/de\/#organization","name":"StartupValley Media","url":"https:\/\/startupvalley.news\/de\/","logo":{"@type":"ImageObject","inLanguage":"de","@id":"https:\/\/startupvalley.news\/de\/#\/schema\/logo\/image\/","url":"https:\/\/startupvalley.news\/de\/wp-content\/uploads\/sites\/2\/2020\/12\/StartupValley-LOGO-neu-retina.png","contentUrl":"https:\/\/startupvalley.news\/de\/wp-content\/uploads\/sites\/2\/2020\/12\/StartupValley-LOGO-neu-retina.png","width":460,"height":180,"caption":"StartupValley Media"},"image":{"@id":"https:\/\/startupvalley.news\/de\/#\/schema\/logo\/image\/"},"sameAs":["https:\/\/www.facebook.com\/startupvalleynews","https:\/\/x.com\/startup_valley","https:\/\/www.twitch.tv\/startupvalley","https:\/\/www.linkedin.com\/company\/startupvalleymagazine","https:\/\/www.instagram.com\/startup_valley"]},{"@type":"Person","@id":"https:\/\/startupvalley.news\/de\/#\/schema\/person\/dc9abc71daa8d949d4f257f2e9883e00","name":"StartupValley","image":{"@type":"ImageObject","inLanguage":"de","@id":"https:\/\/secure.gravatar.com\/avatar\/6436ca57465a88bfa716825ebdd3bc23f850aaaa3a51d16da34504822452fa3a?s=96&d=mm&r=g","url":"https:\/\/secure.gravatar.com\/avatar\/6436ca57465a88bfa716825ebdd3bc23f850aaaa3a51d16da34504822452fa3a?s=96&d=mm&r=g","contentUrl":"https:\/\/secure.gravatar.com\/avatar\/6436ca57465a88bfa716825ebdd3bc23f850aaaa3a51d16da34504822452fa3a?s=96&d=mm&r=g","caption":"StartupValley"},"description":"Das StartupValley Magazin ist Europas gro\u00dfes Magazin f\u00fcr Start-ups, Gr\u00fcnder und Entrepreneure. Ihr findet bei uns Tagesaktuelle News zu den neuesten Trends, Technologien und Gesch\u00e4ftsmodellen der internationalen Startup-Szene sowie Interviews mit erfolgreichen Gr\u00fcndern und Investoren.","url":"https:\/\/startupvalley.news\/de\/author\/redaktion\/"}]}},"_links":{"self":[{"href":"https:\/\/startupvalley.news\/de\/wp-json\/wp\/v2\/posts\/122991","targetHints":{"allow":["GET"]}}],"collection":[{"href":"https:\/\/startupvalley.news\/de\/wp-json\/wp\/v2\/posts"}],"about":[{"href":"https:\/\/startupvalley.news\/de\/wp-json\/wp\/v2\/types\/post"}],"author":[{"embeddable":true,"href":"https:\/\/startupvalley.news\/de\/wp-json\/wp\/v2\/users\/9"}],"replies":[{"embeddable":true,"href":"https:\/\/startupvalley.news\/de\/wp-json\/wp\/v2\/comments?post=122991"}],"version-history":[{"count":2,"href":"https:\/\/startupvalley.news\/de\/wp-json\/wp\/v2\/posts\/122991\/revisions"}],"predecessor-version":[{"id":123129,"href":"https:\/\/startupvalley.news\/de\/wp-json\/wp\/v2\/posts\/122991\/revisions\/123129"}],"wp:featuredmedia":[{"embeddable":true,"href":"https:\/\/startupvalley.news\/de\/wp-json\/wp\/v2\/media\/123128"}],"wp:attachment":[{"href":"https:\/\/startupvalley.news\/de\/wp-json\/wp\/v2\/media?parent=122991"}],"wp:term":[{"taxonomy":"category","embeddable":true,"href":"https:\/\/startupvalley.news\/de\/wp-json\/wp\/v2\/categories?post=122991"},{"taxonomy":"post_tag","embeddable":true,"href":"https:\/\/startupvalley.news\/de\/wp-json\/wp\/v2\/tags?post=122991"}],"curies":[{"name":"wp","href":"https:\/\/api.w.org\/{rel}","templated":true}]}}