{"id":123022,"date":"2026-04-30T09:00:08","date_gmt":"2026-04-30T07:00:08","guid":{"rendered":"https:\/\/startupvalley.news\/de\/?p=123022"},"modified":"2026-04-30T10:19:27","modified_gmt":"2026-04-30T08:19:27","slug":"gabriel-bobinski-ceo-frontnow","status":"publish","type":"post","link":"https:\/\/startupvalley.news\/de\/gabriel-bobinski-ceo-frontnow\/","title":{"rendered":"Frontnow ernennt Gabriel Bobinski zum CEO"},"content":{"rendered":"\n<div class=\"wp-block-yoast-seo-table-of-contents yoast-table-of-contents\"><h2>Inhaltsverzeichnis<\/h2><ul><li><a href=\"#h-gabriel-bobinski-wird-ceo-bei-frontnow-in-neuer-wachstumsphase\" data-level=\"3\">Gabriel Bobinski wird CEO bei Frontnow in neuer Wachstumsphase<\/a><\/li><li><a href=\"#h-gabriel-bobinski-wird-ceo-bei-frontnow-und-treibt-ki-handel-voran\" data-level=\"3\">Gabriel Bobinski wird CEO bei Frontnow und treibt KI Handel voran<\/a><\/li><li><a href=\"#h-gabriel-bobinski-wird-ceo-bei-frontnow-mit-fokus-auf-expansion\" data-level=\"3\">Gabriel Bobinski wird CEO bei Frontnow mit Fokus auf Expansion<\/a><\/li><\/ul><\/div>\n\n\n\n<p>Gabriel Bobinski wird CEO bei Frontnow und \u00fcbernimmt damit eine zentrale Rolle in der n\u00e4chsten Wachstumsphase des Berliner KI-Unternehmens. Mit dem Wechsel an der Spitze r\u00fcckt die Skalierung im KI-getriebenen Handel noch st\u00e4rker in den Fokus.<\/p>\n\n\n\n<h3 class=\"wp-block-heading\" id=\"h-gabriel-bobinski-wird-ceo-bei-frontnow-in-neuer-wachstumsphase\">Gabriel Bobinski wird CEO bei Frontnow in neuer Wachstumsphase<\/h3>\n\n\n\n<p>Frontnow gewinnt Gabriel Bobinski als CEO f\u00fcr die n\u00e4chste<br>Wachstumsphase im KI-getriebenen Handel<br>Mit dem Wechsel von Gr\u00fcnder Marc Funk in die Rolle des Chief Revenue Officer sch\u00e4rft<br>Frontnow sein F\u00fchrungsteam, um die Revenue Infrastructure f\u00fcr KI-getriebenen Handel zu<br>skalieren und den n\u00e4chsten Wachstumsschritt zu gestalten.<br>Berlin, 30. April 2026 \u2013 Frontnow, das in Berlin ans\u00e4ssige KI-Unternehmen f\u00fcr<br>digitalen Handel, gewinnt Gabriel Bobinski als CEO und Equity Partner. Gr\u00fcnder Marc<br>Funk \u00fcbernimmt k\u00fcnftig die Rolle des Chief Revenue Officer und fokussiert sich damit<br>noch st\u00e4rker auf Umsatzwachstum und Marktausbau.<\/p>\n\n\n\n<p>Mit dieser personellen Weichenstellung geht Frontnow in die n\u00e4chste<br>Entwicklungsphase: weg vom reinen Produktaufbau, hin zu st\u00e4rkerer Skalierung,<br>klarerer operativer Umsetzung und dem weiteren Ausbau der Marktposition.<\/p>\n\n\n\n<h3 class=\"wp-block-heading\" id=\"h-gabriel-bobinski-wird-ceo-bei-frontnow-und-treibt-ki-handel-voran\">Gabriel Bobinski wird CEO bei Frontnow und treibt KI Handel voran<\/h3>\n\n\n\n<p><a href=\"https:\/\/startupvalley.news\/de\/frontnow-produktdaten-ki-ecommerce\/\" target=\"_blank\" rel=\"noreferrer noopener\">Frontnow<\/a> baut die Revenue Infrastructure f\u00fcr KI-getriebenen Handel<br>Die Plattform verbindet Produktdaten, Content und Commerce-Systeme in einem<br>intelligenten Datenlayer, der Sichtbarkeit erh\u00f6ht, bessere Produktentscheidungen<br>erm\u00f6glicht und messbares Umsatzwachstum schafft.<\/p>\n\n\n\n<p>Das Produktportfolio von Frontnow, darunter Enhance und Advise, hilft H\u00e4ndlern<br>dabei, Produktdaten in Sichtbarkeit, Relevanz, bessere Produktentscheidungen und<br>messbare Umsatzwirkung zu \u00fcbersetzen. Da KI zunehmend ver\u00e4ndert, wie Produkte<br>gefunden, verglichen und ausgew\u00e4hlt werden, brauchen H\u00e4ndler eine neue<br>Infrastruktur, die Produktdaten in kommerzielle Wirkung \u00fcbersetzt. Genau hier setzt<br>Frontnow an.<\/p>\n\n\n\n<p>\u201eIm KI-Zeitalter sind Produktentscheidungen nur so stark wie die Daten, auf denen sie<br>basieren. FrontNow baut die Infrastruktur, mit der H\u00e4ndler in einer sich schnell<br>ver\u00e4ndernden digitalen Umgebung sichtbar, relevant und conversion-stark bleiben\u201c<br>, sagt Gabriel Bobinski, CEO und Equity Partner von Frontnow.<\/p>\n\n\n\n<h3 class=\"wp-block-heading\" id=\"h-gabriel-bobinski-wird-ceo-bei-frontnow-mit-fokus-auf-expansion\">Gabriel Bobinski wird CEO bei Frontnow mit Fokus auf Expansion<\/h3>\n\n\n\n<p>Mit Gabriel Bobinski gewinnt Frontnow einen erfahrenen Unternehmer und<br>Digital-Executive mit nachweislicher Expertise in Aufbau, Skalierung und<br>Restrukturierung technologiegetriebener Unternehmen. Er wird die n\u00e4chste<br>Wachstumsphase operativ f\u00fchren, die Plattform weiter skalieren und Frontnow auf den<br>n\u00e4chsten Finanzierungsschritt vorbereiten.<\/p>\n\n\n\n<p>\u201eGabriel bringt genau die operative St\u00e4rke und den Wachstumsfokus mit, die Frontnow<br>f\u00fcr das n\u00e4chste Kapitel braucht\u201c, sagt <a href=\"https:\/\/www.linkedin.com\/in\/marcfunk\/\" target=\"_blank\" rel=\"noreferrer noopener\">Marc Funk<\/a>, Gr\u00fcnder und CRO von Frontnow.<br>\u201eUns verbindet die Ambition, ein pr\u00e4gendes Unternehmen an der Schnittstelle von<br>Produktdaten, KI und Commerce aufzubauen.\u201c<\/p>\n\n\n\n<p>Bis heute hat Frontnow 10 Millionen Euro f\u00fcr Produktentwicklung und Go-to-Market<br>eingesammelt. Mit dem erweiterten F\u00fchrungsteam geht das Unternehmen nun in die<br>n\u00e4chste Phase, mit Fokus auf Wachstum, internationale Expansion und st\u00e4rkere<br>Sichtbarkeit im Markt. Mit diesem Schritt unterstreicht Frontnow den Anspruch, eine<br>neue Generation digitaler Commerce-Erlebnisse mitzugestalten. Dort, wo<br>Produktintelligenz, gef\u00fchrte Produktauswahl und bessere Kaufentscheidungen<br>zunehmend \u00fcber Markterfolg entscheiden.<\/p>\n\n\n\n<p>\u00dcber Gabriel Bobinski<br>Gabriel Bobinski ist Unternehmer und Digital-Executive mit nachweislicher Erfahrung<br>im Aufbau und in der Skalierung technologiegetriebener Unternehmen. Er gr\u00fcndete<br>und leitete die On-Demand-Home-Services-Plattform Call Jeffrey, die er zu einem<br>Unternehmen mit \u00fcber 280 Mitarbeitenden entwickelte, bevor sie 2021 an die Helpling<br>Group verkauft wurde. Im Anschluss war er dort als Chief Business Development<br>Officer t\u00e4tig.<\/p>\n\n\n\n<p>Sp\u00e4ter wechselte er als CEO und Co-Founder zu Datacraft, einer M\u00fcnchner<br>Online-Akademie f\u00fcr Data Scientists, wo er die Restrukturierung des Unternehmens<br>und den anschlie\u00dfenden Exit verantwortete. Mit mehr als zehn Jahren Erfahrung auf<br>C-Level-Ebene arbeitete Bobinski an den Schnittstellen von Produkt, Marketing,<br>Operations und kommerzieller Strategie \u2013 mit Fokus auf datengetriebenes Wachstum,<br>klare Execution und internationale Skalierung.<\/p>\n\n\n\n<p>Bild @ Frontnow<\/p>\n\n\n\n<p class=\"has-text-align-right\">Quelle COHORT GmbH<\/p>\n\n\n\n<ul class=\"wp-block-yoast-seo-related-links yoast-seo-related-links\">\n<li><a href=\"https:\/\/startupvalley.news\/de\/smart-deutschland-ceo-florian-nemitz\/\">Florian Nemitz folgt auf Wolfgang Ufer als CEO von smart Deutschland<\/a><\/li>\n\n\n\n<li><a href=\"https:\/\/startupvalley.news\/de\/micerate-revenue-management\/\">Netzwerken ist unglaublich wichtig<\/a><\/li>\n\n\n\n<li><a href=\"https:\/\/startupvalley.news\/de\/ki-agent-happyhotel-hotels\/\">6,5 Millionen Euro Series A: happyhotel treibt KI im Revenue Management voran<\/a><\/li>\n\n\n\n<li><a href=\"https:\/\/startupvalley.news\/de\/purpose-green\/\">Rationale, datengetriebene Entscheidungen zahlen sich langfristig immer aus<\/a><\/li>\n\n\n\n<li><a href=\"https:\/\/startupvalley.news\/de\/skalierung-startups\/\">Wie wichtig ist die Unternehmenskultur beim Wachstum von Start-ups?<\/a><\/li>\n<\/ul>\n","protected":false},"excerpt":{"rendered":"<p>Gabriel Bobinski \u00fcbernimmt die CEO-Rolle bei Frontnow. Das Berliner KI-Unternehmen stellt damit die Weichen f\u00fcr Skalierung und Wachstum im digitalen Handel.<\/p>\n","protected":false},"author":9,"featured_media":123023,"comment_status":"closed","ping_status":"open","sticky":false,"template":"","format":"standard","meta":{"_acf_changed":false,"footnotes":""},"categories":[936],"tags":[29589,29591,29588,29590,27185],"class_list":{"0":"post-123022","1":"post","2":"type-post","3":"status-publish","4":"format-standard","5":"has-post-thumbnail","7":"category-startups","8":"tag-ceo-wechsel","9":"tag-frontnow","10":"tag-gabriel-bobinski","11":"tag-ki-handel","12":"tag-startup-berlin"},"acf":[],"yoast_head":"<!-- This site is optimized with the Yoast SEO Premium plugin v26.7 (Yoast SEO v26.7) - https:\/\/yoast.com\/wordpress\/plugins\/seo\/ -->\n<title>Gabriel Bobinski wird CEO bei Frontnow<\/title>\n<meta name=\"description\" content=\"Gabriel Bobinski wird CEO bei Frontnow und \u00fcbernimmt die F\u00fchrung f\u00fcr die n\u00e4chste Wachstumsphase im KI Handel\" \/>\n<meta name=\"robots\" content=\"index, follow, max-snippet:-1, max-image-preview:large, max-video-preview:-1\" \/>\n<link rel=\"canonical\" href=\"https:\/\/startupvalley.news\/de\/gabriel-bobinski-ceo-frontnow\/\" \/>\n<meta property=\"og:locale\" content=\"de_DE\" \/>\n<meta property=\"og:type\" content=\"article\" \/>\n<meta property=\"og:title\" content=\"Gabriel Bobinski wird CEO bei Frontnow\" \/>\n<meta property=\"og:description\" content=\"Frontnow holt Gabriel Bobinski als CEO und setzt auf Wachstum und Skalierung im KI-getriebenen Handel.\" \/>\n<meta property=\"og:url\" content=\"https:\/\/startupvalley.news\/de\/gabriel-bobinski-ceo-frontnow\/\" \/>\n<meta property=\"og:site_name\" content=\"StartupValley - Erfolgreich Gr\u00fcnden und durchstarten!\" \/>\n<meta property=\"article:publisher\" content=\"https:\/\/www.facebook.com\/startupvalleynews\" \/>\n<meta property=\"article:published_time\" content=\"2026-04-30T07:00:08+00:00\" \/>\n<meta property=\"article:modified_time\" content=\"2026-04-30T08:19:27+00:00\" \/>\n<meta property=\"og:image\" content=\"https:\/\/startupvalley.news\/de\/wp-content\/uploads\/sites\/2\/2026\/04\/Frontnow_2.jpeg\" \/>\n\t<meta property=\"og:image:width\" content=\"1200\" \/>\n\t<meta property=\"og:image:height\" content=\"852\" \/>\n\t<meta property=\"og:image:type\" content=\"image\/jpeg\" \/>\n<meta name=\"author\" content=\"StartupValley\" \/>\n<meta name=\"twitter:card\" content=\"summary_large_image\" \/>\n<meta name=\"twitter:title\" content=\"Frontnow ernennt Gabriel Bobinski zum CEO\" \/>\n<meta name=\"twitter:creator\" content=\"@startup_valley\" \/>\n<meta name=\"twitter:site\" content=\"@startup_valley\" \/>\n<meta name=\"twitter:label1\" content=\"Verfasst von\" \/>\n\t<meta name=\"twitter:data1\" content=\"StartupValley\" \/>\n\t<meta name=\"twitter:label2\" content=\"Gesch\u00e4tzte Lesezeit\" \/>\n\t<meta name=\"twitter:data2\" content=\"4\u00a0Minuten\" \/>\n<script type=\"application\/ld+json\" class=\"yoast-schema-graph\">{\"@context\":\"https:\/\/schema.org\",\"@graph\":[{\"@type\":\"Article\",\"@id\":\"https:\/\/startupvalley.news\/de\/gabriel-bobinski-ceo-frontnow\/#article\",\"isPartOf\":{\"@id\":\"https:\/\/startupvalley.news\/de\/gabriel-bobinski-ceo-frontnow\/\"},\"author\":{\"name\":\"StartupValley\",\"@id\":\"https:\/\/startupvalley.news\/de\/#\/schema\/person\/dc9abc71daa8d949d4f257f2e9883e00\"},\"headline\":\"Frontnow ernennt Gabriel Bobinski zum CEO\",\"datePublished\":\"2026-04-30T07:00:08+00:00\",\"dateModified\":\"2026-04-30T08:19:27+00:00\",\"mainEntityOfPage\":{\"@id\":\"https:\/\/startupvalley.news\/de\/gabriel-bobinski-ceo-frontnow\/\"},\"wordCount\":640,\"publisher\":{\"@id\":\"https:\/\/startupvalley.news\/de\/#organization\"},\"image\":{\"@id\":\"https:\/\/startupvalley.news\/de\/gabriel-bobinski-ceo-frontnow\/#primaryimage\"},\"thumbnailUrl\":\"https:\/\/startupvalley.news\/de\/wp-content\/uploads\/sites\/2\/2026\/04\/Frontnow_2.jpeg\",\"keywords\":[\"CEO Wechsel\",\"Frontnow\",\"Gabriel Bobinski\",\"KI Handel\",\"Startup Berlin\"],\"articleSection\":[\"Startups\"],\"inLanguage\":\"de\",\"copyrightYear\":\"2026\",\"copyrightHolder\":{\"@id\":\"https:\/\/startupvalley.news\/#organization\"},\"accessibilityFeature\":[\"tableOfContents\"]},{\"@type\":\"WebPage\",\"@id\":\"https:\/\/startupvalley.news\/de\/gabriel-bobinski-ceo-frontnow\/\",\"url\":\"https:\/\/startupvalley.news\/de\/gabriel-bobinski-ceo-frontnow\/\",\"name\":\"Gabriel Bobinski wird CEO bei Frontnow\",\"isPartOf\":{\"@id\":\"https:\/\/startupvalley.news\/de\/#website\"},\"primaryImageOfPage\":{\"@id\":\"https:\/\/startupvalley.news\/de\/gabriel-bobinski-ceo-frontnow\/#primaryimage\"},\"image\":{\"@id\":\"https:\/\/startupvalley.news\/de\/gabriel-bobinski-ceo-frontnow\/#primaryimage\"},\"thumbnailUrl\":\"https:\/\/startupvalley.news\/de\/wp-content\/uploads\/sites\/2\/2026\/04\/Frontnow_2.jpeg\",\"datePublished\":\"2026-04-30T07:00:08+00:00\",\"dateModified\":\"2026-04-30T08:19:27+00:00\",\"description\":\"Gabriel Bobinski wird CEO bei Frontnow und \u00fcbernimmt die F\u00fchrung f\u00fcr die n\u00e4chste Wachstumsphase im KI Handel\",\"breadcrumb\":{\"@id\":\"https:\/\/startupvalley.news\/de\/gabriel-bobinski-ceo-frontnow\/#breadcrumb\"},\"inLanguage\":\"de\",\"potentialAction\":[{\"@type\":\"ReadAction\",\"target\":[\"https:\/\/startupvalley.news\/de\/gabriel-bobinski-ceo-frontnow\/\"]}]},{\"@type\":\"ImageObject\",\"inLanguage\":\"de\",\"@id\":\"https:\/\/startupvalley.news\/de\/gabriel-bobinski-ceo-frontnow\/#primaryimage\",\"url\":\"https:\/\/startupvalley.news\/de\/wp-content\/uploads\/sites\/2\/2026\/04\/Frontnow_2.jpeg\",\"contentUrl\":\"https:\/\/startupvalley.news\/de\/wp-content\/uploads\/sites\/2\/2026\/04\/Frontnow_2.jpeg\",\"width\":1200,\"height\":852,\"caption\":\"Gabriel Bobinski wird CEO bei Frontnow\"},{\"@type\":\"BreadcrumbList\",\"@id\":\"https:\/\/startupvalley.news\/de\/gabriel-bobinski-ceo-frontnow\/#breadcrumb\",\"itemListElement\":[{\"@type\":\"ListItem\",\"position\":1,\"name\":\"Home\",\"item\":\"https:\/\/startupvalley.news\/de\/\"},{\"@type\":\"ListItem\",\"position\":2,\"name\":\"Frontnow ernennt Gabriel Bobinski zum CEO\"}]},{\"@type\":\"WebSite\",\"@id\":\"https:\/\/startupvalley.news\/de\/#website\",\"url\":\"https:\/\/startupvalley.news\/de\/\",\"name\":\"StartupValley\",\"description\":\"Die neuesten Trends der Startup-Szene: Finanzierung, Innovationen und Erfolgsgeschichten\",\"publisher\":{\"@id\":\"https:\/\/startupvalley.news\/de\/#organization\"},\"alternateName\":\"StartupValley Magazin\",\"potentialAction\":[{\"@type\":\"SearchAction\",\"target\":{\"@type\":\"EntryPoint\",\"urlTemplate\":\"https:\/\/startupvalley.news\/de\/?s={search_term_string}\"},\"query-input\":{\"@type\":\"PropertyValueSpecification\",\"valueRequired\":true,\"valueName\":\"search_term_string\"}}],\"inLanguage\":\"de\"},{\"@type\":\"Organization\",\"@id\":\"https:\/\/startupvalley.news\/de\/#organization\",\"name\":\"StartupValley Media\",\"url\":\"https:\/\/startupvalley.news\/de\/\",\"logo\":{\"@type\":\"ImageObject\",\"inLanguage\":\"de\",\"@id\":\"https:\/\/startupvalley.news\/de\/#\/schema\/logo\/image\/\",\"url\":\"https:\/\/startupvalley.news\/de\/wp-content\/uploads\/sites\/2\/2020\/12\/StartupValley-LOGO-neu-retina.png\",\"contentUrl\":\"https:\/\/startupvalley.news\/de\/wp-content\/uploads\/sites\/2\/2020\/12\/StartupValley-LOGO-neu-retina.png\",\"width\":460,\"height\":180,\"caption\":\"StartupValley Media\"},\"image\":{\"@id\":\"https:\/\/startupvalley.news\/de\/#\/schema\/logo\/image\/\"},\"sameAs\":[\"https:\/\/www.facebook.com\/startupvalleynews\",\"https:\/\/x.com\/startup_valley\",\"https:\/\/www.twitch.tv\/startupvalley\",\"https:\/\/www.linkedin.com\/company\/startupvalleymagazine\",\"https:\/\/www.instagram.com\/startup_valley\"]},{\"@type\":\"Person\",\"@id\":\"https:\/\/startupvalley.news\/de\/#\/schema\/person\/dc9abc71daa8d949d4f257f2e9883e00\",\"name\":\"StartupValley\",\"image\":{\"@type\":\"ImageObject\",\"inLanguage\":\"de\",\"@id\":\"https:\/\/startupvalley.news\/de\/#\/schema\/person\/image\/\",\"url\":\"https:\/\/secure.gravatar.com\/avatar\/6436ca57465a88bfa716825ebdd3bc23f850aaaa3a51d16da34504822452fa3a?s=96&d=mm&r=g\",\"contentUrl\":\"https:\/\/secure.gravatar.com\/avatar\/6436ca57465a88bfa716825ebdd3bc23f850aaaa3a51d16da34504822452fa3a?s=96&d=mm&r=g\",\"caption\":\"StartupValley\"},\"description\":\"Das StartupValley Magazin ist Europas gro\u00dfes Magazin f\u00fcr Start-ups, Gr\u00fcnder und Entrepreneure. Ihr findet bei uns Tagesaktuelle News zu den neuesten Trends, Technologien und Gesch\u00e4ftsmodellen der internationalen Startup-Szene sowie Interviews mit erfolgreichen Gr\u00fcndern und Investoren.\",\"url\":\"https:\/\/startupvalley.news\/de\/author\/redaktion\/\"}]}<\/script>\n<!-- \/ Yoast SEO Premium plugin. -->","yoast_head_json":{"title":"Gabriel Bobinski wird CEO bei Frontnow","description":"Gabriel Bobinski wird CEO bei Frontnow und \u00fcbernimmt die F\u00fchrung f\u00fcr die n\u00e4chste Wachstumsphase im KI Handel","robots":{"index":"index","follow":"follow","max-snippet":"max-snippet:-1","max-image-preview":"max-image-preview:large","max-video-preview":"max-video-preview:-1"},"canonical":"https:\/\/startupvalley.news\/de\/gabriel-bobinski-ceo-frontnow\/","og_locale":"de_DE","og_type":"article","og_title":"Gabriel Bobinski wird CEO bei Frontnow","og_description":"Frontnow holt Gabriel Bobinski als CEO und setzt auf Wachstum und Skalierung im KI-getriebenen Handel.","og_url":"https:\/\/startupvalley.news\/de\/gabriel-bobinski-ceo-frontnow\/","og_site_name":"StartupValley - Erfolgreich Gr\u00fcnden und durchstarten!","article_publisher":"https:\/\/www.facebook.com\/startupvalleynews","article_published_time":"2026-04-30T07:00:08+00:00","article_modified_time":"2026-04-30T08:19:27+00:00","og_image":[{"width":1200,"height":852,"url":"https:\/\/startupvalley.news\/de\/wp-content\/uploads\/sites\/2\/2026\/04\/Frontnow_2.jpeg","type":"image\/jpeg"}],"author":"StartupValley","twitter_card":"summary_large_image","twitter_title":"Frontnow ernennt Gabriel Bobinski zum CEO","twitter_creator":"@startup_valley","twitter_site":"@startup_valley","twitter_misc":{"Verfasst von":"StartupValley","Gesch\u00e4tzte Lesezeit":"4\u00a0Minuten"},"schema":{"@context":"https:\/\/schema.org","@graph":[{"@type":"Article","@id":"https:\/\/startupvalley.news\/de\/gabriel-bobinski-ceo-frontnow\/#article","isPartOf":{"@id":"https:\/\/startupvalley.news\/de\/gabriel-bobinski-ceo-frontnow\/"},"author":{"name":"StartupValley","@id":"https:\/\/startupvalley.news\/de\/#\/schema\/person\/dc9abc71daa8d949d4f257f2e9883e00"},"headline":"Frontnow ernennt Gabriel Bobinski zum CEO","datePublished":"2026-04-30T07:00:08+00:00","dateModified":"2026-04-30T08:19:27+00:00","mainEntityOfPage":{"@id":"https:\/\/startupvalley.news\/de\/gabriel-bobinski-ceo-frontnow\/"},"wordCount":640,"publisher":{"@id":"https:\/\/startupvalley.news\/de\/#organization"},"image":{"@id":"https:\/\/startupvalley.news\/de\/gabriel-bobinski-ceo-frontnow\/#primaryimage"},"thumbnailUrl":"https:\/\/startupvalley.news\/de\/wp-content\/uploads\/sites\/2\/2026\/04\/Frontnow_2.jpeg","keywords":["CEO Wechsel","Frontnow","Gabriel Bobinski","KI Handel","Startup Berlin"],"articleSection":["Startups"],"inLanguage":"de","copyrightYear":"2026","copyrightHolder":{"@id":"https:\/\/startupvalley.news\/#organization"},"accessibilityFeature":["tableOfContents"]},{"@type":"WebPage","@id":"https:\/\/startupvalley.news\/de\/gabriel-bobinski-ceo-frontnow\/","url":"https:\/\/startupvalley.news\/de\/gabriel-bobinski-ceo-frontnow\/","name":"Gabriel Bobinski wird CEO bei Frontnow","isPartOf":{"@id":"https:\/\/startupvalley.news\/de\/#website"},"primaryImageOfPage":{"@id":"https:\/\/startupvalley.news\/de\/gabriel-bobinski-ceo-frontnow\/#primaryimage"},"image":{"@id":"https:\/\/startupvalley.news\/de\/gabriel-bobinski-ceo-frontnow\/#primaryimage"},"thumbnailUrl":"https:\/\/startupvalley.news\/de\/wp-content\/uploads\/sites\/2\/2026\/04\/Frontnow_2.jpeg","datePublished":"2026-04-30T07:00:08+00:00","dateModified":"2026-04-30T08:19:27+00:00","description":"Gabriel Bobinski wird CEO bei Frontnow und \u00fcbernimmt die F\u00fchrung f\u00fcr die n\u00e4chste Wachstumsphase im KI Handel","breadcrumb":{"@id":"https:\/\/startupvalley.news\/de\/gabriel-bobinski-ceo-frontnow\/#breadcrumb"},"inLanguage":"de","potentialAction":[{"@type":"ReadAction","target":["https:\/\/startupvalley.news\/de\/gabriel-bobinski-ceo-frontnow\/"]}]},{"@type":"ImageObject","inLanguage":"de","@id":"https:\/\/startupvalley.news\/de\/gabriel-bobinski-ceo-frontnow\/#primaryimage","url":"https:\/\/startupvalley.news\/de\/wp-content\/uploads\/sites\/2\/2026\/04\/Frontnow_2.jpeg","contentUrl":"https:\/\/startupvalley.news\/de\/wp-content\/uploads\/sites\/2\/2026\/04\/Frontnow_2.jpeg","width":1200,"height":852,"caption":"Gabriel Bobinski wird CEO bei Frontnow"},{"@type":"BreadcrumbList","@id":"https:\/\/startupvalley.news\/de\/gabriel-bobinski-ceo-frontnow\/#breadcrumb","itemListElement":[{"@type":"ListItem","position":1,"name":"Home","item":"https:\/\/startupvalley.news\/de\/"},{"@type":"ListItem","position":2,"name":"Frontnow ernennt Gabriel Bobinski zum CEO"}]},{"@type":"WebSite","@id":"https:\/\/startupvalley.news\/de\/#website","url":"https:\/\/startupvalley.news\/de\/","name":"StartupValley","description":"Die neuesten Trends der Startup-Szene: Finanzierung, Innovationen und Erfolgsgeschichten","publisher":{"@id":"https:\/\/startupvalley.news\/de\/#organization"},"alternateName":"StartupValley Magazin","potentialAction":[{"@type":"SearchAction","target":{"@type":"EntryPoint","urlTemplate":"https:\/\/startupvalley.news\/de\/?s={search_term_string}"},"query-input":{"@type":"PropertyValueSpecification","valueRequired":true,"valueName":"search_term_string"}}],"inLanguage":"de"},{"@type":"Organization","@id":"https:\/\/startupvalley.news\/de\/#organization","name":"StartupValley Media","url":"https:\/\/startupvalley.news\/de\/","logo":{"@type":"ImageObject","inLanguage":"de","@id":"https:\/\/startupvalley.news\/de\/#\/schema\/logo\/image\/","url":"https:\/\/startupvalley.news\/de\/wp-content\/uploads\/sites\/2\/2020\/12\/StartupValley-LOGO-neu-retina.png","contentUrl":"https:\/\/startupvalley.news\/de\/wp-content\/uploads\/sites\/2\/2020\/12\/StartupValley-LOGO-neu-retina.png","width":460,"height":180,"caption":"StartupValley Media"},"image":{"@id":"https:\/\/startupvalley.news\/de\/#\/schema\/logo\/image\/"},"sameAs":["https:\/\/www.facebook.com\/startupvalleynews","https:\/\/x.com\/startup_valley","https:\/\/www.twitch.tv\/startupvalley","https:\/\/www.linkedin.com\/company\/startupvalleymagazine","https:\/\/www.instagram.com\/startup_valley"]},{"@type":"Person","@id":"https:\/\/startupvalley.news\/de\/#\/schema\/person\/dc9abc71daa8d949d4f257f2e9883e00","name":"StartupValley","image":{"@type":"ImageObject","inLanguage":"de","@id":"https:\/\/startupvalley.news\/de\/#\/schema\/person\/image\/","url":"https:\/\/secure.gravatar.com\/avatar\/6436ca57465a88bfa716825ebdd3bc23f850aaaa3a51d16da34504822452fa3a?s=96&d=mm&r=g","contentUrl":"https:\/\/secure.gravatar.com\/avatar\/6436ca57465a88bfa716825ebdd3bc23f850aaaa3a51d16da34504822452fa3a?s=96&d=mm&r=g","caption":"StartupValley"},"description":"Das StartupValley Magazin ist Europas gro\u00dfes Magazin f\u00fcr Start-ups, Gr\u00fcnder und Entrepreneure. Ihr findet bei uns Tagesaktuelle News zu den neuesten Trends, Technologien und Gesch\u00e4ftsmodellen der internationalen Startup-Szene sowie Interviews mit erfolgreichen Gr\u00fcndern und Investoren.","url":"https:\/\/startupvalley.news\/de\/author\/redaktion\/"}]}},"_links":{"self":[{"href":"https:\/\/startupvalley.news\/de\/wp-json\/wp\/v2\/posts\/123022","targetHints":{"allow":["GET"]}}],"collection":[{"href":"https:\/\/startupvalley.news\/de\/wp-json\/wp\/v2\/posts"}],"about":[{"href":"https:\/\/startupvalley.news\/de\/wp-json\/wp\/v2\/types\/post"}],"author":[{"embeddable":true,"href":"https:\/\/startupvalley.news\/de\/wp-json\/wp\/v2\/users\/9"}],"replies":[{"embeddable":true,"href":"https:\/\/startupvalley.news\/de\/wp-json\/wp\/v2\/comments?post=123022"}],"version-history":[{"count":2,"href":"https:\/\/startupvalley.news\/de\/wp-json\/wp\/v2\/posts\/123022\/revisions"}],"predecessor-version":[{"id":123126,"href":"https:\/\/startupvalley.news\/de\/wp-json\/wp\/v2\/posts\/123022\/revisions\/123126"}],"wp:featuredmedia":[{"embeddable":true,"href":"https:\/\/startupvalley.news\/de\/wp-json\/wp\/v2\/media\/123023"}],"wp:attachment":[{"href":"https:\/\/startupvalley.news\/de\/wp-json\/wp\/v2\/media?parent=123022"}],"wp:term":[{"taxonomy":"category","embeddable":true,"href":"https:\/\/startupvalley.news\/de\/wp-json\/wp\/v2\/categories?post=123022"},{"taxonomy":"post_tag","embeddable":true,"href":"https:\/\/startupvalley.news\/de\/wp-json\/wp\/v2\/tags?post=123022"}],"curies":[{"name":"wp","href":"https:\/\/api.w.org\/{rel}","templated":true}]}}