{"id":123068,"date":"2026-04-30T07:11:44","date_gmt":"2026-04-30T05:11:44","guid":{"rendered":"https:\/\/startupvalley.news\/de\/?p=123068"},"modified":"2026-04-30T07:11:45","modified_gmt":"2026-04-30T05:11:45","slug":"friedensflotte-mirno-more-flottenwoche-kinder-jugendliche","status":"publish","type":"post","link":"https:\/\/startupvalley.news\/de\/friedensflotte-mirno-more-flottenwoche-kinder-jugendliche\/","title":{"rendered":"Was passiert, wenn Kinder lernen, dass alle im selben Boot sitzen?"},"content":{"rendered":"\n<h2 class=\"wp-block-heading\" id=\"h-friedensflotte-mirno-more-bringt-mit-der-flottenwoche-benachteiligte-kinder-und-jugendliche-zusammen-und-hat-am-21-april-in-der-sendung-2-minuten-2-millionen-gepitcht\">friedensflotte mirno more bringt mit der Flottenwoche benachteiligte Kinder und Jugendliche zusammen und hat am 21. April in der Sendung 2 Minuten 2 Millionen gepitcht<\/h2>\n\n\n\n<h3 class=\"wp-block-heading\" id=\"h-wie-ist-mirno-more-entstanden-und-wer-steht-hinter-der-organisation-was-hat-euch-dazu-motiviert-die-friedensflotte-ins-leben-zu-rufen\">Wie ist Mirno More entstanden und wer steht hinter der Organisation? Was hat euch dazu motiviert, die Friedensflotte ins Leben zu rufen?<\/h3>\n\n\n\n<p>Die friedensflotte mirno more entstand 1994 aus einer einfachen, aber kraftvollen Idee. Was als kleines Friedensprojekt mit drei Schiffen, einer Handvoll Freiwilliger und ein paar Kindern begann, entwickelte sich bis heute zum weltweit gr\u00f6\u00dften sozialp\u00e4dagogischen Segelprojekt f\u00fcr benachteiligte junge Menschen. \u00dcber 30 Jahre nach der ersten Flotte setzen j\u00e4hrlich rund 100 Schiffe mit 1.000 Menschen an Bord die Segel im Zeichen des Friedens. Christian Winkler, der Begr\u00fcnder des Projekts wollte Kinder und Jugendliche, die aus den ehemaligen Kriegsgebieten Jugoslawiens nach \u00d6sterreich geflohen waren, verbinden und zusammenf\u00fchren \u2013 ihnen zeigen, dass auf einem Segelschiff der Wind f\u00fcr alle gleich weht. Seine Idee war es, v\u00f6lkerverbindend zu wirken, vermeintliche Unterschiede zu hinterfragen, Konflikte friedlich zu l\u00f6sen, Vorurteile abzubauen und den Kindern in diesem au\u00dfergew\u00f6hnlichen und damit sehr tiefgreifend pr\u00e4genden Rahmen beizubringen, sich mit Respekt und Solidarit\u00e4t zu begegnen.<\/p>\n\n\n\n<h3 class=\"wp-block-heading\" id=\"h-mirno-more-wird-am-21-april-2026-in-der-sendung-2-minuten-2-millionen-zu-sehen-sein-mit-welchen-erwartungen-geht-ihr-in-die-teilnahme\">Mirno More wird am 21. April 2026 in der Sendung 2 Minuten 2 Millionen zu sehen sein. Mit welchen Erwartungen geht ihr in die Teilnahme?<\/h3>\n\n\n\n<p>Die friedensflotte mirno more ist ein rein ehrenamtlich organisiertes und ausschlie\u00dflich durch Spenden und Sponsorings getragener Verein. Die Arbeit daran, die Beliebtheit und Bekanntheit hochzuhalten ist daher eine wichtige und stetige Aufgabe. Ein Auftritt im Fernsehen ist f\u00fcr uns kein Selbstdarstellungszweck, sondern eine wichtige Plattform, den Verein friedensflotte mirno more einem gro\u00dfen \u2013 und m\u00f6glichst neuen \u2013 Publikum n\u00e4herzubringen. Ob und wie viel die Investor*innen vor Ort spenden, war f\u00fcr uns von Beginn an etwas weniger im Fokus, als die B\u00fchne im TV zu nutzen, neuen Menschen zu zeigen, was wir tun und vielleicht die eine oder andere Unterst\u00fctzung dadurch zu lukrieren.<\/p>\n\n\n\n<h3 class=\"wp-block-heading\" id=\"h-wie-bereitet-ihr-euch-aktuell-auf-euren-auftritt-bei-2-minuten-2-millionen-vor\">Wie bereitet ihr euch aktuell auf euren Auftritt bei 2 Minuten 2 Millionen vor?<\/h3>\n\n\n\n<p>Die Vorbereitungen waren intensiv und teilweise stressig, da die drei Pitcher*innen Michael Fuchs, Tamara Penz als auch Fabijan Berket sowie das gesamte im Hintergrund helfende Team im regul\u00e4ren Leben gut eingedeckt sind mit Vollzeit-Jobs, Familie, Studium und Co. Trotzdem haben wir ein paar \u00dcbungseinheiten geschafft, sind den Pitch wiederholt durchgegangen und hatten allen voran gro\u00dfen Spa\u00df in der Vorbereitung. Sch\u00f6n am Team ist, dass alle sehr unterschiedlich sind \u2013 das gemeinsame Engagement f\u00fcr die Sache aber enorm vereinend und motivierend ist.<\/p>\n\n\n\n<h3 class=\"wp-block-heading\" id=\"h-welche-zentrale-botschaft-mochtet-ihr-mit-mirno-more-vor-den-investorinnen-und-investoren-sowie-dem-publikum-vermitteln\">Welche zentrale Botschaft m\u00f6chtet ihr mit Mirno More vor den Investorinnen und Investoren sowie dem Publikum vermitteln?<\/h3>\n\n\n\n<p>Neben Start-Ups, Investments und Co darf nicht vergessen werden, wie wichtig in der heutigen Zeit der dritte Sektor ist. Organisationen also, die weder dem Staat noch dem gewinnorientierten Markt angeh\u00f6ren. Kapitalismus und Materialismus sind die gegenw\u00e4rtigen wirtschaftlichen Systeme, in denen wir uns bewegen \u2013 genau hier ist aber Philanthropie und Gemeinwohl nicht wegzudenken. Als \u201eReturn on Investment\u201c kann auch gesehen werden, benachteiligten Kindern und Jugendlichen eine M\u00f6glichkeit und Chance zu geben, die ihnen das Leben sonst nicht gegeben h\u00e4tte. Das ist eine Botschaft, die wir vermitteln wollen.<\/p>\n\n\n\n<h3 class=\"wp-block-heading\" id=\"h-was-ware-fur-euch-ein-personlicher-erfolg-nach-der-teilnahme-an-2-minuten-2-millionen\">Was w\u00e4re f\u00fcr euch ein pers\u00f6nlicher Erfolg nach der Teilnahme an 2 Minuten 2 Millionen?<\/h3>\n\n\n\n<p>Uns war es wichtig, unser Herzensprojekt so zu zeigen, dass es von den Investor*innen und dem Publikum vorm Fernseher verstanden wird. Es ist manchmal gar nicht so einfach zu beschreiben, welche bedeutsamen, emotionalen und p\u00e4dagogisch hochrelevanten Momente auf der Flottenwoche passieren. Treffen Kinder mit Migrationshintergrund oder Fluchterfahrung auf andere, tauschen sie sich \u00fcber ihre unterschiedlichen Geschichten, aber vor allem auch \u00fcber Gemeinsamkeiten aus und f\u00fchlen sich verstanden. <\/p>\n\n\n\n<p>Ein Kind mit einer Behinderung, das im Rollstuhl sitzt, ber\u00fchrt vielleicht zum ersten Mal das Meerwasser, weil sich die Familie bisher noch nie imstande gesehen hat, so weit weg zu fahren. Auch ein Jugendlicher, der gewohnt war, Konflikte immer k\u00f6rperlich auszutragen, kann am Schiff pl\u00f6tzlich erkennen \u201eWir sitzen alle im gleichen Boot\u201c und verstehen, dass es nur funktioniert, wenn man kommuniziert und sich friedlich arrangiert. Das sind die Momente und Eindr\u00fccke, die wir aus unserer ehrenamtlichen T\u00e4tigkeit bei der friedensflotte mirno more mittragen und anderen mitgeben wollen. Wenn uns das gelungen ist, war es ein Erfolg!<\/p>\n\n\n\n<h3 class=\"wp-block-heading\" id=\"h-welche-vision-verfolgt-ihr-mit-mirno-more-fur-die-zukunft-von-integration-inklusion-und-friedensarbeit\">Welche Vision verfolgt ihr mit Mirno More f\u00fcr die Zukunft von Integration, Inklusion und Friedensarbeit?<\/h3>\n\n\n\n<p>Unser idealistisches Ziel ist es, dass es die friedensflotte mirno more irgendwann nicht mehr braucht. Da wir aber leider in einer Welt leben, die nicht gerade nur von Frieden und Solidarit\u00e4t gepr\u00e4gt ist, werden wir weitermachen. Friede beginnt im Kleinen. Was wir tun und wie wir handeln, pr\u00e4gt die Gestaltung der Welt im Gro\u00dfen. Durch die erkl\u00e4rten Werte Integration, Inklusion und Solidarit\u00e4t wird auf der Flottenwoche ein Miteinander geschaffen, das sich durch Selbstwirksamkeit und Verantwortung, gewaltfreie Kommunikation und friedliche Konfliktl\u00f6sung sowie respektvollen und wertsch\u00e4tzenden Umgang miteinander \u00e4u\u00dfert. Die Kinder und Jugendlichen erleben auf der Flottenwoche diese Werte lebendig und integrieren diese nachhaltig in ihr Leben \u2013 und das schafft die Grundlage f\u00fcr eine friedlichere Welt.<\/p>\n\n\n\n<h3 class=\"wp-block-heading\" id=\"h-was-macht-die-friedensflotte-so-besonders-und-welche-wirkung-erzielt-ihr-bei-den-teilnehmenden-kindern-und-jugendlichen-welche-rolle-spielt-das-gemeinsame-segeln-fur-teamgeist-vertrauen-und-interkulturellen-austausch\">Was macht die Friedensflotte so besonders und welche Wirkung erzielt ihr bei den teilnehmenden Kindern und Jugendlichen? Welche Rolle spielt das gemeinsame Segeln f\u00fcr Teamgeist, Vertrauen und interkulturellen Austausch?<\/h3>\n\n\n\n<p>Die friedensflotte mirno more ist eine erlebnisp\u00e4dagogische Intervention, die benachteiligten jungen Menschen erm\u00f6glicht, die Sorgen ihres Alltags zu vergessen. Durch die Ausnahmesituation am Schiff wird dem zugrundeliegenden erlebnisp\u00e4dagogischen Konzept nach ein tiefgehender und ganzheitlicher Lernprozess angesto\u00dfen, der nachhaltig wirkt. Das Leben als Crew erfordert die Kooperation aller, so lernen die Teilnehmenden anderen und sich selbst zu vertrauen \u2013 und gehen aus der Flottenwoche mit einem neuen (Selbst-)Verst\u00e4ndnis und Mut heraus.<\/p>\n\n\n\n<h3 class=\"wp-block-heading\" id=\"h-welche-herausforderungen-begegnen-euch-bei-der-organisation-eines-internationalen-sozialprojekts-dieser-grosse-wie-finanziert-ihr-eure-projekte-und-welche-rolle-spielen-partnerschaften-und-unterstutzer-dabei\">Welche Herausforderungen begegnen euch bei der Organisation eines internationalen Sozialprojekts dieser Gr\u00f6\u00dfe? Wie finanziert ihr eure Projekte und welche Rolle spielen Partnerschaften und Unterst\u00fctzer dabei?<\/h3>\n\n\n\n<p>Die Koordination aller ist die wohl gr\u00f6\u00dfte Herausforderung bei einem Projekt dieser Gr\u00f6\u00dfenordnung. Da sprechen wir von diversen \u00f6sterreichischen oder kroatischen Beh\u00f6rden, den Vercharterern und Marinas entlang unserer Route, den vielen involvierten Institutionen und Organisationen, den teilnehmenden Kindern und Jugendlichen sowie den vielen ehrenamtlichen t\u00e4tigen im Organisationsteam, die Skipper<em>innen, Betreuer<\/em>innen und P\u00e4dagog<em>innen, den medizinischen Helfer<\/em>innen und vielen mehr. Wir arbeiten das ganze Jahr daran, dass die Flottenwoche im Herbst wie sie ist mit 100 Schiffen und 1.000 Menschen stattfinden kann. Die zweite gro\u00dfe Herausforderung ist die Finanzierung. Da die friedensflotte mirno more ausschlie\u00dflich durch Spenden und Sponsorings getragen wird, ist es eine stetige Challenge, die notwendigen Mittel f\u00fcr die Durchf\u00fchrung der n\u00e4chsten Flottenwoche abzusichern.<\/p>\n\n\n\n<h3 class=\"wp-block-heading\" id=\"h-welche-zielgruppen-sprecht-ihr-mit-euren-projekten-besonders-an-und-welche-gesellschaftlichen-probleme-mochtet-ihr-konkret-losen\">Welche Zielgruppen sprecht ihr mit euren Projekten besonders an und welche gesellschaftlichen Probleme m\u00f6chtet ihr konkret l\u00f6sen?<\/h3>\n\n\n\n<p>Die friedensflotte mirno more ist heute eine tragf\u00e4hige Plattform f\u00fcr vielf\u00e4ltige Zielgruppen. Aber wir haben eine gemeinsame Mission: Dass die in unterschiedlicher Form benachteiligten Kinder und Jugendlichen die zentralen Werte Integration, Inklusion und Solidarit\u00e4t auf der Flottenwoche lebendig lernen und nachhaltig in ihr Leben integrieren. Weniger ist man benachteiligt, vielmehr wird man benachteiligt \u2013 von anderen Menschen, von einer Gesellschaft, vom Leben. Genau hier setzen wir an: Wir betreiben Gleichstellung statt Gleichbehandlung und arbeiten somit aktiv Benachteiligungen entgegen. Gerade bei Kindern und Jugendlichen ist es immens wichtig zu verankern, dass es uns in der Gesamtheit besser geht, wenn allen geholfen ist, wir uns gegenseitig auf Augenh\u00f6he begegnen, am gleichen Strang ziehen, solidarisch sind, auf das metaphorisch \u201eschw\u00e4chste Glied einer Kette\u201c achtgeben und Vorurteile nicht weitertragen, sondern sie \u00fcber Bord werfen.<\/p>\n\n\n\n<h3 class=\"wp-block-heading\" id=\"h-was-unterscheidet-mirno-more-von-anderen-sozialen-initiativen-im-bereich-bildung-integration-und-jugendarbeit\">Was unterscheidet Mirno More von anderen sozialen Initiativen im Bereich Bildung, Integration und Jugendarbeit?<\/h3>\n\n\n\n<p>Wir sind das weltweit gr\u00f6\u00dfte Segelprojekt, das sich mit sozialp\u00e4dagogischen Zielen Kindern und Jugendlichen widmet. \u00dcber die Jahre sind der Verein und die Zielgruppen in einen sehr vielf\u00e4ltigen Bereich gewachsen und wir wollen die M\u00f6glichkeit einer Teilnahme auch f\u00fcr alle diversen Anliegen und Hintergrundgeschichten schaffen. F\u00fcr ein so au\u00dfergew\u00f6hnliches erlebnisp\u00e4dagogisches Setting besteht nat\u00fcrlich im Alltag nicht immer die M\u00f6glichkeit, es ist schon etwas ganz Besonderes in Kroatien auf einem Segelboot zu sein. Genau diese Ausnahmesituation schafft folglich den Rahmen f\u00fcr einen tiefgehenden und ganzheitlichen Lernprozess. Oft schon \u2013 und gerade nach der Ausstrahlung von 2 Minuten 2 Millionen \u2013 haben sich ehemalige Teilnehmende oder deren Eltern bei uns gemeldet, um erneut zu betonen, was f\u00fcr ein wichtiger Wendepunkt die friedensflotte mirno more war, wie weit das Gelernte im Leben mitgetragen wurden und welch positiven Eindruck sie in ihrer Gesamtheit hinterlassen hat.<\/p>\n\n\n\n<h3 class=\"wp-block-heading\" id=\"h-welche-bedeutung-haben-werte-wie-frieden-respekt-und-zusammenhalt-fur-eure-arbeit\">Welche Bedeutung haben Werte wie Frieden, Respekt und Zusammenhalt f\u00fcr eure Arbeit?<\/h3>\n\n\n\n<p>Da unsere Kernwerte durch friedliche Konfliktl\u00f6sung sowie respektvollen und wertsch\u00e4tzenden Umgang miteinander gepr\u00e4gt sind, hat das auch hohen Stellenwert f\u00fcr das Miteinander im Team und in der Zusammenarbeit. W\u00e4hrend des Jahres, aber vor allem auf der Flottenwoche, haben alle ehrenamtlich T\u00e4tigen im Organisationsteam und dar\u00fcber hinaus au\u00dferdem eine gro\u00dfe Vorbildfunktion. Das gemeinsame Engagement und \u201edas gro\u00dfe Ganze\u201c im Blick vereint auf eine sehr sch\u00f6ne Art und Weise die unterschiedlichsten Menschen und Charaktere, die f\u00fcr die friedensflotte mirno more t\u00e4tig sind.<\/p>\n\n\n\n<h3 class=\"wp-block-heading\" id=\"h-welche-drei-ratschlage-wurdet-ihr-anderen-grunderinnen-und-grundern-im-social-impact-bereich-mit-auf-den-weg-geben\">Welche drei Ratschl\u00e4ge w\u00fcrdet ihr anderen Gr\u00fcnderinnen und Gr\u00fcndern im Social Impact Bereich mit auf den Weg geben?<\/h3>\n\n\n\n<p>Grunds\u00e4tzlich ist es nat\u00fcrlich ehrenvoll sich in diesem Bereich zu engagieren \u2013 anzunehmen, dass es deshalb immer nur sch\u00f6n und einfach ist, w\u00e4re auch nicht gut. Obwohl der dritte Sektor, NGO, Ehrenamt und soziale Organisationen so wichtig f\u00fcr unsere Gesellschaft sind, wird einem deshalb die Arbeit nicht leichter gemacht \u2013 manchmal leider genau im Gegenteil. Man k\u00e4mpft als rein durch Spenden und Sponsorings getragener Verein \u201ef\u00fcr die gute Sache\u201c sehr h\u00e4ufig ums pure Weiterbestehen. Ganz abgesehen von den Herausforderungen kann die Arbeit in einem Bereich mit Social Impact sehr erf\u00fcllend sein. Wenn man am Ende aber sieht und erlebt, was mit dem Einsatz erreicht wird, wer davon profitiert, eine Chance und Gelegenheit bekommt, die anders nicht m\u00f6glich gewesen w\u00e4re, generiert die reingesteckte Energie einen vielfachen Mehrwert \u2013 und das ist jedes Mal wieder ein unglaublich eindr\u00fcckliches und motivierendes Gef\u00fchl!<\/p>\n\n\n\n<p>Bild: Behind The Scenes Copyright \u00a9 friedensflotte mirno more<\/p>\n\n\n\n<p>Sehen Sie Biersirup\u00a0am <a href=\"https:\/\/startupvalley.news\/de\/2-minuten-2-millionen-21-april-2026-startups\/\" target=\"_blank\" rel=\"noreferrer noopener\">21. April 2026 in der Sendung 2 Minuten 2 Millionen<\/a><\/p>\n\n\n\n<p>Wir bedanken uns bei\u00a0<a href=\"https:\/\/www.linkedin.com\/in\/lucia-schweiger\/\" target=\"_blank\" rel=\"noreferrer noopener\">Lucia Schweiger<\/a>\u00a0f\u00fcr das Interview<\/p>\n\n\n\n<p>Aussagen des Autors und des Interviewpartners geben nicht unbedingt die Meinung der Redaktion und des Verlags wieder<\/p>\n\n\n\n<ul class=\"wp-block-yoast-seo-related-links yoast-seo-related-links\">\n<li><a href=\"https:\/\/startupvalley.news\/de\/2-minuten-2-millionen-21-april-2026-startups\/\">2 Minuten 2 Millionen 21 April 2026: Lavendel rettet Bauernhof<\/a><\/li>\n\n\n\n<li><a href=\"https:\/\/startupvalley.news\/de\/palamo\/\">Schnelligkeit schl\u00e4gt Perfektion<\/a><\/li>\n\n\n\n<li><a href=\"https:\/\/startupvalley.news\/de\/plusx-freitzeitgutscheine-freizeit\/\">Bleibe authentisch und verfolge die Themen, die dir wichtig sind!<\/a><\/li>\n\n\n\n<li><a href=\"https:\/\/startupvalley.news\/de\/nu-magic-water-fancy-functional-drink\/\">Diversity auch in Sachen Expertise &amp; Know How im Gr\u00fcnderteam ist f\u00fcr mich das A &amp; O<\/a><\/li>\n\n\n\n<li><a href=\"https:\/\/startupvalley.news\/de\/bedingungen-und-konditionen\/\">Bedingungen und Konditionen<\/a><\/li>\n<\/ul>\n","protected":false},"excerpt":{"rendered":"<p>Die friedensflotte mirno more schafft mit der Flottenwoche einen Raum, in dem Kinder und Jugendliche Vertrauen, Zusammenhalt und neue Perspektiven erleben. Der Auftritt bei 2 Minuten 2 Millionen bringt diese besondere Form der Friedensarbeit einem breiten Publikum n\u00e4her.<\/p>\n","protected":false},"author":9,"featured_media":123071,"comment_status":"closed","ping_status":"open","sticky":false,"template":"","format":"standard","meta":{"_acf_changed":false,"footnotes":""},"categories":[4],"tags":[12762,29604,29603,29605,2324,11101,10377,9735,1900,29606,24514,29607],"class_list":{"0":"post-123068","1":"post","2":"type-post","3":"status-publish","4":"format-standard","5":"has-post-thumbnail","7":"category-gruendertalk","8":"tag-ehrenamt","9":"tag-flottenwoche","10":"tag-frieden","11":"tag-friedensflotte-mirno-more","12":"tag-gemeinschaft","13":"tag-inklusion","14":"tag-integration","15":"tag-jugendliche","16":"tag-kinder","17":"tag-segelprojekt","18":"tag-solidaritaet","19":"tag-sozialprojekt"},"acf":[],"yoast_head":"<!-- This site is optimized with the Yoast SEO Premium plugin v26.7 (Yoast SEO v26.7) - https:\/\/yoast.com\/wordpress\/plugins\/seo\/ -->\n<title>friedensflotte mirno more Flottenwoche Kinder Jugendliche<\/title>\n<meta name=\"description\" content=\"friedensflotte mirno more zeigt mit der Flottenwoche wie Kinder und Jugendliche durch Segeln Integration und Zusammenhalt erleben\" \/>\n<meta name=\"robots\" content=\"index, follow, max-snippet:-1, max-image-preview:large, max-video-preview:-1\" \/>\n<link rel=\"canonical\" href=\"https:\/\/startupvalley.news\/de\/friedensflotte-mirno-more-flottenwoche-kinder-jugendliche\/\" \/>\n<meta property=\"og:locale\" content=\"de_DE\" \/>\n<meta property=\"og:type\" content=\"article\" \/>\n<meta property=\"og:title\" content=\"Wenn ein Segelprojekt Leben ver\u00e4ndert\" \/>\n<meta property=\"og:description\" content=\"Die friedensflotte mirno more zeigt, wie die Flottenwoche Kinder und Jugendliche st\u00e4rkt und echte Begegnung schafft.\" \/>\n<meta property=\"og:url\" content=\"https:\/\/startupvalley.news\/de\/friedensflotte-mirno-more-flottenwoche-kinder-jugendliche\/\" \/>\n<meta property=\"og:site_name\" content=\"StartupValley - Erfolgreich Gr\u00fcnden und durchstarten!\" \/>\n<meta property=\"article:publisher\" content=\"https:\/\/www.facebook.com\/startupvalleynews\" \/>\n<meta property=\"article:published_time\" content=\"2026-04-30T05:11:44+00:00\" \/>\n<meta property=\"article:modified_time\" content=\"2026-04-30T05:11:45+00:00\" \/>\n<meta property=\"og:image\" content=\"https:\/\/startupvalley.news\/de\/wp-content\/uploads\/sites\/2\/2026\/04\/friedensflotte-mirno-more-2M2M.jpeg\" \/>\n\t<meta property=\"og:image:width\" content=\"1200\" \/>\n\t<meta property=\"og:image:height\" content=\"900\" \/>\n\t<meta property=\"og:image:type\" content=\"image\/jpeg\" \/>\n<meta name=\"author\" content=\"StartupValley\" \/>\n<meta name=\"twitter:card\" content=\"summary_large_image\" \/>\n<meta name=\"twitter:title\" content=\"Was passiert, wenn Kinder lernen, dass alle im selben Boot sitzen?\" \/>\n<meta name=\"twitter:creator\" content=\"@startup_valley\" \/>\n<meta name=\"twitter:site\" content=\"@startup_valley\" \/>\n<meta name=\"twitter:label1\" content=\"Verfasst von\" \/>\n\t<meta name=\"twitter:data1\" content=\"StartupValley\" \/>\n\t<meta name=\"twitter:label2\" content=\"Gesch\u00e4tzte Lesezeit\" \/>\n\t<meta name=\"twitter:data2\" content=\"10\u00a0Minuten\" \/>\n<script type=\"application\/ld+json\" class=\"yoast-schema-graph\">{\"@context\":\"https:\/\/schema.org\",\"@graph\":[{\"@type\":\"Article\",\"@id\":\"https:\/\/startupvalley.news\/de\/friedensflotte-mirno-more-flottenwoche-kinder-jugendliche\/#article\",\"isPartOf\":{\"@id\":\"https:\/\/startupvalley.news\/de\/friedensflotte-mirno-more-flottenwoche-kinder-jugendliche\/\"},\"author\":{\"name\":\"StartupValley\",\"@id\":\"https:\/\/startupvalley.news\/de\/#\/schema\/person\/dc9abc71daa8d949d4f257f2e9883e00\"},\"headline\":\"Was passiert, wenn Kinder lernen, dass alle im selben Boot sitzen?\",\"datePublished\":\"2026-04-30T05:11:44+00:00\",\"dateModified\":\"2026-04-30T05:11:45+00:00\",\"mainEntityOfPage\":{\"@id\":\"https:\/\/startupvalley.news\/de\/friedensflotte-mirno-more-flottenwoche-kinder-jugendliche\/\"},\"wordCount\":1797,\"publisher\":{\"@id\":\"https:\/\/startupvalley.news\/de\/#organization\"},\"image\":{\"@id\":\"https:\/\/startupvalley.news\/de\/friedensflotte-mirno-more-flottenwoche-kinder-jugendliche\/#primaryimage\"},\"thumbnailUrl\":\"https:\/\/startupvalley.news\/de\/wp-content\/uploads\/sites\/2\/2026\/04\/friedensflotte-mirno-more-2M2M.jpeg\",\"keywords\":[\"Ehrenamt\",\"Flottenwoche\",\"Frieden\",\"friedensflotte mirno more\",\"Gemeinschaft\",\"Inklusion\",\"Integration\",\"Jugendliche\",\"Kinder\",\"Segelprojekt\",\"Solidarit\u00e4t\",\"Sozialprojekt\"],\"articleSection\":[\"Gr\u00fcnderTalk\"],\"inLanguage\":\"de\",\"copyrightYear\":\"2026\",\"copyrightHolder\":{\"@id\":\"https:\/\/startupvalley.news\/#organization\"}},{\"@type\":\"WebPage\",\"@id\":\"https:\/\/startupvalley.news\/de\/friedensflotte-mirno-more-flottenwoche-kinder-jugendliche\/\",\"url\":\"https:\/\/startupvalley.news\/de\/friedensflotte-mirno-more-flottenwoche-kinder-jugendliche\/\",\"name\":\"friedensflotte mirno more Flottenwoche Kinder Jugendliche\",\"isPartOf\":{\"@id\":\"https:\/\/startupvalley.news\/de\/#website\"},\"primaryImageOfPage\":{\"@id\":\"https:\/\/startupvalley.news\/de\/friedensflotte-mirno-more-flottenwoche-kinder-jugendliche\/#primaryimage\"},\"image\":{\"@id\":\"https:\/\/startupvalley.news\/de\/friedensflotte-mirno-more-flottenwoche-kinder-jugendliche\/#primaryimage\"},\"thumbnailUrl\":\"https:\/\/startupvalley.news\/de\/wp-content\/uploads\/sites\/2\/2026\/04\/friedensflotte-mirno-more-2M2M.jpeg\",\"datePublished\":\"2026-04-30T05:11:44+00:00\",\"dateModified\":\"2026-04-30T05:11:45+00:00\",\"description\":\"friedensflotte mirno more zeigt mit der Flottenwoche wie Kinder und Jugendliche durch Segeln Integration und Zusammenhalt erleben\",\"breadcrumb\":{\"@id\":\"https:\/\/startupvalley.news\/de\/friedensflotte-mirno-more-flottenwoche-kinder-jugendliche\/#breadcrumb\"},\"inLanguage\":\"de\",\"potentialAction\":[{\"@type\":\"ReadAction\",\"target\":[\"https:\/\/startupvalley.news\/de\/friedensflotte-mirno-more-flottenwoche-kinder-jugendliche\/\"]}]},{\"@type\":\"ImageObject\",\"inLanguage\":\"de\",\"@id\":\"https:\/\/startupvalley.news\/de\/friedensflotte-mirno-more-flottenwoche-kinder-jugendliche\/#primaryimage\",\"url\":\"https:\/\/startupvalley.news\/de\/wp-content\/uploads\/sites\/2\/2026\/04\/friedensflotte-mirno-more-2M2M.jpeg\",\"contentUrl\":\"https:\/\/startupvalley.news\/de\/wp-content\/uploads\/sites\/2\/2026\/04\/friedensflotte-mirno-more-2M2M.jpeg\",\"width\":1200,\"height\":900,\"caption\":\"friedensflotte mirno more Flottenwoche Kinder Jugendliche behind the scene 2 Minuten 2 Millionen \u00a9 friedensflotte mirno more\"},{\"@type\":\"BreadcrumbList\",\"@id\":\"https:\/\/startupvalley.news\/de\/friedensflotte-mirno-more-flottenwoche-kinder-jugendliche\/#breadcrumb\",\"itemListElement\":[{\"@type\":\"ListItem\",\"position\":1,\"name\":\"Home\",\"item\":\"https:\/\/startupvalley.news\/de\/\"},{\"@type\":\"ListItem\",\"position\":2,\"name\":\"Was passiert, wenn Kinder lernen, dass alle im selben Boot sitzen?\"}]},{\"@type\":\"WebSite\",\"@id\":\"https:\/\/startupvalley.news\/de\/#website\",\"url\":\"https:\/\/startupvalley.news\/de\/\",\"name\":\"StartupValley\",\"description\":\"Die neuesten Trends der Startup-Szene: Finanzierung, Innovationen und Erfolgsgeschichten\",\"publisher\":{\"@id\":\"https:\/\/startupvalley.news\/de\/#organization\"},\"alternateName\":\"StartupValley Magazin\",\"potentialAction\":[{\"@type\":\"SearchAction\",\"target\":{\"@type\":\"EntryPoint\",\"urlTemplate\":\"https:\/\/startupvalley.news\/de\/?s={search_term_string}\"},\"query-input\":{\"@type\":\"PropertyValueSpecification\",\"valueRequired\":true,\"valueName\":\"search_term_string\"}}],\"inLanguage\":\"de\"},{\"@type\":\"Organization\",\"@id\":\"https:\/\/startupvalley.news\/de\/#organization\",\"name\":\"StartupValley Media\",\"url\":\"https:\/\/startupvalley.news\/de\/\",\"logo\":{\"@type\":\"ImageObject\",\"inLanguage\":\"de\",\"@id\":\"https:\/\/startupvalley.news\/de\/#\/schema\/logo\/image\/\",\"url\":\"https:\/\/startupvalley.news\/de\/wp-content\/uploads\/sites\/2\/2020\/12\/StartupValley-LOGO-neu-retina.png\",\"contentUrl\":\"https:\/\/startupvalley.news\/de\/wp-content\/uploads\/sites\/2\/2020\/12\/StartupValley-LOGO-neu-retina.png\",\"width\":460,\"height\":180,\"caption\":\"StartupValley Media\"},\"image\":{\"@id\":\"https:\/\/startupvalley.news\/de\/#\/schema\/logo\/image\/\"},\"sameAs\":[\"https:\/\/www.facebook.com\/startupvalleynews\",\"https:\/\/x.com\/startup_valley\",\"https:\/\/www.twitch.tv\/startupvalley\",\"https:\/\/www.linkedin.com\/company\/startupvalleymagazine\",\"https:\/\/www.instagram.com\/startup_valley\"]},{\"@type\":\"Person\",\"@id\":\"https:\/\/startupvalley.news\/de\/#\/schema\/person\/dc9abc71daa8d949d4f257f2e9883e00\",\"name\":\"StartupValley\",\"image\":{\"@type\":\"ImageObject\",\"inLanguage\":\"de\",\"@id\":\"https:\/\/startupvalley.news\/de\/#\/schema\/person\/image\/\",\"url\":\"https:\/\/secure.gravatar.com\/avatar\/6436ca57465a88bfa716825ebdd3bc23f850aaaa3a51d16da34504822452fa3a?s=96&d=mm&r=g\",\"contentUrl\":\"https:\/\/secure.gravatar.com\/avatar\/6436ca57465a88bfa716825ebdd3bc23f850aaaa3a51d16da34504822452fa3a?s=96&d=mm&r=g\",\"caption\":\"StartupValley\"},\"description\":\"Das StartupValley Magazin ist Europas gro\u00dfes Magazin f\u00fcr Start-ups, Gr\u00fcnder und Entrepreneure. Ihr findet bei uns Tagesaktuelle News zu den neuesten Trends, Technologien und Gesch\u00e4ftsmodellen der internationalen Startup-Szene sowie Interviews mit erfolgreichen Gr\u00fcndern und Investoren.\",\"url\":\"https:\/\/startupvalley.news\/de\/author\/redaktion\/\"}]}<\/script>\n<!-- \/ Yoast SEO Premium plugin. -->","yoast_head_json":{"title":"friedensflotte mirno more Flottenwoche Kinder Jugendliche","description":"friedensflotte mirno more zeigt mit der Flottenwoche wie Kinder und Jugendliche durch Segeln Integration und Zusammenhalt erleben","robots":{"index":"index","follow":"follow","max-snippet":"max-snippet:-1","max-image-preview":"max-image-preview:large","max-video-preview":"max-video-preview:-1"},"canonical":"https:\/\/startupvalley.news\/de\/friedensflotte-mirno-more-flottenwoche-kinder-jugendliche\/","og_locale":"de_DE","og_type":"article","og_title":"Wenn ein Segelprojekt Leben ver\u00e4ndert","og_description":"Die friedensflotte mirno more zeigt, wie die Flottenwoche Kinder und Jugendliche st\u00e4rkt und echte Begegnung schafft.","og_url":"https:\/\/startupvalley.news\/de\/friedensflotte-mirno-more-flottenwoche-kinder-jugendliche\/","og_site_name":"StartupValley - Erfolgreich Gr\u00fcnden und durchstarten!","article_publisher":"https:\/\/www.facebook.com\/startupvalleynews","article_published_time":"2026-04-30T05:11:44+00:00","article_modified_time":"2026-04-30T05:11:45+00:00","og_image":[{"width":1200,"height":900,"url":"https:\/\/startupvalley.news\/de\/wp-content\/uploads\/sites\/2\/2026\/04\/friedensflotte-mirno-more-2M2M.jpeg","type":"image\/jpeg"}],"author":"StartupValley","twitter_card":"summary_large_image","twitter_title":"Was passiert, wenn Kinder lernen, dass alle im selben Boot sitzen?","twitter_creator":"@startup_valley","twitter_site":"@startup_valley","twitter_misc":{"Verfasst von":"StartupValley","Gesch\u00e4tzte Lesezeit":"10\u00a0Minuten"},"schema":{"@context":"https:\/\/schema.org","@graph":[{"@type":"Article","@id":"https:\/\/startupvalley.news\/de\/friedensflotte-mirno-more-flottenwoche-kinder-jugendliche\/#article","isPartOf":{"@id":"https:\/\/startupvalley.news\/de\/friedensflotte-mirno-more-flottenwoche-kinder-jugendliche\/"},"author":{"name":"StartupValley","@id":"https:\/\/startupvalley.news\/de\/#\/schema\/person\/dc9abc71daa8d949d4f257f2e9883e00"},"headline":"Was passiert, wenn Kinder lernen, dass alle im selben Boot sitzen?","datePublished":"2026-04-30T05:11:44+00:00","dateModified":"2026-04-30T05:11:45+00:00","mainEntityOfPage":{"@id":"https:\/\/startupvalley.news\/de\/friedensflotte-mirno-more-flottenwoche-kinder-jugendliche\/"},"wordCount":1797,"publisher":{"@id":"https:\/\/startupvalley.news\/de\/#organization"},"image":{"@id":"https:\/\/startupvalley.news\/de\/friedensflotte-mirno-more-flottenwoche-kinder-jugendliche\/#primaryimage"},"thumbnailUrl":"https:\/\/startupvalley.news\/de\/wp-content\/uploads\/sites\/2\/2026\/04\/friedensflotte-mirno-more-2M2M.jpeg","keywords":["Ehrenamt","Flottenwoche","Frieden","friedensflotte mirno more","Gemeinschaft","Inklusion","Integration","Jugendliche","Kinder","Segelprojekt","Solidarit\u00e4t","Sozialprojekt"],"articleSection":["Gr\u00fcnderTalk"],"inLanguage":"de","copyrightYear":"2026","copyrightHolder":{"@id":"https:\/\/startupvalley.news\/#organization"}},{"@type":"WebPage","@id":"https:\/\/startupvalley.news\/de\/friedensflotte-mirno-more-flottenwoche-kinder-jugendliche\/","url":"https:\/\/startupvalley.news\/de\/friedensflotte-mirno-more-flottenwoche-kinder-jugendliche\/","name":"friedensflotte mirno more Flottenwoche Kinder Jugendliche","isPartOf":{"@id":"https:\/\/startupvalley.news\/de\/#website"},"primaryImageOfPage":{"@id":"https:\/\/startupvalley.news\/de\/friedensflotte-mirno-more-flottenwoche-kinder-jugendliche\/#primaryimage"},"image":{"@id":"https:\/\/startupvalley.news\/de\/friedensflotte-mirno-more-flottenwoche-kinder-jugendliche\/#primaryimage"},"thumbnailUrl":"https:\/\/startupvalley.news\/de\/wp-content\/uploads\/sites\/2\/2026\/04\/friedensflotte-mirno-more-2M2M.jpeg","datePublished":"2026-04-30T05:11:44+00:00","dateModified":"2026-04-30T05:11:45+00:00","description":"friedensflotte mirno more zeigt mit der Flottenwoche wie Kinder und Jugendliche durch Segeln Integration und Zusammenhalt erleben","breadcrumb":{"@id":"https:\/\/startupvalley.news\/de\/friedensflotte-mirno-more-flottenwoche-kinder-jugendliche\/#breadcrumb"},"inLanguage":"de","potentialAction":[{"@type":"ReadAction","target":["https:\/\/startupvalley.news\/de\/friedensflotte-mirno-more-flottenwoche-kinder-jugendliche\/"]}]},{"@type":"ImageObject","inLanguage":"de","@id":"https:\/\/startupvalley.news\/de\/friedensflotte-mirno-more-flottenwoche-kinder-jugendliche\/#primaryimage","url":"https:\/\/startupvalley.news\/de\/wp-content\/uploads\/sites\/2\/2026\/04\/friedensflotte-mirno-more-2M2M.jpeg","contentUrl":"https:\/\/startupvalley.news\/de\/wp-content\/uploads\/sites\/2\/2026\/04\/friedensflotte-mirno-more-2M2M.jpeg","width":1200,"height":900,"caption":"friedensflotte mirno more Flottenwoche Kinder Jugendliche behind the scene 2 Minuten 2 Millionen \u00a9 friedensflotte mirno more"},{"@type":"BreadcrumbList","@id":"https:\/\/startupvalley.news\/de\/friedensflotte-mirno-more-flottenwoche-kinder-jugendliche\/#breadcrumb","itemListElement":[{"@type":"ListItem","position":1,"name":"Home","item":"https:\/\/startupvalley.news\/de\/"},{"@type":"ListItem","position":2,"name":"Was passiert, wenn Kinder lernen, dass alle im selben Boot sitzen?"}]},{"@type":"WebSite","@id":"https:\/\/startupvalley.news\/de\/#website","url":"https:\/\/startupvalley.news\/de\/","name":"StartupValley","description":"Die neuesten Trends der Startup-Szene: Finanzierung, Innovationen und Erfolgsgeschichten","publisher":{"@id":"https:\/\/startupvalley.news\/de\/#organization"},"alternateName":"StartupValley Magazin","potentialAction":[{"@type":"SearchAction","target":{"@type":"EntryPoint","urlTemplate":"https:\/\/startupvalley.news\/de\/?s={search_term_string}"},"query-input":{"@type":"PropertyValueSpecification","valueRequired":true,"valueName":"search_term_string"}}],"inLanguage":"de"},{"@type":"Organization","@id":"https:\/\/startupvalley.news\/de\/#organization","name":"StartupValley Media","url":"https:\/\/startupvalley.news\/de\/","logo":{"@type":"ImageObject","inLanguage":"de","@id":"https:\/\/startupvalley.news\/de\/#\/schema\/logo\/image\/","url":"https:\/\/startupvalley.news\/de\/wp-content\/uploads\/sites\/2\/2020\/12\/StartupValley-LOGO-neu-retina.png","contentUrl":"https:\/\/startupvalley.news\/de\/wp-content\/uploads\/sites\/2\/2020\/12\/StartupValley-LOGO-neu-retina.png","width":460,"height":180,"caption":"StartupValley Media"},"image":{"@id":"https:\/\/startupvalley.news\/de\/#\/schema\/logo\/image\/"},"sameAs":["https:\/\/www.facebook.com\/startupvalleynews","https:\/\/x.com\/startup_valley","https:\/\/www.twitch.tv\/startupvalley","https:\/\/www.linkedin.com\/company\/startupvalleymagazine","https:\/\/www.instagram.com\/startup_valley"]},{"@type":"Person","@id":"https:\/\/startupvalley.news\/de\/#\/schema\/person\/dc9abc71daa8d949d4f257f2e9883e00","name":"StartupValley","image":{"@type":"ImageObject","inLanguage":"de","@id":"https:\/\/startupvalley.news\/de\/#\/schema\/person\/image\/","url":"https:\/\/secure.gravatar.com\/avatar\/6436ca57465a88bfa716825ebdd3bc23f850aaaa3a51d16da34504822452fa3a?s=96&d=mm&r=g","contentUrl":"https:\/\/secure.gravatar.com\/avatar\/6436ca57465a88bfa716825ebdd3bc23f850aaaa3a51d16da34504822452fa3a?s=96&d=mm&r=g","caption":"StartupValley"},"description":"Das StartupValley Magazin ist Europas gro\u00dfes Magazin f\u00fcr Start-ups, Gr\u00fcnder und Entrepreneure. Ihr findet bei uns Tagesaktuelle News zu den neuesten Trends, Technologien und Gesch\u00e4ftsmodellen der internationalen Startup-Szene sowie Interviews mit erfolgreichen Gr\u00fcndern und Investoren.","url":"https:\/\/startupvalley.news\/de\/author\/redaktion\/"}]}},"_links":{"self":[{"href":"https:\/\/startupvalley.news\/de\/wp-json\/wp\/v2\/posts\/123068","targetHints":{"allow":["GET"]}}],"collection":[{"href":"https:\/\/startupvalley.news\/de\/wp-json\/wp\/v2\/posts"}],"about":[{"href":"https:\/\/startupvalley.news\/de\/wp-json\/wp\/v2\/types\/post"}],"author":[{"embeddable":true,"href":"https:\/\/startupvalley.news\/de\/wp-json\/wp\/v2\/users\/9"}],"replies":[{"embeddable":true,"href":"https:\/\/startupvalley.news\/de\/wp-json\/wp\/v2\/comments?post=123068"}],"version-history":[{"count":1,"href":"https:\/\/startupvalley.news\/de\/wp-json\/wp\/v2\/posts\/123068\/revisions"}],"predecessor-version":[{"id":123072,"href":"https:\/\/startupvalley.news\/de\/wp-json\/wp\/v2\/posts\/123068\/revisions\/123072"}],"wp:featuredmedia":[{"embeddable":true,"href":"https:\/\/startupvalley.news\/de\/wp-json\/wp\/v2\/media\/123071"}],"wp:attachment":[{"href":"https:\/\/startupvalley.news\/de\/wp-json\/wp\/v2\/media?parent=123068"}],"wp:term":[{"taxonomy":"category","embeddable":true,"href":"https:\/\/startupvalley.news\/de\/wp-json\/wp\/v2\/categories?post=123068"},{"taxonomy":"post_tag","embeddable":true,"href":"https:\/\/startupvalley.news\/de\/wp-json\/wp\/v2\/tags?post=123068"}],"curies":[{"name":"wp","href":"https:\/\/api.w.org\/{rel}","templated":true}]}}