{"id":126739,"date":"2026-08-31T09:17:27","date_gmt":"2026-08-31T07:17:27","guid":{"rendered":"https:\/\/startupvalley.news\/de\/?p=126739"},"modified":"2026-08-31T09:17:28","modified_gmt":"2026-08-31T07:17:28","slug":"vrey-solarstrom-mehrfamilienhaus","status":"publish","type":"post","link":"https:\/\/startupvalley.news\/de\/vrey-solarstrom-mehrfamilienhaus\/","title":{"rendered":"VREY: Wie das Startup Solarstrom im Mehrfamilienhaus f\u00fcr Mieter und Eigent\u00fcmer nutzbar macht"},"content":{"rendered":"\n<h2 id=\"h-vrey-macht-das-mehrfamilienhaus-zum-aktiven-teil-der-energiewende-und-ermoglicht-eigentumern-selbst-erzeugten-solarstrom-direkt-an-ihre-mieter-zu-verkaufen\" class=\"wp-block-heading\">VREY macht das Mehrfamilienhaus zum aktiven Teil der Energiewende und erm\u00f6glicht Eigent\u00fcmern, selbst erzeugten Solarstrom direkt an ihre Mieter zu verkaufen.<\/h2>\n\n\n\n<h3 id=\"h-konnen-sie-vrey-kurz-vorstellen-und-erzahlen-wie-die-idee-zur-grundung-des-unternehmens-entstanden-ist\" class=\"wp-block-heading\">K\u00f6nnen Sie VREY kurz vorstellen und erz\u00e4hlen, wie die Idee zur Gr\u00fcndung des Unternehmens entstanden ist?<\/h3>\n\n\n\n<p class=\"wp-block-paragraph\">Bei VREY bauen wir das EnergyOS f\u00fcr Mehrfamilienh\u00e4user: die integrierte Plattform f\u00fcr die Energieversorgung. Wir erm\u00f6glichen Eigent\u00fcmern von Mehrfamilienh\u00e4usern erstmals, ihren selbst erzeugten Solarstrom direkt an ihre Mieter zu verkaufen, ohne selbst zum Energieversorger zu werden. F\u00fcr die Eigent\u00fcmer bedeutet das Mehreinnahmen und eine Wertsteigerung der Immobilie, f\u00fcr die Mieter eine niedrigere Stromrechnung. Messung und Abrechnung \u00fcbernehmen wir vollst\u00e4ndig &#8211; dank eines integrierten Angebots aus Smart Metering und eigener Software.<\/p>\n\n\n\n<p class=\"wp-block-paragraph\">Wir haben nicht mit einem Produkt angefangen, sondern mit der Frage, wo in der europ\u00e4ischen Energiewende die gr\u00f6\u00dfte unbearbeitete L\u00fccke liegt. Die Antwort war eindeutig: Mehrfamilienh\u00e4user sind weiterhin das schwarze Loch der Energiewende. Unter ein Prozent Solardurchdringung, unter zwei Prozent Smart Metering, kaum Flexibilit\u00e4t oder intelligentes Energiemanagement. Gleichzeitig lebt \u00fcber die H\u00e4lfte der Menschen in Deutschland in diesen Geb\u00e4uden. Unsere Einsch\u00e4tzung: Was fehlt, ist nicht die Technik, sondern ein System, das diesen Wandel wirtschaftlich und operativ beherrschbar macht. Das \u00e4ndern wir jetzt.<\/p>\n\n\n\n<h3 id=\"h-herr-pahmeier-sie-haben-nach-ihrem-master-in-innovation-amp-entrepreneurship-an-der-esade-vrey-gegrundet-welche-erfahrungen-aus-dieser-zeit-haben-sie-auf-ihrem-grundungsweg-besonders-gepragt\" class=\"wp-block-heading\">Herr Pahmeier, Sie haben nach Ihrem Master in Innovation &amp; Entrepreneurship an der ESADE VREY gegr\u00fcndet. Welche Erfahrungen aus dieser Zeit haben Sie auf Ihrem Gr\u00fcndungsweg besonders gepr\u00e4gt?<\/h3>\n\n\n\n<p class=\"wp-block-paragraph\">Die H\u00fcrde f\u00fcr Entrepreneurship ist in Europa f\u00fcr Menschen in ihren Zwanzigern weiterhin hoch. Aus meiner Sicht ist sie jedoch weniger fachlich als mental: Wir haben viele brillante, sehr gut ausgebildete Leute. Es braucht allerdings ein erhebliches Ma\u00df an Mut, den Schritt in die Selbstst\u00e4ndigkeit tats\u00e4chlich zu gehen, statt ihn auf sp\u00e4ter zu verschieben.<\/p>\n\n\n\n<p class=\"wp-block-paragraph\">F\u00fcr mich war zu Studienbeginn nicht die Frage, ob ich gr\u00fcnde, sondern wann. Was das MIE-Programm dazu beigetragen hat, war weniger Wissen als Mut. Im t\u00e4glichen Austausch mit anderen Gr\u00fcndern und im Zuspruch der Professoren \u2013 viele von ihnen selbst Business Angels \u2013 wirkte die Selbstst\u00e4ndigkeit nicht mehr wie ein unkalkulierbares Risiko, sondern wie der Weg mit dem gr\u00f6\u00dften pers\u00f6nlichen Wachstum. Wenn man in zehn Jahren der bestm\u00f6gliche Entrepreneur sein m\u00f6chte, ist der einzig richtige Schritt: heute anfangen. Daher habe ich mir an der ESADE das schriftlich gegeben: einen Vertrag mit mir selbst, dass ich mich nach dem Master selbstst\u00e4ndig mache. Komme, was wolle.<\/p>\n\n\n\n<h3 id=\"h-welche-vision-verfolgen-sie-mit-vrey-und-wie-mochten-sie-die-energiewende-im-bereich-der-mehrfamilienhauser-vorantreiben\" class=\"wp-block-heading\">Welche Vision verfolgen Sie mit VREY, und wie m\u00f6chten Sie die Energiewende im Bereich der Mehrfamilienh\u00e4user vorantreiben?<\/h3>\n\n\n\n<p class=\"wp-block-paragraph\">F\u00fcr unsere Gesellschaft ist es elementar, dass wir m\u00f6glichst schnell g\u00fcnstige und saubere Energie bereitstellen. Sie ist das Fundament f\u00fcr unsere Klimaziele; aber auch f\u00fcr ein wirtschaftlich starkes Europa und f\u00fcr das KI-Zeitalter, das ohne bezahlbaren Strom nicht stattfinden wird.<\/p>\n\n\n\n<p class=\"wp-block-paragraph\">Mehrfamilienh\u00e4user werden dabei bis heute kaum mitgedacht, obwohl dort enorme Kapazit\u00e4ten liegen: Dachfl\u00e4chen f\u00fcr die Erzeugung und eine rasant wachsende Flexibilit\u00e4t in den Haushalten durch Elektromobilit\u00e4t, Speicher und W\u00e4rmepumpen. Beides bleibt aktuell fast vollst\u00e4ndig ungenutzt.<\/p>\n\n\n\n<p class=\"wp-block-paragraph\">Genau hier setzt unsere Vision an. VREY liefert sowohl die Infrastruktur &#8211; Messtechnik und Steuerboxen &#8211; als auch die Software, um Schritt f\u00fcr Schritt die notwendige Intelligenz in diese Geb\u00e4ude zu bringen und sie in ein integriertes Stromsystem einzubinden. Das Ziel ist ein Verbrauch, der sich, wo m\u00f6glich, an der erneuerbaren Erzeugung orientiert. Das ist es, was wir mit dem EnergyOS f\u00fcr das Mehrfamilienhaus meinen.<\/p>\n\n\n\n<h3 id=\"h-warum-galten-mehrfamilienhauser-lange-als-einer-der-schwierigsten-bereiche-der-solarwende-und-welche-probleme-lost-vrey-konkret\" class=\"wp-block-heading\">Warum galten Mehrfamilienh\u00e4user lange als einer der schwierigsten Bereiche der Solarwende, und welche Probleme l\u00f6st VREY konkret?<\/h3>\n\n\n\n<p class=\"wp-block-paragraph\">Die h\u00e4ufigste Reaktion war jahrelang: \u201eDas ist mir zu komplex.&#8220; Und das war nachvollziehbar. Im bisherigen Betriebsmodell, dem klassischen Mieterstrom, wird der Eigent\u00fcmer zum Vollversorger seiner Mieter. Damit \u00fcbernimmt er umfassende Lieferantenpflichten \u2013 Meldepflichten, Haftung, die Beschaffung des Reststroms. Das ist f\u00fcr niemanden attraktiv, der eigentlich Immobilien bewirtschaftet. Hinzu kommt: Vollversorgung bedeutet f\u00fcr die Mieter einen Lieferantenwechsel. Entsprechend fallen Teilnahmequoten und Akzeptanz im klassischen Mieterstrom oft gering aus.<\/p>\n\n\n\n<p class=\"wp-block-paragraph\">Wir haben uns deshalb auf das neue Modell spezialisiert: die gemeinschaftliche Geb\u00e4udeversorgung nach \u00a742b EnWG. Dort entfallen die Vollversorgerpflichten ausdr\u00fccklich. Der Reststrom &#8211; wenn keine Sonne scheint oder der Speicher leer ist &#8211; kommt weiterhin vom bestehenden Stromlieferanten, den die Mieter frei w\u00e4hlen. Das macht das Modell f\u00fcr alle Beteiligten transparent: Eigent\u00fcmer verkaufen ihren Solarstrom zu einem festen Preis an die Mieter, zum Beispiel 20 Prozent unter dem \u00fcblichen Strompreis, und refinanzieren damit die Anlage. Die Mieter sparen mit der ersten Kilowattstunde Solarstrom Geld.<\/p>\n\n\n\n<p class=\"wp-block-paragraph\">Die Regulierung hat damit die eine zentrale H\u00fcrde beseitigt. Jedoch bleibt ohne VREY die operative Komplexit\u00e4t. Es muss viertelst\u00fcndlich f\u00fcr jede einzelne Wohneinheit ermittelt werden, welcher Anteil des Stroms vom Dach kommt und welcher aus dem Netz. Das ist ohne Smart Metering und eigene Software nicht abbildbar. Mehrere Dienstleister schaffen aber Komplexit\u00e4t und unn\u00f6tige Kosten. Genau das ist unsere Aufgabe: Wir \u00fcbernehmen Messung, Visualisierung und Abrechnung vollst\u00e4ndig, sodass f\u00fcr den Eigent\u00fcmer eine L\u00f6sung aus einer Hand bleibt.<\/p>\n\n\n\n<h3 id=\"h-an-welche-zielgruppen-richtet-sich-vrey-hauptsachlich-und-welche-vorteile-bietet-ihre-losung-fur-eigentumer-sowie-fur-mieter\" class=\"wp-block-heading\">An welche Zielgruppen richtet sich VREY haupts\u00e4chlich, und welche Vorteile bietet Ihre L\u00f6sung f\u00fcr Eigent\u00fcmer sowie f\u00fcr Mieter?<\/h3>\n\n\n\n<p class=\"wp-block-paragraph\">VREY richtet sich an Eigent\u00fcmer von Mehrfamilienh\u00e4usern: von der privaten Vermieterin bis zum b\u00f6rsennotierten Immobilienunternehmen. Die Motive unterscheiden sich dabei deutlich. Gr\u00f6\u00dfere Bestandshalter und Projektentwickler handeln oft aufgrund ordnungspolitischer Vorgaben, etwa der in mehreren Bundesl\u00e4ndern geltenden Pflicht zur Installation von Photovoltaik bei einer Dachsanierung. Wohnungsbaugenossenschaften wollen vor allem g\u00fcnstigen Solarstrom f\u00fcr ihre Mitglieder bereitstellen. Private Vermieter wollen das Renditepotenzial ihrer Geb\u00e4ude aussch\u00f6pfen.<\/p>\n\n\n\n<p class=\"wp-block-paragraph\">F\u00fcr alle Gruppen entsteht derselbe wirtschaftliche Nutzen: zus\u00e4tzliche Einnahmen aus dem Solarstromverkauf, und das bei minimalem eigenen Aufwand. Bei einem klassischen Mehrparteienhaus mit acht bis zehn Wohneinheiten ist nach Abzug aller Kosten mit 5.000 bis 6.000 Euro zus\u00e4tzlichem Cashflow pro Jahr zu rechnen. Bei den aktuell attraktiven Preisen f\u00fcr Photovoltaik und Speicher liegt die Eigenkapitalrendite in der Regel im zweistelligen Prozentbereich. Hinzu kommt der zweite Effekt: Modernisierung und h\u00f6herer freier Cashflow steigern nach dem Ertragswertverfahren den Wert der Immobilie selbst.<\/p>\n\n\n\n<p class=\"wp-block-paragraph\">Die Mieter beziehen den Solarstrom etwa 20 Prozent unter dem \u00fcblichen Strompreis &#8211; ohne eigene Investition und ohne Verpflichtung. Die Teilnahme ist freiwillig, und f\u00fcr den Reststrom w\u00e4hlen sie ihren Anbieter weiterhin frei. Es ist eines der wenigen Modelle, in dem Eigent\u00fcmer und Mieter gleichzeitig profitieren..<\/p>\n\n\n\n<h3 id=\"h-vrey-begleitet-den-gesamten-prozess-von-der-planung-bis-zur-abrechnung-was-macht-dieses-integrierte-modell-aus-ihrer-sicht-besonders\" class=\"wp-block-heading\">VREY begleitet den gesamten Prozess von der Planung bis zur Abrechnung. Was macht dieses integrierte Modell aus Ihrer Sicht besonders?<\/h3>\n\n\n\n<p class=\"wp-block-paragraph\">Der sichtbare Teil eines Projekts ist die Solaranlage auf dem Dach. Der schwierige Teil kommt im Mehrfamilienhaus jedoch oft danach.<\/p>\n\n\n\n<p class=\"wp-block-paragraph\">Die Kernherausforderung liegt in der Messinfrastruktur und im laufenden Betrieb: Der Strom einer einzigen Solaranlage muss auf teilweise \u00fcber 30 Wohneinheiten aufgeteilt werden. Das erfordert hochkomplexe operative Prozesse, insbesondere im Messstellenbetrieb. \u00dcblicherweise sind mehrere Unternehmen pro Projekt involviert: Installationsbetrieb, Messstellenbetreiber, Abrechnungsdienstleister. Die Schnittstellen zwischen den Parteien erzeugen schnell Probleme, unklare Verantwortlichkeiten und hohe Kosten.<\/p>\n\n\n\n<p class=\"wp-block-paragraph\">Entscheidend ist deshalb, wer den Messstellenbetrieb \u00fcbernimmt, denn dort entstehen die Energiedaten. Weil wir selbst zertifizierter Messstellenbetreiber sind, liegen diese Daten bei uns. Wir nutzen sie direkt f\u00fcr die Abrechnung &#8211; und zeitnah auch f\u00fcr die Optimierung innerhalb des Geb\u00e4udes. Es gibt keine unn\u00f6tigen \u00dcbergaben an Dritte, kein Warten auf fremde Messwerte, keine Abweichungen zwischen Messung und Rechnung.<\/p>\n\n\n\n<p class=\"wp-block-paragraph\">F\u00fcr den Kunden ist das Ergebnis eine vollst\u00e4ndige L\u00f6sung aus einer Hand: minimaler eigener Aufwand und, dank dieser Synergien, das wirtschaftlich attraktivste Gesamtpaket. Zus\u00e4tzlich k\u00f6nnen wir Projekte beschleunigen, weil wir als Messstellenbetreiber direkt mit den Verteilnetzbetreibern und Lieferanten in den Austausch gehen. Genau darauf kommt es an: Unsere Kunden wollen eine profitable L\u00f6sung, die die n\u00e4chsten 20 bis 30 Jahre m\u00f6glichst ger\u00e4uschlos durchl\u00e4uft.<\/p>\n\n\n\n<h3 id=\"h-neue-gesetzliche-rahmenbedingungen-eroffnen-neue-moglichkeiten-fur-gemeinschaftlich-genutzten-solarstrom-welche-bedeutung-haben-diese-veranderungen-fur-ihr-geschaftsmodell\" class=\"wp-block-heading\">Neue gesetzliche Rahmenbedingungen er\u00f6ffnen neue M\u00f6glichkeiten f\u00fcr gemeinschaftlich genutzten Solarstrom. Welche Bedeutung haben diese Ver\u00e4nderungen f\u00fcr Ihr Gesch\u00e4ftsmodell?<\/h3>\n\n\n\n<p class=\"wp-block-paragraph\">Die Einf\u00fchrung der gemeinschaftlichen Geb\u00e4udeversorgung im Jahr 2024 war f\u00fcr unser Segment die entscheidende Ver\u00e4nderung &#8211; sie hat den Markt in dieser Form \u00fcberhaupt erst geschaffen. Eigent\u00fcmer k\u00f6nnen ihren Solarstrom seitdem b\u00fcrokratiearm an ihre Mieter verkaufen, weil die Lieferanten- und regulatorischen Haftungspflichten gr\u00f6\u00dftenteils entfallen.<\/p>\n\n\n\n<p class=\"wp-block-paragraph\">Genauso wichtig ist aber die \u00fcbergreifende Dynamik dahinter. Neben der GGV kommen der verpflichtende Smart-Meter-Rollout, die Steuerbarkeit von W\u00e4rmepumpen und Wallboxen nach \u00a714a EnWG und dynamische Stromtarife. F\u00fcr uns ist das kein Risiko, sondern der Kern unserer Strategie: Wer Messinfrastruktur und Software selbst betreibt, kann jede dieser \u00c4nderungen im bestehenden Geb\u00e4udebestand abbilden. Wir sind der Partner f\u00fcr Kunden, welcher die attraktivsten Gesch\u00e4ftsmodelle erm\u00f6glicht und regulatorische Kopfschmerzen fernh\u00e4lt.<\/p>\n\n\n\n<p class=\"wp-block-paragraph\">Am Horizont ist Energy Sharing besonders vielversprechend, weil es den Verkauf von Energie \u00fcber die Geb\u00e4udegrenze hinaus erm\u00f6glicht (also auch an Nachbarn). Hier sind allerdings noch einige prozessuale und regulatorische Fragen zu kl\u00e4ren, bevor das Modell f\u00fcr den Massenmarkt taugt. Wir beobachten das sehr genau und pr\u00fcfen erste Piloten.<\/p>\n\n\n\n<h3 id=\"h-vrey-ist-bereits-in-mehr-als-200-gebauden-in-allen-16-bundeslandern-aktiv-welche-herausforderungen-begegnen-ihnen-bei-der-skalierung-eines-climatetech-unternehmens\" class=\"wp-block-heading\">VREY ist bereits in mehr als 200 Geb\u00e4uden in allen 16 Bundesl\u00e4ndern aktiv. Welche Herausforderungen begegnen Ihnen bei der Skalierung eines ClimateTech-Unternehmens?<\/h3>\n\n\n\n<p class=\"wp-block-paragraph\">Unsere L\u00f6sung \u2013 typisch f\u00fcr ClimateTech &#8211; skaliert nicht wie ein klassisches SaaS-Unternehmen. Jedes Geb\u00e4ude ist ein physisches Projekt mit eigenem Z\u00e4hlerschrank, eigener Netzanmeldung und eigener Mieterstruktur. Drei Dinge sind dabei die eigentliche Arbeit:<\/p>\n\n\n\n<p class=\"wp-block-paragraph\">Erstens die f\u00f6derale Struktur: In Deutschland gibt es \u00fcber 800 Verteilnetzbetreiber, jeder mit eigenen Anforderungen, Formularen, Fristen und Auslegungen. In allen 16 Bundesl\u00e4ndern aktiv zu sein bedeutet deshalb hunderte zu beachtende Varianten. Die Aufgabe ist, trotz dieser Varianz zu standardisieren.<\/p>\n\n\n\n<p class=\"wp-block-paragraph\">Zweitens der Hardware-Rollout: Damit m\u00f6glichst viele Haushalte schnell und effizient mit der erforderlichen Smart-Meter-Messtechnik ausgestattet werden, arbeiten wir intensiv an internen digitalen Anwendungen. Der zertifizierte Messstellenbetrieb ist operativ der anspruchsvollste Teil unseres Gesch\u00e4fts &#8211; und gleichzeitig derjenige, der \u00fcber unsere Geschwindigkeit entscheidet. F\u00fcr VREY und den Smart-Meter-Rollout im Mehrfamilienhaus.<\/p>\n\n\n\n<p class=\"wp-block-paragraph\">Drittens die Softwaretiefe: Die viertelst\u00fcndliche Zuordnung von Solar- und Netzstrom f\u00fcr jede einzelne Wohneinheit ist hochkomplex und erst der Anfang. Der regulatorische Rahmen ver\u00e4ndert sich fortlaufend, und jede \u00c4nderung muss im gesamten Bestand abgebildet werden. Das erfordert eine kontinuierliche Weiterentwicklung unserer Software.<\/p>\n\n\n\n<h3 id=\"h-vor-kurzem-haben-sie-eine-seed-finanzierungsrunde-uber-3-3-millionen-euro-abgeschlossen-welche-nachsten-entwicklungsschritte-und-wachstumsziele-mochten-sie-mit-diesem-kapital-umsetzen\" class=\"wp-block-heading\">Vor Kurzem haben Sie eine Seed-Finanzierungsrunde \u00fcber 3,3 Millionen Euro abgeschlossen. Welche n\u00e4chsten Entwicklungsschritte und Wachstumsziele m\u00f6chten Sie mit diesem Kapital umsetzen?<\/h3>\n\n\n\n<p class=\"wp-block-paragraph\">Wir erfahren derzeit eine sehr starke Nachfrage nach unserem Produkt; das Modell nimmt gerade deutlich Fahrt auf. Entsprechend geht es jetzt darum, die Systeme und Prozesse zu schaffen, um in den n\u00e4chsten zw\u00f6lf Monaten auf \u00fcber 10.000 Einheiten zu wachsen.<\/p>\n\n\n\n<p class=\"wp-block-paragraph\">Der Hebel und strategische Fokus liegt daher auf unserem Operational Excellence Modell. Das bedeutet konkret: Automatisierungen und AI, wo sinnvoll. Digitale Prozesse im Messstellenbetrieb und im laufenden Betrieb sind entscheidend daf\u00fcr, dass jedes zus\u00e4tzliche Geb\u00e4ude uns weniger Aufwand kostet als das vorherige. Parallel bauen wir das Team gezielt mit ausgezeichneten Leuten in den Bereichen Commercial, Energy Operations und Produkt aus.<\/p>\n\n\n\n<p class=\"wp-block-paragraph\">Der zweite Teil ist die Produktentwicklung. Wie angesprochen stehen viele regulatorische \u00c4nderungen an: Steuerbarkeit von W\u00e4rmepumpen und Wallboxen nach \u00a714a EnWG, Direktvermarktung und die Einbindung von dynamischen Stromtarifen. Diese Themen h\u00e4ngen unmittelbar zusammen, und wir setzen strategisch bewusst auf diese Abh\u00e4ngigkeiten: Als zertifizierter Messstellenbetreiber stellen wir mit Smart Metern und CLS-Steuerboxen genau die Infrastruktur bereit, die f\u00fcr all diese Anwendungsf\u00e4lle die Voraussetzung ist. Der n\u00e4chste logische Schritt ist die Intelligenz: ein umfassendes Energiemanagement dediziert f\u00fcr das Mehrfamilienhaus.<\/p>\n\n\n\n<h3 id=\"h-welche-rolle-spielen-europaische-hochschulen-und-entrepreneurship-programme-heute-bei-der-entstehung-innovativer-startups-und-wie-hat-sie-die-esade-auf-die-grundung-vorbereitet\" class=\"wp-block-heading\">Welche Rolle spielen europ\u00e4ische Hochschulen und Entrepreneurship-Programme heute bei der Entstehung innovativer Startups, und wie hat Sie die ESADE auf die Gr\u00fcndung vorbereitet?<\/h3>\n\n\n\n<p class=\"wp-block-paragraph\">Hochschulen schaffen vor allem \u00d6kosysteme: Zugang zu Investoren, Sparringspartner, erste Mitarbeitende &#8211; und Klarheit im Denken. F\u00fcr mich war der letzte Punkt der wichtigste.<\/p>\n\n\n\n<p class=\"wp-block-paragraph\">Die Entrepreneurship-Kurse an der ESADE haben mir geholfen, stringent \u00fcber Gesch\u00e4ftsmodelle und die konkrete Value Proposition nachzudenken und den Prozess der Ideenfindung systematisch anzugehen. Das war elementar, denn in dieser Phase sterben weiterhin die meisten Startups. Sie arbeiten an einer L\u00f6sung f\u00fcr ein Problem, f\u00fcr das niemand bereit ist zu zahlen. Durch viel Exploration schon w\u00e4hrend dem Studium an der ESADE konnte ich diesen Fallstrick mit VREY vermeiden.<\/p>\n\n\n\n<h3 class=\"wp-block-heading\">Wie sehen Sie die Zukunft der dezentralen Energieversorgung, und welche Rolle soll VREY dabei langfristig \u00fcbernehmen?<\/h3>\n\n\n\n<p class=\"wp-block-paragraph\">Das Energiesystem verschiebt sich von einer zentralen Struktur mit wenigen gro\u00dfen Kraftwerken zu einer dezentralen aus Millionen kleiner, steuerbarer Einheiten. Die meisten davon stehen in Wohngeb\u00e4uden.<\/p>\n\n\n\n<p class=\"wp-block-paragraph\">Jedes Mehrfamilienhaus wird eine Solaranlage haben, eine W\u00e4rmepumpe und mehrere E-Autos, deren Batterien zugleich Speicher sind. Das ist nur eine Frage der Zeit. Unsere Infrastruktur ist auf diesen Schritt aber noch nicht ausgelegt.<\/p>\n\n\n\n<p class=\"wp-block-paragraph\">Entweder man baut das Netz aus &#8211; teuer und langsam &#8211; oder man verschiebt Lasten intelligent. Steuerbarkeit wird deshalb zur Voraussetzung daf\u00fcr, dass E-Mobilit\u00e4t und W\u00e4rmepumpen im Mehrfamilienhaus \u00fcberhaupt funktionieren.<\/p>\n\n\n\n<p class=\"wp-block-paragraph\">Genau da sehen wir unsere Rolle. Wir sind mit Messtechnik und Abrechnung ohnehin im Geb\u00e4ude -die Intelligenz obendrauf ist der n\u00e4chste logische Schritt. Das ist das EnergyOS: die sinnvolle Orchestrierung aller Strom- und Geldfl\u00fcsse im Mehrfamilienhaus.<\/p>\n\n\n\n<p class=\"wp-block-paragraph\">Wof\u00fcr das Ganze: Europa braucht Energie im \u00dcberfluss. F\u00fcr KI-Rechenzentren, f\u00fcr eine wettbewerbsf\u00e4hige Industrie, f\u00fcr unsere Klimaziele.<\/p>\n\n\n\n<p class=\"wp-block-paragraph\">Und ein erheblicher Teil davon wird in den H\u00e4usern entstehen, in denen Menschen ohnehin wohnen. Millionen Geb\u00e4ude, die heute nichts davon tun. Wir arbeiten sehr hart daran, dass sich das schnell \u00e4ndert.<\/p>\n\n\n\n<h3 class=\"wp-block-heading\">Welche drei Ratschl\u00e4ge w\u00fcrden Sie anderen Gr\u00fcnderinnen und Gr\u00fcndern geben, die mit innovativen L\u00f6sungen einen Beitrag zur Energiewende leisten m\u00f6chten?<\/h3>\n\n\n\n<ol class=\"wp-block-list\">\n<li>Finde ein Kundenproblem und fang fr\u00fch an zu verkaufen: Bevor man teure Ressourcen bindet &#8211; Entwickler, aber vor allem Gr\u00fcnderzeit &#8211; muss man sich sicher sein, dass das Problem real ist. Diese Sicherheit bekommt man nur an einer Stelle: im Verkaufsgespr\u00e4ch. Wer st\u00e4ndig verkauft, h\u00f6rt, was die Kunden wirklich besch\u00e4ftigt. Das ist das A und O.<\/li>\n\n\n\n<li>Es ist ein People Business: Mein Co-Founder Cedric und ich sind selbst die gr\u00f6\u00dften Engp\u00e4sse im Unternehmen, ohne das zu wollen. Deshalb brauchen wir herausragende Leute, um unserer Ambition auch nur ansatzweise gerecht zu werden. Eine Kultur, in der man sich blind vertrauen kann, weil alle stark sind, ist gleichzeitig das Beste f\u00fcr die pers\u00f6nliche Entwicklung, macht am meisten Spa\u00df und maximiert die Erfolgsaussichten.<\/li>\n\n\n\n<li>Baue dein Entscheidungsmodell, der Rest ist \u201elearning by doing\u201c: Man braucht sauberes First-Principle-Denken und einige grundlegende Mechanismen, um schnell gute Entscheidungen zu treffen. Alles andere ist zu 95 Prozent Learning by Doing: Probleme identifizieren, priorisieren, pragmatisch l\u00f6sen.<\/li>\n<\/ol>\n\n\n\n<p class=\"wp-block-paragraph\">Fotocredits: VREY<\/p>\n\n\n\n<p class=\"wp-block-paragraph\">Wir bedanken uns bei <a href=\"https:\/\/www.linkedin.com\/in\/julius-pahmeier\/\" target=\"_blank\" rel=\"noreferrer noopener\">Julius Pahmeier<\/a> f\u00fcr das Interview<\/p>\n\n\n\n<p class=\"wp-block-paragraph\">Aussagen des Autors und des Interviewpartners geben nicht unbedingt die Meinung der Redaktion und des Verlags wieder.<\/p>\n\n\n\n<ul class=\"wp-block-yoast-seo-related-links yoast-seo-related-links\">\n<li><a href=\"https:\/\/startupvalley.news\/de\/marcley\/\">Glaubt an eure Vision und Leidenschaft &#8211; sie wird euch in schwierigen Zeiten antreiben<\/a><\/li>\n\n\n\n<li><a href=\"https:\/\/startupvalley.news\/de\/arcneo\/\">Habt keine Ber\u00fchrungs\u00e4ngste vor unangenehmen Situationen<\/a><\/li>\n\n\n\n<li><a href=\"https:\/\/startupvalley.news\/de\/uv-energy\/\">Energie neu gedacht: Ein innovativer Ansatz zur Stromversorgung<\/a><\/li>\n\n\n\n<li><a href=\"https:\/\/startupvalley.news\/de\/enviria\/\">Seid pragmatisch und proaktiv!&nbsp;<\/a><\/li>\n\n\n\n<li><a href=\"https:\/\/startupvalley.news\/de\/solation\/\">Sind Sie bereit f\u00fcr die Zukunft der Energie?<\/a><\/li>\n<\/ul>\n","protected":false},"excerpt":{"rendered":"<p>VREY entwickelt ein EnergyOS f\u00fcr Mehrfamilienh\u00e4user und verbindet Messtechnik, Software und Abrechnung in einer integrierten Plattform. Eigent\u00fcmer k\u00f6nnen Solarstrom direkt an ihre Mieter verkaufen und gleichzeitig neue Ertragspotenziale erschlie\u00dfen.<\/p>\n","protected":false},"author":9,"featured_media":126740,"comment_status":"closed","ping_status":"open","sticky":false,"template":"","format":"standard","meta":{"_acf_changed":false,"footnotes":""},"categories":[26473],"tags":[120,1528,12043,299,66],"class_list":["post-126739","post","type-post","status-publish","format-standard","has-post-thumbnail","category-interviews","tag-digitalisierung","tag-energie","tag-energiewende","tag-startup","tag-startups"],"acf":[],"yoast_head":"<!-- This site is optimized with the Yoast SEO Premium plugin v28.3 (Yoast SEO v28.3) - https:\/\/yoast.com\/product\/yoast-seo-premium-wordpress\/ -->\n<title>VREY: Solarstrom im Mehrfamilienhaus neu gedacht<\/title>\n<meta name=\"description\" content=\"VREY bringt Solarstrom ins Mehrfamilienhaus und verbindet Smart Metering, Abrechnung und Energiemanagement in einer integrierten L\u00f6sung.\" \/>\n<meta name=\"robots\" content=\"index, follow, max-snippet:-1, max-image-preview:large, max-video-preview:-1\" \/>\n<link rel=\"canonical\" href=\"https:\/\/startupvalley.news\/de\/vrey-solarstrom-mehrfamilienhaus\/\" \/>\n<meta property=\"og:locale\" content=\"de_DE\" \/>\n<meta property=\"og:type\" content=\"article\" \/>\n<meta property=\"og:title\" content=\"VREY bringt Solarstrom ins Mehrfamilienhaus\" \/>\n<meta property=\"og:description\" content=\"VREY will Mehrfamilienh\u00e4user st\u00e4rker in die Energiewende integrieren. Mit Smart Metering, eigener Software und automatisierter Abrechnung macht das Startup Solarstrom f\u00fcr Eigent\u00fcmer und Mieter wirtschaftlich nutzbar.\" \/>\n<meta property=\"og:url\" content=\"https:\/\/startupvalley.news\/de\/vrey-solarstrom-mehrfamilienhaus\/\" \/>\n<meta property=\"og:site_name\" content=\"StartupValley\" \/>\n<meta property=\"article:publisher\" content=\"https:\/\/www.facebook.com\/startupvalleynews\" \/>\n<meta property=\"article:published_time\" content=\"2026-08-31T07:17:27+00:00\" \/>\n<meta property=\"article:modified_time\" content=\"2026-08-31T07:17:28+00:00\" \/>\n<meta property=\"og:image\" content=\"https:\/\/startupvalley.news\/de\/wp-content\/uploads\/sites\/2\/2026\/08\/Julius-Pahmeier-VREY.jpg\" \/>\n\t<meta property=\"og:image:width\" content=\"1200\" \/>\n\t<meta property=\"og:image:height\" content=\"855\" \/>\n\t<meta property=\"og:image:type\" content=\"image\/jpeg\" \/>\n<meta name=\"author\" content=\"StartupValley\" \/>\n<meta name=\"twitter:card\" content=\"summary_large_image\" \/>\n<meta name=\"twitter:title\" content=\"VREY: Wie das Startup Solarstrom im Mehrfamilienhaus f\u00fcr Mieter und Eigent\u00fcmer nutzbar macht\" \/>\n<meta name=\"twitter:creator\" content=\"@startup_valley\" \/>\n<meta name=\"twitter:site\" content=\"@startup_valley\" \/>\n<meta name=\"twitter:label1\" content=\"Verfasst von\" \/>\n\t<meta name=\"twitter:data1\" content=\"StartupValley\" \/>\n\t<meta name=\"twitter:label2\" content=\"Gesch\u00e4tzte Lesezeit\" \/>\n\t<meta name=\"twitter:data2\" content=\"14\u00a0Minuten\" \/>\n<script type=\"application\/ld+json\" class=\"yoast-schema-graph\">{\"@context\":\"https:\\\/\\\/schema.org\",\"@graph\":[{\"@type\":\"NewsArticle\",\"@id\":\"https:\\\/\\\/startupvalley.news\\\/de\\\/vrey-solarstrom-mehrfamilienhaus\\\/#article\",\"isPartOf\":{\"@id\":\"https:\\\/\\\/startupvalley.news\\\/de\\\/vrey-solarstrom-mehrfamilienhaus\\\/\"},\"author\":{\"name\":\"StartupValley\",\"@id\":\"https:\\\/\\\/startupvalley.news\\\/de\\\/#\\\/schema\\\/person\\\/dc9abc71daa8d949d4f257f2e9883e00\"},\"headline\":\"VREY: Wie das Startup Solarstrom im Mehrfamilienhaus f\u00fcr Mieter und Eigent\u00fcmer nutzbar macht\",\"datePublished\":\"2026-08-31T07:17:27+00:00\",\"dateModified\":\"2026-08-31T07:17:28+00:00\",\"mainEntityOfPage\":{\"@id\":\"https:\\\/\\\/startupvalley.news\\\/de\\\/vrey-solarstrom-mehrfamilienhaus\\\/\"},\"wordCount\":2528,\"publisher\":{\"@id\":\"https:\\\/\\\/startupvalley.news\\\/de\\\/#organization\"},\"image\":{\"@id\":\"https:\\\/\\\/startupvalley.news\\\/de\\\/vrey-solarstrom-mehrfamilienhaus\\\/#primaryimage\"},\"thumbnailUrl\":\"https:\\\/\\\/startupvalley.news\\\/de\\\/wp-content\\\/uploads\\\/sites\\\/2\\\/2026\\\/08\\\/Julius-Pahmeier-VREY.jpg\",\"keywords\":[\"Digitalisierung\",\"Energie\",\"Energiewende\",\"Startup\",\"Startups\"],\"articleSection\":[\"Interviews\"],\"inLanguage\":\"de\",\"copyrightYear\":\"2026\",\"copyrightHolder\":{\"@id\":\"https:\\\/\\\/startupvalley.news\\\/#organization\"}},{\"@type\":\"WebPage\",\"@id\":\"https:\\\/\\\/startupvalley.news\\\/de\\\/vrey-solarstrom-mehrfamilienhaus\\\/\",\"url\":\"https:\\\/\\\/startupvalley.news\\\/de\\\/vrey-solarstrom-mehrfamilienhaus\\\/\",\"name\":\"VREY: Solarstrom im Mehrfamilienhaus neu gedacht\",\"isPartOf\":{\"@id\":\"https:\\\/\\\/startupvalley.news\\\/de\\\/#website\"},\"primaryImageOfPage\":{\"@id\":\"https:\\\/\\\/startupvalley.news\\\/de\\\/vrey-solarstrom-mehrfamilienhaus\\\/#primaryimage\"},\"image\":{\"@id\":\"https:\\\/\\\/startupvalley.news\\\/de\\\/vrey-solarstrom-mehrfamilienhaus\\\/#primaryimage\"},\"thumbnailUrl\":\"https:\\\/\\\/startupvalley.news\\\/de\\\/wp-content\\\/uploads\\\/sites\\\/2\\\/2026\\\/08\\\/Julius-Pahmeier-VREY.jpg\",\"datePublished\":\"2026-08-31T07:17:27+00:00\",\"dateModified\":\"2026-08-31T07:17:28+00:00\",\"description\":\"VREY bringt Solarstrom ins Mehrfamilienhaus und verbindet Smart Metering, Abrechnung und Energiemanagement in einer integrierten L\u00f6sung.\",\"breadcrumb\":{\"@id\":\"https:\\\/\\\/startupvalley.news\\\/de\\\/vrey-solarstrom-mehrfamilienhaus\\\/#breadcrumb\"},\"inLanguage\":\"de\",\"potentialAction\":[{\"@type\":\"ReadAction\",\"target\":[\"https:\\\/\\\/startupvalley.news\\\/de\\\/vrey-solarstrom-mehrfamilienhaus\\\/\"]}]},{\"@type\":\"ImageObject\",\"inLanguage\":\"de\",\"@id\":\"https:\\\/\\\/startupvalley.news\\\/de\\\/vrey-solarstrom-mehrfamilienhaus\\\/#primaryimage\",\"url\":\"https:\\\/\\\/startupvalley.news\\\/de\\\/wp-content\\\/uploads\\\/sites\\\/2\\\/2026\\\/08\\\/Julius-Pahmeier-VREY.jpg\",\"contentUrl\":\"https:\\\/\\\/startupvalley.news\\\/de\\\/wp-content\\\/uploads\\\/sites\\\/2\\\/2026\\\/08\\\/Julius-Pahmeier-VREY.jpg\",\"width\":1200,\"height\":855,\"caption\":\"VREY: Solarstrom im Mehrfamilienhaus neu gedacht Julius Pahmeier\"},{\"@type\":\"BreadcrumbList\",\"@id\":\"https:\\\/\\\/startupvalley.news\\\/de\\\/vrey-solarstrom-mehrfamilienhaus\\\/#breadcrumb\",\"itemListElement\":[{\"@type\":\"ListItem\",\"position\":1,\"name\":\"Home\",\"item\":\"https:\\\/\\\/startupvalley.news\\\/de\\\/\"},{\"@type\":\"ListItem\",\"position\":2,\"name\":\"VREY: Wie das Startup Solarstrom im Mehrfamilienhaus f\u00fcr Mieter und Eigent\u00fcmer nutzbar macht\"}]},{\"@type\":\"WebSite\",\"@id\":\"https:\\\/\\\/startupvalley.news\\\/de\\\/#website\",\"url\":\"https:\\\/\\\/startupvalley.news\\\/de\\\/\",\"name\":\"StartupValley\",\"description\":\"Startup-News, Funding &amp; Gr\u00fcnder-Interviews\",\"publisher\":{\"@id\":\"https:\\\/\\\/startupvalley.news\\\/de\\\/#organization\"},\"alternateName\":\"StartupValley Magazin\",\"potentialAction\":[{\"@type\":\"SearchAction\",\"target\":{\"@type\":\"EntryPoint\",\"urlTemplate\":\"https:\\\/\\\/startupvalley.news\\\/de\\\/?s={search_term_string}\"},\"query-input\":{\"@type\":\"PropertyValueSpecification\",\"valueRequired\":true,\"valueName\":\"search_term_string\"}}],\"inLanguage\":\"de\"},{\"@type\":\"Organization\",\"@id\":\"https:\\\/\\\/startupvalley.news\\\/de\\\/#organization\",\"name\":\"StartupValley Media\",\"url\":\"https:\\\/\\\/startupvalley.news\\\/de\\\/\",\"logo\":{\"@type\":\"ImageObject\",\"inLanguage\":\"de\",\"@id\":\"https:\\\/\\\/startupvalley.news\\\/de\\\/#\\\/schema\\\/logo\\\/image\\\/\",\"url\":\"https:\\\/\\\/startupvalley.news\\\/de\\\/wp-content\\\/uploads\\\/sites\\\/2\\\/2020\\\/12\\\/StartupValley-LOGO-neu-retina.png\",\"contentUrl\":\"https:\\\/\\\/startupvalley.news\\\/de\\\/wp-content\\\/uploads\\\/sites\\\/2\\\/2020\\\/12\\\/StartupValley-LOGO-neu-retina.png\",\"width\":460,\"height\":180,\"caption\":\"StartupValley Media\"},\"image\":{\"@id\":\"https:\\\/\\\/startupvalley.news\\\/de\\\/#\\\/schema\\\/logo\\\/image\\\/\"},\"sameAs\":[\"https:\\\/\\\/www.facebook.com\\\/startupvalleynews\",\"https:\\\/\\\/x.com\\\/startup_valley\",\"https:\\\/\\\/www.twitch.tv\\\/startupvalley\",\"https:\\\/\\\/www.linkedin.com\\\/company\\\/startupvalleymagazine\",\"https:\\\/\\\/www.instagram.com\\\/startup_valley\"]},{\"@type\":\"Person\",\"@id\":\"https:\\\/\\\/startupvalley.news\\\/de\\\/#\\\/schema\\\/person\\\/dc9abc71daa8d949d4f257f2e9883e00\",\"name\":\"StartupValley\",\"image\":{\"@type\":\"ImageObject\",\"inLanguage\":\"de\",\"@id\":\"https:\\\/\\\/secure.gravatar.com\\\/avatar\\\/6436ca57465a88bfa716825ebdd3bc23f850aaaa3a51d16da34504822452fa3a?s=96&d=mm&r=g\",\"url\":\"https:\\\/\\\/secure.gravatar.com\\\/avatar\\\/6436ca57465a88bfa716825ebdd3bc23f850aaaa3a51d16da34504822452fa3a?s=96&d=mm&r=g\",\"contentUrl\":\"https:\\\/\\\/secure.gravatar.com\\\/avatar\\\/6436ca57465a88bfa716825ebdd3bc23f850aaaa3a51d16da34504822452fa3a?s=96&d=mm&r=g\",\"caption\":\"StartupValley\"},\"description\":\"Das StartupValley Magazin ist Europas gro\u00dfes Magazin f\u00fcr Start-ups, Gr\u00fcnder und Entrepreneure. Ihr findet bei uns Tagesaktuelle News zu den neuesten Trends, Technologien und Gesch\u00e4ftsmodellen der internationalen Startup-Szene sowie Interviews mit erfolgreichen Gr\u00fcndern und Investoren.\",\"url\":\"https:\\\/\\\/startupvalley.news\\\/de\\\/author\\\/redaktion\\\/\"}]}<\/script>\n<!-- \/ Yoast SEO Premium plugin. -->","yoast_head_json":{"title":"VREY: Solarstrom im Mehrfamilienhaus neu gedacht","description":"VREY bringt Solarstrom ins Mehrfamilienhaus und verbindet Smart Metering, Abrechnung und Energiemanagement in einer integrierten L\u00f6sung.","robots":{"index":"index","follow":"follow","max-snippet":"max-snippet:-1","max-image-preview":"max-image-preview:large","max-video-preview":"max-video-preview:-1"},"canonical":"https:\/\/startupvalley.news\/de\/vrey-solarstrom-mehrfamilienhaus\/","og_locale":"de_DE","og_type":"article","og_title":"VREY bringt Solarstrom ins Mehrfamilienhaus","og_description":"VREY will Mehrfamilienh\u00e4user st\u00e4rker in die Energiewende integrieren. Mit Smart Metering, eigener Software und automatisierter Abrechnung macht das Startup Solarstrom f\u00fcr Eigent\u00fcmer und Mieter wirtschaftlich nutzbar.","og_url":"https:\/\/startupvalley.news\/de\/vrey-solarstrom-mehrfamilienhaus\/","og_site_name":"StartupValley","article_publisher":"https:\/\/www.facebook.com\/startupvalleynews","article_published_time":"2026-08-31T07:17:27+00:00","article_modified_time":"2026-08-31T07:17:28+00:00","og_image":[{"width":1200,"height":855,"url":"https:\/\/startupvalley.news\/de\/wp-content\/uploads\/sites\/2\/2026\/08\/Julius-Pahmeier-VREY.jpg","type":"image\/jpeg"}],"author":"StartupValley","twitter_card":"summary_large_image","twitter_title":"VREY: Wie das Startup Solarstrom im Mehrfamilienhaus f\u00fcr Mieter und Eigent\u00fcmer nutzbar macht","twitter_creator":"@startup_valley","twitter_site":"@startup_valley","twitter_misc":{"Verfasst von":"StartupValley","Gesch\u00e4tzte Lesezeit":"14\u00a0Minuten"},"schema":{"@context":"https:\/\/schema.org","@graph":[{"@type":"NewsArticle","@id":"https:\/\/startupvalley.news\/de\/vrey-solarstrom-mehrfamilienhaus\/#article","isPartOf":{"@id":"https:\/\/startupvalley.news\/de\/vrey-solarstrom-mehrfamilienhaus\/"},"author":{"name":"StartupValley","@id":"https:\/\/startupvalley.news\/de\/#\/schema\/person\/dc9abc71daa8d949d4f257f2e9883e00"},"headline":"VREY: Wie das Startup Solarstrom im Mehrfamilienhaus f\u00fcr Mieter und Eigent\u00fcmer nutzbar macht","datePublished":"2026-08-31T07:17:27+00:00","dateModified":"2026-08-31T07:17:28+00:00","mainEntityOfPage":{"@id":"https:\/\/startupvalley.news\/de\/vrey-solarstrom-mehrfamilienhaus\/"},"wordCount":2528,"publisher":{"@id":"https:\/\/startupvalley.news\/de\/#organization"},"image":{"@id":"https:\/\/startupvalley.news\/de\/vrey-solarstrom-mehrfamilienhaus\/#primaryimage"},"thumbnailUrl":"https:\/\/startupvalley.news\/de\/wp-content\/uploads\/sites\/2\/2026\/08\/Julius-Pahmeier-VREY.jpg","keywords":["Digitalisierung","Energie","Energiewende","Startup","Startups"],"articleSection":["Interviews"],"inLanguage":"de","copyrightYear":"2026","copyrightHolder":{"@id":"https:\/\/startupvalley.news\/#organization"}},{"@type":"WebPage","@id":"https:\/\/startupvalley.news\/de\/vrey-solarstrom-mehrfamilienhaus\/","url":"https:\/\/startupvalley.news\/de\/vrey-solarstrom-mehrfamilienhaus\/","name":"VREY: Solarstrom im Mehrfamilienhaus neu gedacht","isPartOf":{"@id":"https:\/\/startupvalley.news\/de\/#website"},"primaryImageOfPage":{"@id":"https:\/\/startupvalley.news\/de\/vrey-solarstrom-mehrfamilienhaus\/#primaryimage"},"image":{"@id":"https:\/\/startupvalley.news\/de\/vrey-solarstrom-mehrfamilienhaus\/#primaryimage"},"thumbnailUrl":"https:\/\/startupvalley.news\/de\/wp-content\/uploads\/sites\/2\/2026\/08\/Julius-Pahmeier-VREY.jpg","datePublished":"2026-08-31T07:17:27+00:00","dateModified":"2026-08-31T07:17:28+00:00","description":"VREY bringt Solarstrom ins Mehrfamilienhaus und verbindet Smart Metering, Abrechnung und Energiemanagement in einer integrierten L\u00f6sung.","breadcrumb":{"@id":"https:\/\/startupvalley.news\/de\/vrey-solarstrom-mehrfamilienhaus\/#breadcrumb"},"inLanguage":"de","potentialAction":[{"@type":"ReadAction","target":["https:\/\/startupvalley.news\/de\/vrey-solarstrom-mehrfamilienhaus\/"]}]},{"@type":"ImageObject","inLanguage":"de","@id":"https:\/\/startupvalley.news\/de\/vrey-solarstrom-mehrfamilienhaus\/#primaryimage","url":"https:\/\/startupvalley.news\/de\/wp-content\/uploads\/sites\/2\/2026\/08\/Julius-Pahmeier-VREY.jpg","contentUrl":"https:\/\/startupvalley.news\/de\/wp-content\/uploads\/sites\/2\/2026\/08\/Julius-Pahmeier-VREY.jpg","width":1200,"height":855,"caption":"VREY: Solarstrom im Mehrfamilienhaus neu gedacht Julius Pahmeier"},{"@type":"BreadcrumbList","@id":"https:\/\/startupvalley.news\/de\/vrey-solarstrom-mehrfamilienhaus\/#breadcrumb","itemListElement":[{"@type":"ListItem","position":1,"name":"Home","item":"https:\/\/startupvalley.news\/de\/"},{"@type":"ListItem","position":2,"name":"VREY: Wie das Startup Solarstrom im Mehrfamilienhaus f\u00fcr Mieter und Eigent\u00fcmer nutzbar macht"}]},{"@type":"WebSite","@id":"https:\/\/startupvalley.news\/de\/#website","url":"https:\/\/startupvalley.news\/de\/","name":"StartupValley","description":"Startup-News, Funding &amp; Gr\u00fcnder-Interviews","publisher":{"@id":"https:\/\/startupvalley.news\/de\/#organization"},"alternateName":"StartupValley Magazin","potentialAction":[{"@type":"SearchAction","target":{"@type":"EntryPoint","urlTemplate":"https:\/\/startupvalley.news\/de\/?s={search_term_string}"},"query-input":{"@type":"PropertyValueSpecification","valueRequired":true,"valueName":"search_term_string"}}],"inLanguage":"de"},{"@type":"Organization","@id":"https:\/\/startupvalley.news\/de\/#organization","name":"StartupValley Media","url":"https:\/\/startupvalley.news\/de\/","logo":{"@type":"ImageObject","inLanguage":"de","@id":"https:\/\/startupvalley.news\/de\/#\/schema\/logo\/image\/","url":"https:\/\/startupvalley.news\/de\/wp-content\/uploads\/sites\/2\/2020\/12\/StartupValley-LOGO-neu-retina.png","contentUrl":"https:\/\/startupvalley.news\/de\/wp-content\/uploads\/sites\/2\/2020\/12\/StartupValley-LOGO-neu-retina.png","width":460,"height":180,"caption":"StartupValley Media"},"image":{"@id":"https:\/\/startupvalley.news\/de\/#\/schema\/logo\/image\/"},"sameAs":["https:\/\/www.facebook.com\/startupvalleynews","https:\/\/x.com\/startup_valley","https:\/\/www.twitch.tv\/startupvalley","https:\/\/www.linkedin.com\/company\/startupvalleymagazine","https:\/\/www.instagram.com\/startup_valley"]},{"@type":"Person","@id":"https:\/\/startupvalley.news\/de\/#\/schema\/person\/dc9abc71daa8d949d4f257f2e9883e00","name":"StartupValley","image":{"@type":"ImageObject","inLanguage":"de","@id":"https:\/\/secure.gravatar.com\/avatar\/6436ca57465a88bfa716825ebdd3bc23f850aaaa3a51d16da34504822452fa3a?s=96&d=mm&r=g","url":"https:\/\/secure.gravatar.com\/avatar\/6436ca57465a88bfa716825ebdd3bc23f850aaaa3a51d16da34504822452fa3a?s=96&d=mm&r=g","contentUrl":"https:\/\/secure.gravatar.com\/avatar\/6436ca57465a88bfa716825ebdd3bc23f850aaaa3a51d16da34504822452fa3a?s=96&d=mm&r=g","caption":"StartupValley"},"description":"Das StartupValley Magazin ist Europas gro\u00dfes Magazin f\u00fcr Start-ups, Gr\u00fcnder und Entrepreneure. Ihr findet bei uns Tagesaktuelle News zu den neuesten Trends, Technologien und Gesch\u00e4ftsmodellen der internationalen Startup-Szene sowie Interviews mit erfolgreichen Gr\u00fcndern und Investoren.","url":"https:\/\/startupvalley.news\/de\/author\/redaktion\/"}]}},"_links":{"self":[{"href":"https:\/\/startupvalley.news\/de\/wp-json\/wp\/v2\/posts\/126739","targetHints":{"allow":["GET"]}}],"collection":[{"href":"https:\/\/startupvalley.news\/de\/wp-json\/wp\/v2\/posts"}],"about":[{"href":"https:\/\/startupvalley.news\/de\/wp-json\/wp\/v2\/types\/post"}],"author":[{"embeddable":true,"href":"https:\/\/startupvalley.news\/de\/wp-json\/wp\/v2\/users\/9"}],"replies":[{"embeddable":true,"href":"https:\/\/startupvalley.news\/de\/wp-json\/wp\/v2\/comments?post=126739"}],"version-history":[{"count":2,"href":"https:\/\/startupvalley.news\/de\/wp-json\/wp\/v2\/posts\/126739\/revisions"}],"predecessor-version":[{"id":126742,"href":"https:\/\/startupvalley.news\/de\/wp-json\/wp\/v2\/posts\/126739\/revisions\/126742"}],"wp:featuredmedia":[{"embeddable":true,"href":"https:\/\/startupvalley.news\/de\/wp-json\/wp\/v2\/media\/126740"}],"wp:attachment":[{"href":"https:\/\/startupvalley.news\/de\/wp-json\/wp\/v2\/media?parent=126739"}],"wp:term":[{"taxonomy":"category","embeddable":true,"href":"https:\/\/startupvalley.news\/de\/wp-json\/wp\/v2\/categories?post=126739"},{"taxonomy":"post_tag","embeddable":true,"href":"https:\/\/startupvalley.news\/de\/wp-json\/wp\/v2\/tags?post=126739"}],"curies":[{"name":"wp","href":"https:\/\/api.w.org\/{rel}","templated":true}]}}