{"id":126743,"date":"2026-08-31T09:40:12","date_gmt":"2026-08-31T07:40:12","guid":{"rendered":"https:\/\/startupvalley.news\/de\/?p=126743"},"modified":"2026-08-31T09:40:13","modified_gmt":"2026-08-31T07:40:13","slug":"amarik-begleitung-plattform","status":"publish","type":"post","link":"https:\/\/startupvalley.news\/de\/amarik-begleitung-plattform\/","title":{"rendered":"AMARIK: Die neue Plattform f\u00fcr stilvolle Begleitung zu jedem Anlass"},"content":{"rendered":"\n<h2 id=\"h-amarik-entwickelt-eine-plattform-uber-die-passende-begleitung-fur-private-und-geschaftliche-anlasse-verlasslich-gebucht-werden-kann\" class=\"wp-block-heading\">AMARIK entwickelt eine Plattform, \u00fcber die passende Begleitung f\u00fcr private und gesch\u00e4ftliche Anl\u00e4sse verl\u00e4sslich gebucht werden kann.<\/h2>\n\n\n\n<h3 id=\"h-konnen-sie-amarik-kurz-vorstellen-und-erzahlen-wie-die-idee-fur-eine-plattform-fur-buchbare-begleitung-entstanden-ist\" class=\"wp-block-heading\">K\u00f6nnen Sie AMARIK kurz vorstellen und erz\u00e4hlen, wie die Idee f\u00fcr eine Plattform f\u00fcr buchbare Begleitung entstanden ist?<\/h3>\n\n\n\n<p class=\"wp-block-paragraph\">AMARIK\u00ae ist eine Plattform f\u00fcr gepr\u00fcfte, stilvolle Begleitung zu konkreten Anl\u00e4ssen, privat wie gesch\u00e4ftlich. Es geht nicht um Dating und nicht um Escort, sondern um Menschen, die f\u00fcr ein Dinner, ein Event, eine Gesch\u00e4ftsreise, einen kulturellen Abend, einen Kurztrip oder eine gemeinsame Aktivit\u00e4t passende Begleitung suchen und diese verl\u00e4sslich buchen m\u00f6chten.<\/p>\n\n\n\n<p class=\"wp-block-paragraph\">Die Idee entstand 2025 in einer Phase, in der ich selbst sehr bewusst dar\u00fcber nachgedacht habe, wie sich unser gesellschaftliches Leben ver\u00e4ndert. Viele Menschen sind beruflich stark eingebunden, leben allein, sind viel unterwegs oder m\u00f6chten bestimmte Erlebnisse schlicht nicht allein wahrnehmen. Gleichzeitig gibt es f\u00fcr genau diesen Bedarf kaum ein Angebot, das professionell, digital und klar positioniert ist.<\/p>\n\n\n\n<p class=\"wp-block-paragraph\">Aus dieser Beobachtung entstand AMARIK\u00ae. Anfangs war es eine Idee, sehr schnell wurde daraus ein konkretes Plattformmodell. Heute bauen wir damit nicht nur ein Unternehmen auf, sondern arbeiten an einer neuen Kategorie rund um buchbare pers\u00f6nliche Begleitung.<\/p>\n\n\n\n<h3 id=\"h-wer-steht-hinter-amarik-und-welche-erfahrungen-bringen-sie-in-den-aufbau-des-unternehmens-ein\" class=\"wp-block-heading\">Wer steht hinter AMARIK, und welche Erfahrungen bringen Sie in den Aufbau des Unternehmens ein?<\/h3>\n\n\n\n<p class=\"wp-block-paragraph\">Hinter AMARIK\u00ae stehe ich als Gr\u00fcnderin gemeinsam mit einem kleinen, sehr operativen Team aus Entwicklung, Backoffice und regionalen City Leads, die unsere dezentrale Skalierung unterst\u00fctzen.<\/p>\n\n\n\n<p class=\"wp-block-paragraph\">Ich bin seit 1999 selbstst\u00e4ndig und AMARIK\u00ae ist bereits mein drittes Softwareunternehmen. Zwei Unternehmen habe ich zuvor aufgebaut und sp\u00e4ter verkauft. Dadurch bringe ich viel Erfahrung aus Produktentwicklung, Digitalisierung, Prozessaufbau und Unternehmensf\u00fchrung mit, aber auch die Erfahrung, dass Wachstum nur funktioniert, wenn ein Gesch\u00e4ftsmodell nicht nur technisch, sondern vor allem operativ tragf\u00e4hig ist.<\/p>\n\n\n\n<p class=\"wp-block-paragraph\">Bei AMARIK\u00ae bin ich deshalb sehr nah an allen Bereichen: Produkt, Prozesse, Marketing, Community-Aufbau, Partnergewinnung und Expansion. Gerade in einer fr\u00fchen Phase halte ich diese N\u00e4he f\u00fcr wichtig, weil man nur so wirklich versteht, was Nutzerinnen und Nutzer brauchen und an welchen Stellen ein neuer Markt noch erkl\u00e4rt werden muss.<\/p>\n\n\n\n<h3 id=\"h-sie-sprechen-von-einer-companionship-economy-welche-vision-verbinden-sie-mit-diesem-neuen-markt\" class=\"wp-block-heading\">Sie sprechen von einer \u201eCompanionship Economy\u201c. Welche Vision verbinden Sie mit diesem neuen Markt?<\/h3>\n\n\n\n<p class=\"wp-block-paragraph\">Mit der Companionship Economy beschreiben wir einen Markt, der aus unserer Sicht gerade erst sichtbar wird: Menschen investieren zunehmend nicht nur in Produkte oder digitale Services, sondern ganz bewusst in gemeinsame Zeit, reale Erlebnisse und pers\u00f6nliche Begleitung.<\/p>\n\n\n\n<p class=\"wp-block-paragraph\">Dabei geht es nicht um Partnersuche und auch nicht um sexuelle Dienstleistungen. Es geht um konkrete Situationen, in denen Menschen nicht allein sein m\u00f6chten oder sich ganz bewusst passende Gesellschaft w\u00fcnschen, etwa bei einem Dinner, einer Veranstaltung, auf Reisen, bei kulturellen Aktivit\u00e4ten oder im gesch\u00e4ftlichen Umfeld.<\/p>\n\n\n\n<p class=\"wp-block-paragraph\">Unsere Vision ist, daraus eine eigenst\u00e4ndige, professionelle und gesellschaftlich akzeptierte Kategorie zu entwickeln. Pers\u00f6nliche Begleitung soll genauso selbstverst\u00e4ndlich planbar und buchbar werden wie andere Dienstleistungen auch, mit klaren Standards, transparenten Rahmenbedingungen und einem hohen Anspruch an Qualit\u00e4t und Sicherheit.<\/p>\n\n\n\n<p class=\"wp-block-paragraph\">AMARIK\u00ae m\u00f6chte diesen Markt nicht nur bedienen, sondern aktiv mit definieren und in Europa mit aufbauen.<\/p>\n\n\n\n<h3 id=\"h-amarik-grenzt-sich-bewusst-von-dating-und-escort-plattformen-ab-wie-vermitteln-sie-diesen-unterschied-klar-nach-aussen\" class=\"wp-block-heading\">AMARIK grenzt sich bewusst von Dating- und Escort-Plattformen ab. Wie vermitteln Sie diesen Unterschied klar nach au\u00dfen?<\/h3>\n\n\n\n<p class=\"wp-block-paragraph\">Der wichtigste Unterschied ist der Anlass. Bei AMARIK\u00ae steht nicht die Partnersuche im Mittelpunkt und auch keine sexuelle Dienstleistung, sondern eine konkrete gemeinsame Aktivit\u00e4t.<\/p>\n\n\n\n<p class=\"wp-block-paragraph\">Unsere Nutzerinnen und Nutzer buchen Begleitung f\u00fcr ein Dinner, ein Event, eine Reise, Kultur, Freizeit oder einen gesch\u00e4ftlichen Anlass. Ort, Zeit, Interessen und der jeweilige Anlass stehen damit von Beginn an fest. Genau das unterscheidet AMARIK\u00ae von klassischen Dating-Plattformen, bei denen zun\u00e4chst der pers\u00f6nliche Kontakt und die Suche nach einer Beziehung oder einem Date im Vordergrund stehen.<\/p>\n\n\n\n<p class=\"wp-block-paragraph\">Vom Escort grenzen wir uns ebenso klar ab. Sexuelle Dienstleistungen sind bei AMARIK\u00ae ausgeschlossen. Wir kommunizieren diese Linie konsequent in unserer Au\u00dfendarstellung, in unseren Prozessen und innerhalb der Plattform.<\/p>\n\n\n\n<p class=\"wp-block-paragraph\">Diese Abgrenzung ist f\u00fcr uns zentral, weil wir eine eigene Kategorie etablieren wollen: professionelle, buchbare Begleitung f\u00fcr reale Anl\u00e4sse.<\/p>\n\n\n\n<h3 id=\"h-fur-welche-zielgruppen-und-anlasse-ist-das-angebot-besonders-interessant\" class=\"wp-block-heading\">F\u00fcr welche Zielgruppen und Anl\u00e4sse ist das Angebot besonders interessant?<\/h3>\n\n\n\n<p class=\"wp-block-paragraph\">AMARIK\u00ae richtet sich an Menschen, die f\u00fcr einen konkreten Anlass passende Begleitung suchen und dabei Wert auf Verl\u00e4sslichkeit, Niveau und eine klare Buchbarkeit legen.<\/p>\n\n\n\n<p class=\"wp-block-paragraph\">Ich kenne diesen Bedarf auch aus eigener Erfahrung: Ich war beruflich auf einer Messe in Hamburg und wollte abends ins Theater. Genau in solchen Situationen stellt sich eine sehr einfache Frage: Gehe ich allein oder gibt es eine unkomplizierte M\u00f6glichkeit, f\u00fcr genau diesen Abend passende Gesellschaft zu finden? Klassische Datingplattformen sind daf\u00fcr aus meiner Sicht kaum geeignet, weil dort weder der konkrete Anlass noch die zeitliche Planbarkeit im Mittelpunkt stehen.<\/p>\n\n\n\n<p class=\"wp-block-paragraph\">Bei AMARIK\u00ae geht es deshalb immer um eine konkrete Situation. Typische Anl\u00e4sse sind zum Beispiel ein Dinner oder Gesch\u00e4ftsessen, Theater, Oper, Konzert, Ausstellung oder Vernissage, eine Messe, ein Networking-Event oder eine Firmenveranstaltung. Ebenso geh\u00f6ren Gesch\u00e4ftsreisen, Kurztrips, St\u00e4dtereisen, Sportveranstaltungen, Freizeitaktivit\u00e4ten, Ausfl\u00fcge oder ein besonderer Abend dazu.<\/p>\n\n\n\n<p class=\"wp-block-paragraph\">Interessant ist das Angebot f\u00fcr Gesch\u00e4ftsreisende genauso wie f\u00fcr Menschen, die beruflich stark eingebunden sind, viel unterwegs sind oder bewusst unabh\u00e4ngig leben und bestimmte Erlebnisse trotzdem nicht allein wahrnehmen m\u00f6chten.<\/p>\n\n\n\n<p class=\"wp-block-paragraph\">Entscheidend ist f\u00fcr uns deshalb weniger das Alter oder ein bestimmtes Lebensmodell. Entscheidend ist: Es gibt einen Anlass, einen Zeitpunkt und den Wunsch nach passender Begleitung. Genau daf\u00fcr schafft AMARIK\u00ae eine planbare L\u00f6sung.<\/p>\n\n\n\n<figure class=\"wp-block-image size-full\"><img loading=\"lazy\" decoding=\"async\" width=\"1000\" height=\"565\" src=\"https:\/\/startupvalley.news\/de\/wp-content\/uploads\/sites\/2\/2026\/08\/Screenshot-2026-amarik.jpg\" alt=\"\" class=\"wp-image-126746\" srcset=\"https:\/\/startupvalley.news\/de\/wp-content\/uploads\/sites\/2\/2026\/08\/Screenshot-2026-amarik.jpg 1000w, https:\/\/startupvalley.news\/de\/wp-content\/uploads\/sites\/2\/2026\/08\/Screenshot-2026-amarik-300x170.jpg 300w, https:\/\/startupvalley.news\/de\/wp-content\/uploads\/sites\/2\/2026\/08\/Screenshot-2026-amarik-766x433.jpg 766w, https:\/\/startupvalley.news\/de\/wp-content\/uploads\/sites\/2\/2026\/08\/Screenshot-2026-amarik-149x84.jpg 149w, https:\/\/startupvalley.news\/de\/wp-content\/uploads\/sites\/2\/2026\/08\/Screenshot-2026-amarik-299x169.jpg 299w, https:\/\/startupvalley.news\/de\/wp-content\/uploads\/sites\/2\/2026\/08\/Screenshot-2026-amarik-696x393.jpg 696w, https:\/\/startupvalley.news\/de\/wp-content\/uploads\/sites\/2\/2026\/08\/Screenshot-2026-amarik-324x183.jpg 324w, https:\/\/startupvalley.news\/de\/wp-content\/uploads\/sites\/2\/2026\/08\/Screenshot-2026-amarik-283x160.jpg 283w, https:\/\/startupvalley.news\/de\/wp-content\/uploads\/sites\/2\/2026\/08\/Screenshot-2026-amarik-461x260.jpg 461w, https:\/\/startupvalley.news\/de\/wp-content\/uploads\/sites\/2\/2026\/08\/Screenshot-2026-amarik-356x201.jpg 356w, https:\/\/startupvalley.news\/de\/wp-content\/uploads\/sites\/2\/2026\/08\/Screenshot-2026-amarik-681x385.jpg 681w\" sizes=\"auto, (max-width: 1000px) 100vw, 1000px\" \/><\/figure>\n\n\n\n<h3 id=\"h-personliche-begleitung-basiert-stark-auf-vertrauen-wie-stellen-sie-sicherheit-und-qualitat-auf-beiden-seiten-der-plattform-sicher\" class=\"wp-block-heading\">Pers\u00f6nliche Begleitung basiert stark auf Vertrauen. Wie stellen Sie Sicherheit und Qualit\u00e4t auf beiden Seiten der Plattform sicher?<\/h3>\n\n\n\n<p class=\"wp-block-paragraph\">Vertrauen ist f\u00fcr AMARIK\u00ae einer der zentralen Faktoren. Deshalb setzen wir auf klare Prozesse statt auf anonyme Profile und m\u00f6glichst wenig Kontrolle.<\/p>\n\n\n\n<p class=\"wp-block-paragraph\">Begleiterinnen und Begleiter werden vor der Aktivierung gepr\u00fcft. Dazu geh\u00f6rt unter anderem eine Identit\u00e4tspr\u00fcfung. Ausweise verwenden wir ausschlie\u00dflich f\u00fcr diese einmalige Pr\u00fcfung und l\u00f6schen die Bilder danach direkt wieder. Zus\u00e4tzlich pr\u00fcfen wir Profile auf Qualit\u00e4t, Vollst\u00e4ndigkeit und eine stimmige Au\u00dfendarstellung.<\/p>\n\n\n\n<p class=\"wp-block-paragraph\">Anfragen, aus pers\u00f6nlichen oder anderen Gr\u00fcnden auf die Verifizierung zu verzichten, lehnen wir bewusst ab. F\u00fcr uns ist Sicherheit nur dann glaubw\u00fcrdig, wenn die definierten Standards f\u00fcr alle gleicherma\u00dfen gelten und nicht individuell aufgeweicht werden.<\/p>\n\n\n\n<p class=\"wp-block-paragraph\">Auch w\u00e4hrend und nach einer Buchung gibt es klare Standards. Dazu geh\u00f6ren verbindliche Verhaltensregeln, ein Bewertungssystem sowie Support- und Sicherheitsfunktionen innerhalb der Plattform. Pers\u00f6nliche Grenzen sind dabei klar definiert und m\u00fcssen von beiden Seiten respektiert werden.<\/p>\n\n\n\n<p class=\"wp-block-paragraph\">F\u00fcr uns bedeutet Qualit\u00e4t aber nicht nur Sicherheit. Es geht genauso um Verl\u00e4sslichkeit, P\u00fcnktlichkeit, Auftreten, Kommunikation und darum, dass eine Begleitung tats\u00e4chlich zum Anlass passt.<\/p>\n\n\n\n<h3 id=\"h-wie-funktioniert-das-matching-bei-amarik-und-welche-faktoren-entscheiden-daruber-welche-begleitung-vorgeschlagen-wird\" class=\"wp-block-heading\">Wie funktioniert das Matching bei AMARIK, und welche Faktoren entscheiden dar\u00fcber, welche Begleitung vorgeschlagen wird?<\/h3>\n\n\n\n<p class=\"wp-block-paragraph\">Das Matching bei AMARIK\u00ae beginnt nicht mit endlosem Schreiben, sondern mit dem konkreten Anlass. Entscheidend sind unter anderem Ort, Zeitpunkt, gew\u00fcnschte Aktivit\u00e4t, Interessen und pers\u00f6nliche Vorstellungen.<\/p>\n\n\n\n<p class=\"wp-block-paragraph\">Unsere Nutzerinnen und Nutzer sehen passende Profile und k\u00f6nnen gezielt ausw\u00e4hlen, wer zu ihrem Anlass passt. Dabei geht es nicht darum, m\u00f6glichst viele Kontakte herzustellen, sondern eine m\u00f6glichst stimmige Verbindung f\u00fcr eine konkrete gemeinsame Zeit zu schaffen.<\/p>\n\n\n\n<p class=\"wp-block-paragraph\">Genau deshalb ist f\u00fcr uns auch die Qualit\u00e4t der Profile so wichtig. Je klarer Interessen, Pers\u00f6nlichkeit, Auftreten und bevorzugte Aktivit\u00e4ten erkennbar sind, desto besser kann eingesch\u00e4tzt werden, ob die Begleitung tats\u00e4chlich zum jeweiligen Anlass passt.<\/p>\n\n\n\n<p class=\"wp-block-paragraph\">Unser Grundgedanke ist dabei sehr einfach: weniger beliebiges Swipen, mehr Relevanz f\u00fcr den konkreten Moment.<\/p>\n\n\n\n<h3 id=\"h-gemeinsame-zeit-wird-bei-ihnen-zu-einer-buchbaren-dienstleistung-was-macht-dieses-geschaftsmodell-aus-ihrer-sicht-besonders\" class=\"wp-block-heading\">Gemeinsame Zeit wird bei Ihnen zu einer buchbaren Dienstleistung. Was macht dieses Gesch\u00e4ftsmodell aus Ihrer Sicht besonders?<\/h3>\n\n\n\n<p class=\"wp-block-paragraph\">Besonders ist f\u00fcr mich, dass wir etwas sehr Menschliches in einen klaren, professionellen Rahmen bringen. Gemeinsame Zeit bleibt pers\u00f6nlich, wird aber gleichzeitig planbar, transparent und verbindlich buchbar.<\/p>\n\n\n\n<p class=\"wp-block-paragraph\">Der Wert entsteht nicht durch ein physisches Produkt, sondern durch die Qualit\u00e4t der Begegnung und dadurch, dass zwei Menschen f\u00fcr einen konkreten Anlass passend zusammengebracht werden. Genau darin liegt f\u00fcr mich auch die St\u00e4rke des Modells: Es verbindet digitale Plattformlogik mit einem sehr realen Bed\u00fcrfnis nach Gesellschaft, Austausch und gemeinsamen Erlebnissen.<\/p>\n\n\n\n<p class=\"wp-block-paragraph\">Gleichzeitig ist AMARIK\u00ae stark skalierbar. Viele Prozesse innerhalb der Plattform sind automatisiert, w\u00e4hrend wir regional bewusst dezentral wachsen. Daf\u00fcr haben wir unser City-Lead-Modell aufgebaut: City Leads entwickeln ihre Regionen vor Ort, bauen Netzwerke auf und begleiten den lokalen Markteintritt, ohne dass daf\u00fcr in jeder Stadt eine eigene zentrale Struktur entstehen muss.<\/p>\n\n\n\n<p class=\"wp-block-paragraph\">Diese Kombination aus Automatisierung, zentralen Standards und dezentralem Wachstum erm\u00f6glicht es uns, neue St\u00e4dte vergleichsweise schlank zu erschlie\u00dfen und das Modell perspektivisch auch \u00fcber Deutschland hinaus zu skalieren.<\/p>\n\n\n\n<h3 id=\"h-ein-marktplatz-muss-gleichzeitig-genugend-begleiter-und-nutzer-gewinnen-wie-gehen-sie-mit-dieser-herausforderung-beim-wachstum-um\" class=\"wp-block-heading\">Ein Marktplatz muss gleichzeitig gen\u00fcgend Begleiter und Nutzer gewinnen. Wie gehen Sie mit dieser Herausforderung beim Wachstum um?<\/h3>\n\n\n\n<p class=\"wp-block-paragraph\">Das ist tats\u00e4chlich eine der zentralen Herausforderungen jedes Marktplatzmodells. Ich vergleiche es gern mit einem K\u00fchlschrank: Bevor ich G\u00e4ste einlade, sollte er gef\u00fcllt sein. Genau deshalb bauen wir in neuen Regionen zun\u00e4chst ein attraktives und qualitativ gutes Angebot an Begleiterinnen und Begleitern auf und erh\u00f6hen anschlie\u00dfend gezielt die Sichtbarkeit auf der Nutzerseite.<\/p>\n\n\n\n<p class=\"wp-block-paragraph\">Unser City-Lead-Modell hilft uns dabei, weil wir regionale Verantwortung mit einer zentral gesteuerten Plattform verbinden. So k\u00f6nnen wir neue St\u00e4dte strukturiert entwickeln, ohne \u00fcberall eigene zentrale Strukturen aufbauen zu m\u00fcssen.<\/p>\n\n\n\n<p class=\"wp-block-paragraph\">Wichtig ist f\u00fcr uns au\u00dferdem, nicht einfach m\u00f6glichst viele Profile zu sammeln. Entscheidend ist, dass Profile vollst\u00e4ndig, qualitativ gut und tats\u00e4chlich buchbar sind. Qualit\u00e4t und Aktivierung sind f\u00fcr uns wichtiger als reine Registrierungszahlen.<\/p>\n\n\n\n<p class=\"wp-block-paragraph\">Beim Wachstum testen wir sehr datenbasiert, welche St\u00e4dte, Zielgruppen und Botschaften funktionieren. So setzen wir Marketingbudgets dort ein, wo wir echte Resonanz sehen und k\u00f6nnen Angebot und Nachfrage Schritt f\u00fcr Schritt zusammenf\u00fchren.<\/p>\n\n\n\n<h3 id=\"h-amarik-ist-bereits-in-mehreren-deutschen-stadten-aktiv-nach-welchen-kriterien-entscheiden-sie-welche-regionen-als-nachstes-hinzukommen\" class=\"wp-block-heading\">AMARIK ist bereits in mehreren deutschen St\u00e4dten aktiv. Nach welchen Kriterien entscheiden Sie, welche Regionen als N\u00e4chstes hinzukommen?<\/h3>\n\n\n\n<p class=\"wp-block-paragraph\">Wir entscheiden nicht nur nach Einwohnerzahl. F\u00fcr uns ist entscheidend, ob eine Region wirtschaftlich interessant ist, ob es dort eine relevante Zielgruppe gibt und ob wir auf der Angebotsseite gen\u00fcgend Potenzial f\u00fcr gute Begleiterinnen und Begleiter sehen.<\/p>\n\n\n\n<p class=\"wp-block-paragraph\">Ein wichtiger Faktor sind inzwischen auch unsere eigenen Reichweiten- und Performancedaten. Unsere Instagram-Inhalte haben inzwischen fast eine Million Aufrufe erreicht. Wir werten sehr genau aus, aus welchen Regionen und Metropolen Views, Klicks, Registrierungen und konkrete Reaktionen kommen. Dadurch sehen wir fr\u00fch, wo unsere Botschaft auf Resonanz trifft und wo sich ein regionaler Markteintritt besonders anbietet.<\/p>\n\n\n\n<p class=\"wp-block-paragraph\">Hinzu kommen praktische Faktoren wie Erreichbarkeit, regionale Netzwerke und die Frage, ob wir einen passenden City Lead f\u00fcr die Region aufbauen k\u00f6nnen. Genau dieses dezentrale Modell erlaubt es uns, St\u00e4dte nicht nach einem starren Plan, sondern nach tats\u00e4chlichem Marktpotenzial zu entwickeln.<\/p>\n\n\n\n<p class=\"wp-block-paragraph\">Unser Ziel ist nicht, m\u00f6glichst schnell \u00fcberall einen Punkt auf der Landkarte zu setzen. Wir wollen Regionen so aufbauen, dass dort auch wirklich ein funktionierender Marktplatz entsteht.<\/p>\n\n\n\n<h3 id=\"h-welche-langfristigen-plane-verfolgen-sie-mit-amarik-und-welche-rolle-spielt-dabei-die-expansion-im-dach-raum\" class=\"wp-block-heading\">Welche langfristigen Pl\u00e4ne verfolgen Sie mit AMARIK, und welche Rolle spielt dabei die Expansion im DACH-Raum?<\/h3>\n\n\n\n<p class=\"wp-block-paragraph\">Unser kurzfristiger Fokus liegt klar auf dem DACH-Raum. Deutschland ist unser Kernmarkt, gleichzeitig bauen wir \u00d6sterreich und die Schweiz gezielt mit auf. Dabei geht es uns nicht darum, m\u00f6glichst schnell m\u00f6glichst viele L\u00e4nder zu nennen, sondern das Modell zun\u00e4chst in vergleichbaren M\u00e4rkten sauber zu etablieren.<\/p>\n\n\n\n<p class=\"wp-block-paragraph\">Technisch ist AMARIK\u00ae bereits einen Schritt weiter: Die Plattform ist schon heute auch auf Englisch verf\u00fcgbar. Das ist f\u00fcr uns wichtig, weil AMARIK\u00ae von Beginn an europ\u00e4isch gedacht ist und wir die Voraussetzungen f\u00fcr die n\u00e4chste Expansionsstufe nicht erst sp\u00e4ter schaffen wollen.<\/p>\n\n\n\n<p class=\"wp-block-paragraph\">Unser Plattformmodell, die automatisierten Prozesse und das dezentrale City-Lead-Modell sind darauf ausgelegt, neue Regionen strukturiert zu erschlie\u00dfen. Wenn wir in DACH zeigen, dass sich Angebot, Nachfrage, Qualit\u00e4t und regionale Strukturen reproduzierbar aufbauen lassen, k\u00f6nnen wir gezielt weitere europ\u00e4ische Metropolen entwickeln.<\/p>\n\n\n\n<p class=\"wp-block-paragraph\">Unsere Vision ist deshalb gr\u00f6\u00dfer als der Aufbau einer einzelnen Plattform in Deutschland. Wir wollen AMARIK\u00ae als f\u00fchrende Marke innerhalb der Companionship Economy in Europa etablieren und diesen Markt aktiv mitpr\u00e4gen. Eine starke Basis daf\u00fcr haben wir bereits geschaffen.<\/p>\n\n\n\n<h3 id=\"h-welche-drei-ratschlage-wurden-sie-anderen-grunderinnen-und-grundern-geben-die-einen-neuen-markt-mit-einem-erklarungsbedurftigen-geschaftsmodell-aufbauen-mochten\" class=\"wp-block-heading\">Welche drei Ratschl\u00e4ge w\u00fcrden Sie anderen Gr\u00fcnderinnen und Gr\u00fcndern geben, die einen neuen Markt mit einem erkl\u00e4rungsbed\u00fcrftigen Gesch\u00e4ftsmodell aufbauen m\u00f6chten?<\/h3>\n\n\n\n<p class=\"wp-block-paragraph\">Erstens: Nicht in Sch\u00f6nheit sterben. Ich glaube nicht daran, ein Produkt monatelang bis zur vermeintlichen Perfektion zu entwickeln und erst dann in den Markt zu gehen. Gerade bei einem neuen, erkl\u00e4rungsbed\u00fcrftigen Gesch\u00e4ftsmodell muss man fr\u00fch sichtbar werden, Werbung schalten, testen und mit echten Reaktionen arbeiten. Das Produkt darf sich weiterentwickeln. Entscheidend ist, dass man \u00fcberhaupt herausfindet, was der Markt versteht und worauf er reagiert.<\/p>\n\n\n\n<p class=\"wp-block-paragraph\">Zweitens: Eine klare Linie behalten. Sobald man mit einem neuen Modell sichtbar wird, hat pl\u00f6tzlich jeder eine Meinung dazu und meistens auch eine Vorstellung davon, wie man es besser machen sollte. Zuh\u00f6ren ist wichtig, aber man darf sich nicht nach jeder Meinung strecken. Sonst verliert man Fokus, Geschwindigkeit und irgendwann das eigene Konzept.<\/p>\n\n\n\n<p class=\"wp-block-paragraph\">Und drittens: Ausdauer, Ausdauer, Ausdauer. Einen neuen Markt aufzubauen bedeutet viele schlaflose N\u00e4chte, R\u00fcckschl\u00e4ge und Phasen, in denen man sich fragt, ob man komplett verr\u00fcckt ist. Trotzdem muss man dranbleiben. Gleichzeitig sollte man sich Menschen suchen, die einen emotional oder ganz praktisch unterst\u00fctzen und zus\u00e4tzliche Manpower bringen.<\/p>\n\n\n\n<p class=\"wp-block-paragraph\">Und man muss rausgehen und netzwerken. Sichtbarkeit entsteht nicht von allein. LinkedIn ist f\u00fcr uns zum Beispiel ein wichtiger Kanal geworden, genauso wie jetzt StartupValley. Gerade bei einem erkl\u00e4rungsbed\u00fcrftigen Produkt braucht es solche Plattformen, um die eigene Idee immer wieder zu erkl\u00e4ren, einzuordnen und Schritt f\u00fcr Schritt breiter bekannt zu machen.<\/p>\n\n\n\n<p class=\"wp-block-paragraph\">Fotocredits: \u00a9 Sandra Haas<\/p>\n\n\n\n<p class=\"wp-block-paragraph\">Wir bedanken uns bei&nbsp;Sandra Haas&nbsp;f\u00fcr das Interview<\/p>\n\n\n\n<p class=\"wp-block-paragraph\">Aussagen des Autors und des Interviewpartners geben nicht unbedingt die Meinung der Redaktion und des Verlags wieder.<\/p>\n\n\n\n<hr class=\"wp-block-separator has-alpha-channel-opacity\" style=\"max-width:800px\"\/>\n\n\n\n<h2 id=\"h-premium-start-up-amarik\" class=\"wp-block-heading\">Premium Start-up: AMARIK<\/h2>\n\n\n\n<div class=\"wp-block-columns is-layout-flex wp-container-core-columns-is-layout-8f761849 wp-block-columns-is-layout-flex\">\n<div class=\"wp-block-column is-layout-flow wp-block-column-is-layout-flow\" style=\"flex-basis:33.33%\">\n<figure class=\"wp-block-image size-full\"><img loading=\"lazy\" decoding=\"async\" width=\"1000\" height=\"1000\" src=\"https:\/\/startupvalley.news\/de\/wp-content\/uploads\/sites\/2\/2026\/08\/A-Logo_R_400mmx400mm_ohne_zeichenflaeche.png\" alt=\"AMARIK: Begleitung \u00fcber eine Plattform buchen Logo gold ohne zeichenfl\u00e4che\" class=\"wp-image-126750\" srcset=\"https:\/\/startupvalley.news\/de\/wp-content\/uploads\/sites\/2\/2026\/08\/A-Logo_R_400mmx400mm_ohne_zeichenflaeche.png 1000w, https:\/\/startupvalley.news\/de\/wp-content\/uploads\/sites\/2\/2026\/08\/A-Logo_R_400mmx400mm_ohne_zeichenflaeche-300x300-1.png 300w, https:\/\/startupvalley.news\/de\/wp-content\/uploads\/sites\/2\/2026\/08\/A-Logo_R_400mmx400mm_ohne_zeichenflaeche-150x150-2.png 150w, https:\/\/startupvalley.news\/de\/wp-content\/uploads\/sites\/2\/2026\/08\/A-Logo_R_400mmx400mm_ohne_zeichenflaeche-768x768.png 768w, https:\/\/startupvalley.news\/de\/wp-content\/uploads\/sites\/2\/2026\/08\/A-Logo_R_400mmx400mm_ohne_zeichenflaeche-60x60.png 60w, https:\/\/startupvalley.news\/de\/wp-content\/uploads\/sites\/2\/2026\/08\/A-Logo_R_400mmx400mm_ohne_zeichenflaeche-324x324.png 324w, https:\/\/startupvalley.news\/de\/wp-content\/uploads\/sites\/2\/2026\/08\/A-Logo_R_400mmx400mm_ohne_zeichenflaeche-360x360.png 360w, https:\/\/startupvalley.news\/de\/wp-content\/uploads\/sites\/2\/2026\/08\/A-Logo_R_400mmx400mm_ohne_zeichenflaeche-696x696.png 696w, https:\/\/startupvalley.news\/de\/wp-content\/uploads\/sites\/2\/2026\/08\/A-Logo_R_400mmx400mm_ohne_zeichenflaeche-198x198.png 198w, https:\/\/startupvalley.news\/de\/wp-content\/uploads\/sites\/2\/2026\/08\/A-Logo_R_400mmx400mm_ohne_zeichenflaeche-70x70.png 70w, https:\/\/startupvalley.news\/de\/wp-content\/uploads\/sites\/2\/2026\/08\/A-Logo_R_400mmx400mm_ohne_zeichenflaeche-160x160.png 160w, https:\/\/startupvalley.news\/de\/wp-content\/uploads\/sites\/2\/2026\/08\/A-Logo_R_400mmx400mm_ohne_zeichenflaeche-235x235.png 235w, https:\/\/startupvalley.news\/de\/wp-content\/uploads\/sites\/2\/2026\/08\/A-Logo_R_400mmx400mm_ohne_zeichenflaeche-220x220.png 220w, https:\/\/startupvalley.news\/de\/wp-content\/uploads\/sites\/2\/2026\/08\/A-Logo_R_400mmx400mm_ohne_zeichenflaeche-261x261.png 261w, https:\/\/startupvalley.news\/de\/wp-content\/uploads\/sites\/2\/2026\/08\/A-Logo_R_400mmx400mm_ohne_zeichenflaeche-356x356.png 356w, https:\/\/startupvalley.news\/de\/wp-content\/uploads\/sites\/2\/2026\/08\/A-Logo_R_400mmx400mm_ohne_zeichenflaeche-385x385.png 385w, https:\/\/startupvalley.news\/de\/wp-content\/uploads\/sites\/2\/2026\/08\/A-Logo_R_400mmx400mm_ohne_zeichenflaeche-462x462.png 462w, https:\/\/startupvalley.news\/de\/wp-content\/uploads\/sites\/2\/2026\/08\/A-Logo_R_400mmx400mm_ohne_zeichenflaeche-486x486.png 486w, https:\/\/startupvalley.news\/de\/wp-content\/uploads\/sites\/2\/2026\/08\/A-Logo_R_400mmx400mm_ohne_zeichenflaeche-580x580.png 580w\" sizes=\"auto, (max-width: 1000px) 100vw, 1000px\" \/><\/figure>\n<\/div>\n\n\n\n<div class=\"wp-block-column is-layout-flow wp-block-column-is-layout-flow\" style=\"flex-basis:66.66%\">\n<h3 id=\"h-kontakt\" class=\"wp-block-heading\">Kontakt:<\/h3>\n\n\n<p><strong>AMARIK\u00ae<\/strong><br \/>\nLondonerstra\u00dfe 1<br \/>\n70173 Stuttgart<br \/>\nDeutschland<\/p>\n<p><a href=\"https:\/\/amarik.de\/\" target=\"_blank\" rel=\"noopener noreferrer\">amarik.de<\/a><br \/>\n<a href=\"mailto:Info@amarik.de\">Info@amarik.de<\/a><br \/>\n<a href=\"mailto:Sandra.haas@amarik.de\">Sandra.haas@amarik.de<\/a><\/p>\n<p><strong>Ansprechpartnerin:<\/strong> Sandra Haas<br \/>\nGr\u00fcnderin<\/p>\n<p><strong>Social Media:<\/strong><br \/>\n<a href=\"https:\/\/www.instagram.com\/amarik.de\/\" target=\"_blank\" rel=\"noopener noreferrer\">Instagram<\/a><br \/>\n<a href=\"https:\/\/www.linkedin.com\/in\/sandra-haas-amarik\" target=\"_blank\" rel=\"noopener noreferrer\">LinkedIn Sandra Haas<\/a><\/p>\n<\/div>\n<\/div>\n","protected":false},"excerpt":{"rendered":"<p>AMARIK macht pers\u00f6nliche Begleitung f\u00fcr konkrete private und gesch\u00e4ftliche Anl\u00e4sse digital buchbar. Die Plattform setzt auf gepr\u00fcfte Profile, klare Standards und eine Expansion im DACH-Raum.<\/p>\n","protected":false},"author":4,"featured_media":126744,"comment_status":"closed","ping_status":"open","sticky":false,"template":"","format":"standard","meta":{"_acf_changed":false,"footnotes":""},"categories":[26473,15009],"tags":[120,9287,200,299,66],"class_list":["post-126743","post","type-post","status-publish","format-standard","has-post-thumbnail","category-interviews","category-premium-startups","tag-digitalisierung","tag-geschaeftsmodell","tag-plattform","tag-startup","tag-startups"],"acf":[],"yoast_head":"<!-- This site is optimized with the Yoast SEO Premium plugin v28.3 (Yoast SEO v28.3) - https:\/\/yoast.com\/product\/yoast-seo-premium-wordpress\/ -->\n<title>AMARIK: Begleitung \u00fcber eine Plattform buchen<\/title>\n<meta name=\"description\" content=\"AMARIK bietet Begleitung \u00fcber eine Plattform f\u00fcr private und gesch\u00e4ftliche Anl\u00e4sse und setzt dabei auf Qualit\u00e4t und Sicherheit.\" \/>\n<meta name=\"robots\" content=\"index, follow, max-snippet:-1, max-image-preview:large, max-video-preview:-1\" \/>\n<link rel=\"canonical\" href=\"https:\/\/startupvalley.news\/de\/amarik-begleitung-plattform\/\" \/>\n<meta property=\"og:locale\" content=\"de_DE\" \/>\n<meta property=\"og:type\" content=\"article\" \/>\n<meta property=\"og:title\" content=\"AMARIK macht pers\u00f6nliche Begleitung buchbar\" \/>\n<meta property=\"og:description\" content=\"AMARIK baut eine neue Plattform f\u00fcr buchbare Begleitung zu privaten und gesch\u00e4ftlichen Anl\u00e4ssen auf. Mit gepr\u00fcften Profilen und klaren Standards will das Unternehmen die Companionship Economy in Europa mitgestalten.\" \/>\n<meta property=\"og:url\" content=\"https:\/\/startupvalley.news\/de\/amarik-begleitung-plattform\/\" \/>\n<meta property=\"og:site_name\" content=\"StartupValley\" \/>\n<meta property=\"article:publisher\" content=\"https:\/\/www.facebook.com\/startupvalleynews\" \/>\n<meta property=\"article:published_time\" content=\"2026-08-31T07:40:12+00:00\" \/>\n<meta property=\"article:modified_time\" content=\"2026-08-31T07:40:13+00:00\" \/>\n<meta property=\"og:image\" content=\"https:\/\/startupvalley.news\/de\/wp-content\/uploads\/sites\/2\/2026\/08\/Amarik-Stuttgart-Loft-Hotel-Sandra-Haas.jpg\" \/>\n\t<meta property=\"og:image:width\" content=\"1200\" \/>\n\t<meta property=\"og:image:height\" content=\"908\" \/>\n\t<meta property=\"og:image:type\" content=\"image\/jpeg\" \/>\n<meta name=\"author\" content=\"Sabine Els\u00e4sser\" \/>\n<meta name=\"twitter:card\" content=\"summary_large_image\" \/>\n<meta name=\"twitter:title\" content=\"AMARIK: Die neue Plattform f\u00fcr stilvolle Begleitung zu jedem Anlass\" \/>\n<meta name=\"twitter:creator\" content=\"@startup_valley\" \/>\n<meta name=\"twitter:site\" content=\"@startup_valley\" \/>\n<meta name=\"twitter:label1\" content=\"Verfasst von\" \/>\n\t<meta name=\"twitter:data1\" content=\"Sabine Els\u00e4sser\" \/>\n\t<meta name=\"twitter:label2\" content=\"Gesch\u00e4tzte Lesezeit\" \/>\n\t<meta name=\"twitter:data2\" content=\"13\u00a0Minuten\" \/>\n<script type=\"application\/ld+json\" class=\"yoast-schema-graph\">{\"@context\":\"https:\\\/\\\/schema.org\",\"@graph\":[{\"@type\":\"NewsArticle\",\"@id\":\"https:\\\/\\\/startupvalley.news\\\/de\\\/amarik-begleitung-plattform\\\/#article\",\"isPartOf\":{\"@id\":\"https:\\\/\\\/startupvalley.news\\\/de\\\/amarik-begleitung-plattform\\\/\"},\"author\":{\"name\":\"Sabine Els\u00e4sser\",\"@id\":\"https:\\\/\\\/startupvalley.news\\\/de\\\/#\\\/schema\\\/person\\\/959af3b7c76b6212078460c1b7840814\"},\"headline\":\"AMARIK: Die neue Plattform f\u00fcr stilvolle Begleitung zu jedem Anlass\",\"datePublished\":\"2026-08-31T07:40:12+00:00\",\"dateModified\":\"2026-08-31T07:40:13+00:00\",\"mainEntityOfPage\":{\"@id\":\"https:\\\/\\\/startupvalley.news\\\/de\\\/amarik-begleitung-plattform\\\/\"},\"wordCount\":2358,\"publisher\":{\"@id\":\"https:\\\/\\\/startupvalley.news\\\/de\\\/#organization\"},\"image\":{\"@id\":\"https:\\\/\\\/startupvalley.news\\\/de\\\/amarik-begleitung-plattform\\\/#primaryimage\"},\"thumbnailUrl\":\"https:\\\/\\\/startupvalley.news\\\/de\\\/wp-content\\\/uploads\\\/sites\\\/2\\\/2026\\\/08\\\/Amarik-Stuttgart-Loft-Hotel-Sandra-Haas.jpg\",\"keywords\":[\"Digitalisierung\",\"Gesch\u00e4ftsmodell\",\"Plattform\",\"Startup\",\"Startups\"],\"articleSection\":[\"Interviews\",\"Premium Startups\"],\"inLanguage\":\"de\",\"copyrightYear\":\"2026\",\"copyrightHolder\":{\"@id\":\"https:\\\/\\\/startupvalley.news\\\/#organization\"}},{\"@type\":\"WebPage\",\"@id\":\"https:\\\/\\\/startupvalley.news\\\/de\\\/amarik-begleitung-plattform\\\/\",\"url\":\"https:\\\/\\\/startupvalley.news\\\/de\\\/amarik-begleitung-plattform\\\/\",\"name\":\"AMARIK: Begleitung \u00fcber eine Plattform buchen\",\"isPartOf\":{\"@id\":\"https:\\\/\\\/startupvalley.news\\\/de\\\/#website\"},\"primaryImageOfPage\":{\"@id\":\"https:\\\/\\\/startupvalley.news\\\/de\\\/amarik-begleitung-plattform\\\/#primaryimage\"},\"image\":{\"@id\":\"https:\\\/\\\/startupvalley.news\\\/de\\\/amarik-begleitung-plattform\\\/#primaryimage\"},\"thumbnailUrl\":\"https:\\\/\\\/startupvalley.news\\\/de\\\/wp-content\\\/uploads\\\/sites\\\/2\\\/2026\\\/08\\\/Amarik-Stuttgart-Loft-Hotel-Sandra-Haas.jpg\",\"datePublished\":\"2026-08-31T07:40:12+00:00\",\"dateModified\":\"2026-08-31T07:40:13+00:00\",\"description\":\"AMARIK bietet Begleitung \u00fcber eine Plattform f\u00fcr private und gesch\u00e4ftliche Anl\u00e4sse und setzt dabei auf Qualit\u00e4t und Sicherheit.\",\"breadcrumb\":{\"@id\":\"https:\\\/\\\/startupvalley.news\\\/de\\\/amarik-begleitung-plattform\\\/#breadcrumb\"},\"inLanguage\":\"de\",\"potentialAction\":[{\"@type\":\"ReadAction\",\"target\":[\"https:\\\/\\\/startupvalley.news\\\/de\\\/amarik-begleitung-plattform\\\/\"]}]},{\"@type\":\"ImageObject\",\"inLanguage\":\"de\",\"@id\":\"https:\\\/\\\/startupvalley.news\\\/de\\\/amarik-begleitung-plattform\\\/#primaryimage\",\"url\":\"https:\\\/\\\/startupvalley.news\\\/de\\\/wp-content\\\/uploads\\\/sites\\\/2\\\/2026\\\/08\\\/Amarik-Stuttgart-Loft-Hotel-Sandra-Haas.jpg\",\"contentUrl\":\"https:\\\/\\\/startupvalley.news\\\/de\\\/wp-content\\\/uploads\\\/sites\\\/2\\\/2026\\\/08\\\/Amarik-Stuttgart-Loft-Hotel-Sandra-Haas.jpg\",\"width\":1200,\"height\":908,\"caption\":\"AMARIK: Begleitung \u00fcber eine Plattform buchen im Loft Hotel Sandra Haas Gr\u00fcnderin\"},{\"@type\":\"BreadcrumbList\",\"@id\":\"https:\\\/\\\/startupvalley.news\\\/de\\\/amarik-begleitung-plattform\\\/#breadcrumb\",\"itemListElement\":[{\"@type\":\"ListItem\",\"position\":1,\"name\":\"Home\",\"item\":\"https:\\\/\\\/startupvalley.news\\\/de\\\/\"},{\"@type\":\"ListItem\",\"position\":2,\"name\":\"AMARIK: Die neue Plattform f\u00fcr stilvolle Begleitung zu jedem Anlass\"}]},{\"@type\":\"WebSite\",\"@id\":\"https:\\\/\\\/startupvalley.news\\\/de\\\/#website\",\"url\":\"https:\\\/\\\/startupvalley.news\\\/de\\\/\",\"name\":\"StartupValley\",\"description\":\"Startup-News, Funding &amp; Gr\u00fcnder-Interviews\",\"publisher\":{\"@id\":\"https:\\\/\\\/startupvalley.news\\\/de\\\/#organization\"},\"alternateName\":\"StartupValley Magazin\",\"potentialAction\":[{\"@type\":\"SearchAction\",\"target\":{\"@type\":\"EntryPoint\",\"urlTemplate\":\"https:\\\/\\\/startupvalley.news\\\/de\\\/?s={search_term_string}\"},\"query-input\":{\"@type\":\"PropertyValueSpecification\",\"valueRequired\":true,\"valueName\":\"search_term_string\"}}],\"inLanguage\":\"de\"},{\"@type\":\"Organization\",\"@id\":\"https:\\\/\\\/startupvalley.news\\\/de\\\/#organization\",\"name\":\"StartupValley Media\",\"url\":\"https:\\\/\\\/startupvalley.news\\\/de\\\/\",\"logo\":{\"@type\":\"ImageObject\",\"inLanguage\":\"de\",\"@id\":\"https:\\\/\\\/startupvalley.news\\\/de\\\/#\\\/schema\\\/logo\\\/image\\\/\",\"url\":\"https:\\\/\\\/startupvalley.news\\\/de\\\/wp-content\\\/uploads\\\/sites\\\/2\\\/2020\\\/12\\\/StartupValley-LOGO-neu-retina.png\",\"contentUrl\":\"https:\\\/\\\/startupvalley.news\\\/de\\\/wp-content\\\/uploads\\\/sites\\\/2\\\/2020\\\/12\\\/StartupValley-LOGO-neu-retina.png\",\"width\":460,\"height\":180,\"caption\":\"StartupValley Media\"},\"image\":{\"@id\":\"https:\\\/\\\/startupvalley.news\\\/de\\\/#\\\/schema\\\/logo\\\/image\\\/\"},\"sameAs\":[\"https:\\\/\\\/www.facebook.com\\\/startupvalleynews\",\"https:\\\/\\\/x.com\\\/startup_valley\",\"https:\\\/\\\/www.twitch.tv\\\/startupvalley\",\"https:\\\/\\\/www.linkedin.com\\\/company\\\/startupvalleymagazine\",\"https:\\\/\\\/www.instagram.com\\\/startup_valley\"]},{\"@type\":\"Person\",\"@id\":\"https:\\\/\\\/startupvalley.news\\\/de\\\/#\\\/schema\\\/person\\\/959af3b7c76b6212078460c1b7840814\",\"name\":\"Sabine Els\u00e4sser\",\"image\":{\"@type\":\"ImageObject\",\"inLanguage\":\"de\",\"@id\":\"https:\\\/\\\/secure.gravatar.com\\\/avatar\\\/eb042e409bc170310e48b4956c0f57baf35eae7a9a109f7fefcaccc946b3d77c?s=96&d=mm&r=g\",\"url\":\"https:\\\/\\\/secure.gravatar.com\\\/avatar\\\/eb042e409bc170310e48b4956c0f57baf35eae7a9a109f7fefcaccc946b3d77c?s=96&d=mm&r=g\",\"contentUrl\":\"https:\\\/\\\/secure.gravatar.com\\\/avatar\\\/eb042e409bc170310e48b4956c0f57baf35eae7a9a109f7fefcaccc946b3d77c?s=96&d=mm&r=g\",\"caption\":\"Sabine Els\u00e4sser\"},\"description\":\"Sabine Elsaesser is an experienced entrepreneur and media\\\/startup expert. Since 2016, she has served as the Chief Editor and CEO of StartupValley Media &amp; Publishing. In this role, she is responsible for managing the company and providing strategic direction for its media and publishing activities. Sabine Elsaesser takes great pleasure in assisting individuals and businesses in reaching their full potential. Her expertise in establishing sales organizations and her passion for innovation make her a valuable advocate for startups and entrepreneurs.\",\"sameAs\":[\"https:\\\/\\\/www.instagram.com\\\/sabineelsaesser\",\"https:\\\/\\\/www.linkedin.com\\\/in\\\/sabine-elsaesser\"],\"url\":\"https:\\\/\\\/startupvalley.news\\\/de\\\/author\\\/sabineelsaesser\\\/\"}]}<\/script>\n<!-- \/ Yoast SEO Premium plugin. -->","yoast_head_json":{"title":"AMARIK: Begleitung \u00fcber eine Plattform buchen","description":"AMARIK bietet Begleitung \u00fcber eine Plattform f\u00fcr private und gesch\u00e4ftliche Anl\u00e4sse und setzt dabei auf Qualit\u00e4t und Sicherheit.","robots":{"index":"index","follow":"follow","max-snippet":"max-snippet:-1","max-image-preview":"max-image-preview:large","max-video-preview":"max-video-preview:-1"},"canonical":"https:\/\/startupvalley.news\/de\/amarik-begleitung-plattform\/","og_locale":"de_DE","og_type":"article","og_title":"AMARIK macht pers\u00f6nliche Begleitung buchbar","og_description":"AMARIK baut eine neue Plattform f\u00fcr buchbare Begleitung zu privaten und gesch\u00e4ftlichen Anl\u00e4ssen auf. Mit gepr\u00fcften Profilen und klaren Standards will das Unternehmen die Companionship Economy in Europa mitgestalten.","og_url":"https:\/\/startupvalley.news\/de\/amarik-begleitung-plattform\/","og_site_name":"StartupValley","article_publisher":"https:\/\/www.facebook.com\/startupvalleynews","article_published_time":"2026-08-31T07:40:12+00:00","article_modified_time":"2026-08-31T07:40:13+00:00","og_image":[{"width":1200,"height":908,"url":"https:\/\/startupvalley.news\/de\/wp-content\/uploads\/sites\/2\/2026\/08\/Amarik-Stuttgart-Loft-Hotel-Sandra-Haas.jpg","type":"image\/jpeg"}],"author":"Sabine Els\u00e4sser","twitter_card":"summary_large_image","twitter_title":"AMARIK: Die neue Plattform f\u00fcr stilvolle Begleitung zu jedem Anlass","twitter_creator":"@startup_valley","twitter_site":"@startup_valley","twitter_misc":{"Verfasst von":"Sabine Els\u00e4sser","Gesch\u00e4tzte Lesezeit":"13\u00a0Minuten"},"schema":{"@context":"https:\/\/schema.org","@graph":[{"@type":"NewsArticle","@id":"https:\/\/startupvalley.news\/de\/amarik-begleitung-plattform\/#article","isPartOf":{"@id":"https:\/\/startupvalley.news\/de\/amarik-begleitung-plattform\/"},"author":{"name":"Sabine Els\u00e4sser","@id":"https:\/\/startupvalley.news\/de\/#\/schema\/person\/959af3b7c76b6212078460c1b7840814"},"headline":"AMARIK: Die neue Plattform f\u00fcr stilvolle Begleitung zu jedem Anlass","datePublished":"2026-08-31T07:40:12+00:00","dateModified":"2026-08-31T07:40:13+00:00","mainEntityOfPage":{"@id":"https:\/\/startupvalley.news\/de\/amarik-begleitung-plattform\/"},"wordCount":2358,"publisher":{"@id":"https:\/\/startupvalley.news\/de\/#organization"},"image":{"@id":"https:\/\/startupvalley.news\/de\/amarik-begleitung-plattform\/#primaryimage"},"thumbnailUrl":"https:\/\/startupvalley.news\/de\/wp-content\/uploads\/sites\/2\/2026\/08\/Amarik-Stuttgart-Loft-Hotel-Sandra-Haas.jpg","keywords":["Digitalisierung","Gesch\u00e4ftsmodell","Plattform","Startup","Startups"],"articleSection":["Interviews","Premium Startups"],"inLanguage":"de","copyrightYear":"2026","copyrightHolder":{"@id":"https:\/\/startupvalley.news\/#organization"}},{"@type":"WebPage","@id":"https:\/\/startupvalley.news\/de\/amarik-begleitung-plattform\/","url":"https:\/\/startupvalley.news\/de\/amarik-begleitung-plattform\/","name":"AMARIK: Begleitung \u00fcber eine Plattform buchen","isPartOf":{"@id":"https:\/\/startupvalley.news\/de\/#website"},"primaryImageOfPage":{"@id":"https:\/\/startupvalley.news\/de\/amarik-begleitung-plattform\/#primaryimage"},"image":{"@id":"https:\/\/startupvalley.news\/de\/amarik-begleitung-plattform\/#primaryimage"},"thumbnailUrl":"https:\/\/startupvalley.news\/de\/wp-content\/uploads\/sites\/2\/2026\/08\/Amarik-Stuttgart-Loft-Hotel-Sandra-Haas.jpg","datePublished":"2026-08-31T07:40:12+00:00","dateModified":"2026-08-31T07:40:13+00:00","description":"AMARIK bietet Begleitung \u00fcber eine Plattform f\u00fcr private und gesch\u00e4ftliche Anl\u00e4sse und setzt dabei auf Qualit\u00e4t und Sicherheit.","breadcrumb":{"@id":"https:\/\/startupvalley.news\/de\/amarik-begleitung-plattform\/#breadcrumb"},"inLanguage":"de","potentialAction":[{"@type":"ReadAction","target":["https:\/\/startupvalley.news\/de\/amarik-begleitung-plattform\/"]}]},{"@type":"ImageObject","inLanguage":"de","@id":"https:\/\/startupvalley.news\/de\/amarik-begleitung-plattform\/#primaryimage","url":"https:\/\/startupvalley.news\/de\/wp-content\/uploads\/sites\/2\/2026\/08\/Amarik-Stuttgart-Loft-Hotel-Sandra-Haas.jpg","contentUrl":"https:\/\/startupvalley.news\/de\/wp-content\/uploads\/sites\/2\/2026\/08\/Amarik-Stuttgart-Loft-Hotel-Sandra-Haas.jpg","width":1200,"height":908,"caption":"AMARIK: Begleitung \u00fcber eine Plattform buchen im Loft Hotel Sandra Haas Gr\u00fcnderin"},{"@type":"BreadcrumbList","@id":"https:\/\/startupvalley.news\/de\/amarik-begleitung-plattform\/#breadcrumb","itemListElement":[{"@type":"ListItem","position":1,"name":"Home","item":"https:\/\/startupvalley.news\/de\/"},{"@type":"ListItem","position":2,"name":"AMARIK: Die neue Plattform f\u00fcr stilvolle Begleitung zu jedem Anlass"}]},{"@type":"WebSite","@id":"https:\/\/startupvalley.news\/de\/#website","url":"https:\/\/startupvalley.news\/de\/","name":"StartupValley","description":"Startup-News, Funding &amp; Gr\u00fcnder-Interviews","publisher":{"@id":"https:\/\/startupvalley.news\/de\/#organization"},"alternateName":"StartupValley Magazin","potentialAction":[{"@type":"SearchAction","target":{"@type":"EntryPoint","urlTemplate":"https:\/\/startupvalley.news\/de\/?s={search_term_string}"},"query-input":{"@type":"PropertyValueSpecification","valueRequired":true,"valueName":"search_term_string"}}],"inLanguage":"de"},{"@type":"Organization","@id":"https:\/\/startupvalley.news\/de\/#organization","name":"StartupValley Media","url":"https:\/\/startupvalley.news\/de\/","logo":{"@type":"ImageObject","inLanguage":"de","@id":"https:\/\/startupvalley.news\/de\/#\/schema\/logo\/image\/","url":"https:\/\/startupvalley.news\/de\/wp-content\/uploads\/sites\/2\/2020\/12\/StartupValley-LOGO-neu-retina.png","contentUrl":"https:\/\/startupvalley.news\/de\/wp-content\/uploads\/sites\/2\/2020\/12\/StartupValley-LOGO-neu-retina.png","width":460,"height":180,"caption":"StartupValley Media"},"image":{"@id":"https:\/\/startupvalley.news\/de\/#\/schema\/logo\/image\/"},"sameAs":["https:\/\/www.facebook.com\/startupvalleynews","https:\/\/x.com\/startup_valley","https:\/\/www.twitch.tv\/startupvalley","https:\/\/www.linkedin.com\/company\/startupvalleymagazine","https:\/\/www.instagram.com\/startup_valley"]},{"@type":"Person","@id":"https:\/\/startupvalley.news\/de\/#\/schema\/person\/959af3b7c76b6212078460c1b7840814","name":"Sabine Els\u00e4sser","image":{"@type":"ImageObject","inLanguage":"de","@id":"https:\/\/secure.gravatar.com\/avatar\/eb042e409bc170310e48b4956c0f57baf35eae7a9a109f7fefcaccc946b3d77c?s=96&d=mm&r=g","url":"https:\/\/secure.gravatar.com\/avatar\/eb042e409bc170310e48b4956c0f57baf35eae7a9a109f7fefcaccc946b3d77c?s=96&d=mm&r=g","contentUrl":"https:\/\/secure.gravatar.com\/avatar\/eb042e409bc170310e48b4956c0f57baf35eae7a9a109f7fefcaccc946b3d77c?s=96&d=mm&r=g","caption":"Sabine Els\u00e4sser"},"description":"Sabine Elsaesser is an experienced entrepreneur and media\/startup expert. Since 2016, she has served as the Chief Editor and CEO of StartupValley Media &amp; Publishing. In this role, she is responsible for managing the company and providing strategic direction for its media and publishing activities. Sabine Elsaesser takes great pleasure in assisting individuals and businesses in reaching their full potential. Her expertise in establishing sales organizations and her passion for innovation make her a valuable advocate for startups and entrepreneurs.","sameAs":["https:\/\/www.instagram.com\/sabineelsaesser","https:\/\/www.linkedin.com\/in\/sabine-elsaesser"],"url":"https:\/\/startupvalley.news\/de\/author\/sabineelsaesser\/"}]}},"_links":{"self":[{"href":"https:\/\/startupvalley.news\/de\/wp-json\/wp\/v2\/posts\/126743","targetHints":{"allow":["GET"]}}],"collection":[{"href":"https:\/\/startupvalley.news\/de\/wp-json\/wp\/v2\/posts"}],"about":[{"href":"https:\/\/startupvalley.news\/de\/wp-json\/wp\/v2\/types\/post"}],"author":[{"embeddable":true,"href":"https:\/\/startupvalley.news\/de\/wp-json\/wp\/v2\/users\/4"}],"replies":[{"embeddable":true,"href":"https:\/\/startupvalley.news\/de\/wp-json\/wp\/v2\/comments?post=126743"}],"version-history":[{"count":5,"href":"https:\/\/startupvalley.news\/de\/wp-json\/wp\/v2\/posts\/126743\/revisions"}],"predecessor-version":[{"id":126771,"href":"https:\/\/startupvalley.news\/de\/wp-json\/wp\/v2\/posts\/126743\/revisions\/126771"}],"wp:featuredmedia":[{"embeddable":true,"href":"https:\/\/startupvalley.news\/de\/wp-json\/wp\/v2\/media\/126744"}],"wp:attachment":[{"href":"https:\/\/startupvalley.news\/de\/wp-json\/wp\/v2\/media?parent=126743"}],"wp:term":[{"taxonomy":"category","embeddable":true,"href":"https:\/\/startupvalley.news\/de\/wp-json\/wp\/v2\/categories?post=126743"},{"taxonomy":"post_tag","embeddable":true,"href":"https:\/\/startupvalley.news\/de\/wp-json\/wp\/v2\/tags?post=126743"}],"curies":[{"name":"wp","href":"https:\/\/api.w.org\/{rel}","templated":true}]}}