{"id":126792,"date":"2026-08-31T14:17:14","date_gmt":"2026-08-31T12:17:14","guid":{"rendered":"https:\/\/startupvalley.news\/de\/?p=126792"},"modified":"2026-08-31T14:19:33","modified_gmt":"2026-08-31T12:19:33","slug":"die-hoehle-der-loewen-andreas-w-herb-startups","status":"publish","type":"post","link":"https:\/\/startupvalley.news\/de\/die-hoehle-der-loewen-andreas-w-herb-startups\/","title":{"rendered":"Die H\u00f6hle der L\u00f6wen: Neul\u00f6we Andreas Herb fordert Frank Thelen zum Deal-Duell"},"content":{"rendered":"\n<h2 id=\"h-die-hohle-der-lowen-startet-mit-andreas-w-herb-und-funf-startups-in-die-20-staffel\" class=\"wp-block-heading\">Die H\u00f6hle der L\u00f6wen startet mit Andreas W. Herb und f\u00fcnf Startups in die 20. Staffel<\/h2>\n\n\n\n<p class=\"wp-block-paragraph\"><strong>Die H\u00f6hle der L\u00f6wen startet am 7. September um 20:15 Uhr bei VOX in die Jubil\u00e4umsstaffel: Mit Andreas W. Herb als neuem Investor und f\u00fcnf Startups verspricht die erste Folge spannende Pitches, emotionale Geschichten und intensive Verhandlungen.<\/strong><\/p>\n\n\n\n<p class=\"wp-block-paragraph\">20 Staffeln voller Visionen, Mut und au\u00dfergew\u00f6hnlicher Gesch\u00e4ftsideen: \u201eDie H\u00f6hle der L\u00f6wen\u201c feiert Jubil\u00e4um. Neben Ralf D\u00fcmmel, Judith Williams, Dagmar W\u00f6hrl, Carsten Maschmeyer, Frank Thelen und Janna Ensthaler nehmen zwei neue Investoren im L\u00f6wenrudel Platz. Getr\u00e4nkemogul und Unternehmer Andreas W. Herb sowie E-Commerce-Experte Johannes Kliesch bringen neue Perspektiven und zus\u00e4tzliche Expertise in die Sendung.<\/p>\n\n\n\n<p class=\"wp-block-paragraph\">Bereits in der ersten Folge steht Andreas W. Herb im Mittelpunkt eines intensiven Bieterkampfs. Insgesamt pr\u00e4sentieren sich f\u00fcnf Startups mit sehr unterschiedlichen Gesch\u00e4ftsideen.<\/p>\n\n\n\n<h3 id=\"h-die-hohle-der-lowen-sauberdropz-begeistert-andreas-w-herb\" class=\"wp-block-heading\">Die H\u00f6hle der L\u00f6wen: sauberdropz begeistert Andreas W. Herb<\/h3>\n\n\n\n<p class=\"wp-block-paragraph\">Andreas Berger und Fabian Berger aus \u00d6sterreich pr\u00e4sentieren mit <strong>sauberdropz<\/strong> biologisch abbaubare Reinigungstabs f\u00fcr wiederverwendbare Trinkflaschen. F\u00fcr 65.000 Euro bieten Vater und Sohn zehn Prozent ihrer Firmenanteile an.<\/p>\n\n\n\n<p class=\"wp-block-paragraph\">Das Produkt trifft bei den Investoren auf gro\u00dfes Interesse. Dagmar W\u00f6hrl gibt fr\u00fch ein Angebot ab, w\u00e4hrend sich Ralf D\u00fcmmel und Frank Thelen zusammenschlie\u00dfen. Doch auch Andreas W. Herb m\u00f6chte den Deal f\u00fcr sich gewinnen. Mit seinem Netzwerk im Getr\u00e4nke- und Gastronomiebereich sieht er gro\u00dfes Potenzial und liefert sich mit den erfahrenen L\u00f6wen einen intensiven Wettbewerb um das Startup.<\/p>\n\n\n\n<h3 id=\"h-koralls-bringt-personliche-geschichte-und-beauty-business-zusammen\" class=\"wp-block-heading\">KORALLS bringt pers\u00f6nliche Geschichte und Beauty-Business zusammen<\/h3>\n\n\n\n<p class=\"wp-block-paragraph\">Mit <strong>KORALLS<\/strong> tritt Gr\u00fcnderin Kashma Bakhtiar aus K\u00f6ln vor die L\u00f6wen. Ausgangspunkt ihrer Gr\u00fcndung waren pers\u00f6nliche gesundheitliche Erfahrungen und starker Haarausfall. Daraus entwickelte sie ein Haar\u00f6l mit 17 ausgew\u00e4hlten Pflanzen\u00f6len, inspiriert von traditionellen Sch\u00f6nheitsritualen ihrer Gro\u00dfmutter.<\/p>\n\n\n\n<p class=\"wp-block-paragraph\">F\u00fcr 150.000 Euro bietet sie 15 Prozent der Firmenanteile. Neben ihrer pers\u00f6nlichen Geschichte \u00fcberzeugen auch die bisherigen Ums\u00e4tze, die Community und ihre internationalen Wachstumspl\u00e4ne. Mehrere Investoren zeigen Interesse an dem Beauty-Startup.<\/p>\n\n\n\n<h3 id=\"h-piesel-piepser-drei-jahrzehnte-arbeit-fur-eine-idee\" class=\"wp-block-heading\">Piesel Piepser: Drei Jahrzehnte Arbeit f\u00fcr eine Idee<\/h3>\n\n\n\n<p class=\"wp-block-paragraph\">Besonders emotional wird es bei <strong>Piesel Piepser<\/strong> aus Erkrath. <a href=\"https:\/\/www.linkedin.com\/in\/marlon-osthoff-096144216\/\" target=\"_blank\" rel=\"noreferrer noopener\">Elke und Marlon Osthoff<\/a> arbeiten seit rund drei Jahrzehnten an ihrem medizinischen Hilfsmittel, das Kinder beim Trockenwerden unterst\u00fctzen soll.<\/p>\n\n\n\n<p class=\"wp-block-paragraph\">Obwohl das Produkt von Krankenkassen erstattet wird, blieb der gro\u00dfe wirtschaftliche Durchbruch bislang aus. Das Ehepaar bietet zehn Prozent seiner Firmenanteile f\u00fcr 100.000 Euro an. Die lange Geschichte des Unternehmens, gesundheitliche R\u00fcckschl\u00e4ge und finanzielle Herausforderungen sorgen f\u00fcr einen bewegenden Pitch. Die L\u00f6wen diskutieren nicht nur \u00fcber das Gesch\u00e4ftsmodell, sondern auch dar\u00fcber, welche Unterst\u00fctzung dem Paar tats\u00e4chlich weiterhelfen k\u00f6nnte.<\/p>\n\n\n\n<h3 id=\"h-naturally-naughty-sorgt-fur-einen-ungewohnlichen-pitch\" class=\"wp-block-heading\">Naturally Naughty sorgt f\u00fcr einen ungew\u00f6hnlichen Pitch<\/h3>\n\n\n\n<p class=\"wp-block-paragraph\">Mit <strong><a href=\"https:\/\/startupvalley.news\/de\/naturally-naughty\/\" target=\"_blank\" rel=\"noreferrer noopener\">Naturally Naughty<\/a><\/strong> pr\u00e4sentieren <a href=\"https:\/\/www.linkedin.com\/in\/ingwer-soerensen\/\" target=\"_blank\" rel=\"noreferrer noopener\">Ingwer S\u00f6rensen<\/a> und Micaela Sch\u00e4fer ein aphrodisierendes Ingwer-Spray. F\u00fcr 75.000 Euro bieten sie zehn Prozent der Firmenanteile.<\/p>\n\n\n\n<p class=\"wp-block-paragraph\">Micaela Sch\u00e4fer unterst\u00fctzt das Unternehmen als Markenbotschafterin und \u201eChief Orgasm Officer\u201c. Der unterhaltsame Auftritt sorgt f\u00fcr zahlreiche humorvolle Momente. Hinter der Pr\u00e4sentation steht jedoch ein ernst gemeintes Gesch\u00e4ftsmodell, das von den Investoren hinsichtlich Marktpotenzial, Positionierung und Verkaufszahlen kritisch gepr\u00fcft wird.<\/p>\n\n\n\n<h3 id=\"h-startups-im-fokus-ding-dong-ping-pong-bringt-die-lowen-an-die-platte\" class=\"wp-block-heading\">Startups im Fokus: Ding Dong Ping Pong bringt die L\u00f6wen an die Platte<\/h3>\n\n\n\n<p class=\"wp-block-paragraph\">F\u00fcr <a href=\"https:\/\/www.linkedin.com\/in\/waldemar-zeiler\/\" target=\"_blank\" rel=\"noreferrer noopener\">Waldemar Zeiler<\/a> ist \u201eDie H\u00f6hle der L\u00f6wen\u201c kein unbekanntes Terrain. Zehn Jahre nach seinem ersten Auftritt kehrt der Unternehmer mit <strong>Ding Dong Ping Pong<\/strong> zur\u00fcck. Gemeinsam mit Kian Pariwar m\u00f6chte er Tischtennis durch vollautomatisierte Clubs und ein digitales Buchungssystem zu einem modernen Freizeiterlebnis machen.<\/p>\n\n\n\n<p class=\"wp-block-paragraph\">Die Gr\u00fcnder verlangen 500.000 Euro f\u00fcr zehn Prozent der Firmenanteile. Besonders Frank Thelen zeigt sich von der Idee begeistert. Bevor \u00fcber Zahlen gesprochen wird, greifen die L\u00f6wen selbst zum Schl\u00e4ger und testen das Konzept beim gemeinsamen Rundlauf.<\/p>\n\n\n\n<p class=\"wp-block-paragraph\">Die anf\u00e4ngliche Begeisterung f\u00fchrt jedoch schnell zu einer intensiven Diskussion \u00fcber die Unternehmensbewertung. Damit liefert auch das f\u00fcnfte der Startups einen Pitch, bei dem bis zuletzt offenbleibt, ob ein Deal zustande kommt.<\/p>\n\n\n\n<p class=\"wp-block-paragraph\">Mit neuen Investoren, f\u00fcnf unterschiedlichen Gesch\u00e4ftsideen und einem ersten Bieterkampf f\u00fcr Andreas W. Herb startet die Jubil\u00e4umsstaffel von \u201eDie H\u00f6hle der L\u00f6wen\u201c am <strong>7. September um 20:15 Uhr bei VOX<\/strong>.<\/p>\n\n\n\n<p class=\"wp-block-paragraph\">Bild:Die L\u00f6wen Frank Thelen, Judith Williams, Andreas W. Herb, Dagmar W\u00f6hrl und Ralf D\u00fcmmel (v.li.) Foto: RTL<\/p>\n\n\n\n<ul class=\"wp-block-yoast-seo-related-links yoast-seo-related-links\">\n<li><a href=\"https:\/\/startupvalley.news\/de\/startup-events-herbst-2025-europa\/\">Startup Events Herbst 2025: Top Gr\u00fcnder-Termine in Europa<\/a><\/li>\n\n\n\n<li><a href=\"https:\/\/startupvalley.news\/de\/frank-thelen-hoehle-der-loewen\/\">Vision\u00e4r, Investor, Technologie-Botschafter<\/a><\/li>\n\n\n\n<li><a href=\"https:\/\/startupvalley.news\/de\/gusta-garden\/\">Done is better than perfect!<\/a><\/li>\n\n\n\n<li><a href=\"https:\/\/startupvalley.news\/de\/dagmar-woehrl\/\">Was k\u00f6nnen junge Gr\u00fcnder von Dagmar W\u00f6hrl lernen?<\/a><\/li>\n\n\n\n<li><a href=\"https:\/\/startupvalley.news\/de\/grace\/\">GRACE langhaltende Blumen, frische Blumenstr\u00e4u\u00dfe und Trockenblumen<\/a><\/li>\n<\/ul>\n\n\n\n<p class=\"wp-block-paragraph\"><\/p>\n","protected":false},"excerpt":{"rendered":"<p>Die H\u00f6hle der L\u00f6wen startet am 7. September mit f\u00fcnf Startups in die 20. Staffel. Neu dabei ist Investor Andreas W. Herb, der bereits in der ersten Folge um einen Deal k\u00e4mpft.<\/p>\n","protected":false},"author":9,"featured_media":126793,"comment_status":"closed","ping_status":"open","sticky":false,"template":"","format":"standard","meta":{"_acf_changed":false,"footnotes":""},"categories":[1,20151],"tags":[1111,2043,1095,299,66],"class_list":["post-126792","post","type-post","status-publish","format-standard","has-post-thumbnail","category-startup-news","category-startup-szene","tag-die-hoehle-der-loewen","tag-gruendung","tag-investoren","tag-startup","tag-startups"],"acf":[],"yoast_head":"<!-- This site is optimized with the Yoast SEO Premium plugin v28.3 (Yoast SEO v28.3) - https:\/\/yoast.com\/product\/yoast-seo-premium-wordpress\/ -->\n<title>Die H\u00f6hle der L\u00f6wen: Andreas W. Herb und Startups<\/title>\n<meta name=\"description\" content=\"Die H\u00f6hle der L\u00f6wen startet mit Andreas W. Herb: F\u00fcnf Startups pr\u00e4sentieren ihre Ideen zum Auftakt der 20. Staffel bei VOX.\" \/>\n<meta name=\"robots\" content=\"index, follow, max-snippet:-1, max-image-preview:large, max-video-preview:-1\" \/>\n<link rel=\"canonical\" href=\"https:\/\/startupvalley.news\/de\/die-hoehle-der-loewen-andreas-w-herb-startups\/\" \/>\n<meta property=\"og:locale\" content=\"de_DE\" \/>\n<meta property=\"og:type\" content=\"article\" \/>\n<meta property=\"og:title\" content=\"Die H\u00f6hle der L\u00f6wen: Andreas W. Herb startet als neuer Investor\" \/>\n<meta property=\"og:description\" content=\"Die H\u00f6hle der L\u00f6wen feiert ihre 20. Staffel. Zum Auftakt trifft der neue L\u00f6we Andreas W. Herb auf f\u00fcnf Startups mit ganz unterschiedlichen Gesch\u00e4ftsideen.\" \/>\n<meta property=\"og:url\" content=\"https:\/\/startupvalley.news\/de\/die-hoehle-der-loewen-andreas-w-herb-startups\/\" \/>\n<meta property=\"og:site_name\" content=\"StartupValley\" \/>\n<meta property=\"article:publisher\" content=\"https:\/\/www.facebook.com\/startupvalleynews\" \/>\n<meta property=\"article:published_time\" content=\"2026-08-31T12:17:14+00:00\" \/>\n<meta property=\"article:modified_time\" content=\"2026-08-31T12:19:33+00:00\" \/>\n<meta property=\"og:image\" content=\"https:\/\/startupvalley.news\/de\/wp-content\/uploads\/sites\/2\/2026\/08\/hoehle-der-loewen-september-2026.jpg\" \/>\n\t<meta property=\"og:image:width\" content=\"1200\" \/>\n\t<meta property=\"og:image:height\" content=\"675\" \/>\n\t<meta property=\"og:image:type\" content=\"image\/jpeg\" \/>\n<meta name=\"author\" content=\"StartupValley\" \/>\n<meta name=\"twitter:card\" content=\"summary_large_image\" \/>\n<meta name=\"twitter:title\" content=\"Die H\u00f6hle der L\u00f6wen: Neul\u00f6we Andreas Herb fordert Frank Thelen zum Deal-Duell\" \/>\n<meta name=\"twitter:creator\" content=\"@startup_valley\" \/>\n<meta name=\"twitter:site\" content=\"@startup_valley\" \/>\n<meta name=\"twitter:label1\" content=\"Verfasst von\" \/>\n\t<meta name=\"twitter:data1\" content=\"StartupValley\" \/>\n\t<meta name=\"twitter:label2\" content=\"Gesch\u00e4tzte Lesezeit\" \/>\n\t<meta name=\"twitter:data2\" content=\"4\u00a0Minuten\" \/>\n<script type=\"application\/ld+json\" class=\"yoast-schema-graph\">{\"@context\":\"https:\\\/\\\/schema.org\",\"@graph\":[{\"@type\":\"NewsArticle\",\"@id\":\"https:\\\/\\\/startupvalley.news\\\/de\\\/die-hoehle-der-loewen-andreas-w-herb-startups\\\/#article\",\"isPartOf\":{\"@id\":\"https:\\\/\\\/startupvalley.news\\\/de\\\/die-hoehle-der-loewen-andreas-w-herb-startups\\\/\"},\"author\":{\"name\":\"StartupValley\",\"@id\":\"https:\\\/\\\/startupvalley.news\\\/de\\\/#\\\/schema\\\/person\\\/dc9abc71daa8d949d4f257f2e9883e00\"},\"headline\":\"Die H\u00f6hle der L\u00f6wen: Neul\u00f6we Andreas Herb fordert Frank Thelen zum Deal-Duell\",\"datePublished\":\"2026-08-31T12:17:14+00:00\",\"dateModified\":\"2026-08-31T12:19:33+00:00\",\"mainEntityOfPage\":{\"@id\":\"https:\\\/\\\/startupvalley.news\\\/de\\\/die-hoehle-der-loewen-andreas-w-herb-startups\\\/\"},\"wordCount\":776,\"publisher\":{\"@id\":\"https:\\\/\\\/startupvalley.news\\\/de\\\/#organization\"},\"image\":{\"@id\":\"https:\\\/\\\/startupvalley.news\\\/de\\\/die-hoehle-der-loewen-andreas-w-herb-startups\\\/#primaryimage\"},\"thumbnailUrl\":\"https:\\\/\\\/startupvalley.news\\\/de\\\/wp-content\\\/uploads\\\/sites\\\/2\\\/2026\\\/08\\\/hoehle-der-loewen-september-2026.jpg\",\"keywords\":[\"Die H\u00f6hle der L\u00f6wen\",\"Gr\u00fcndung\",\"Investoren\",\"Startup\",\"Startups\"],\"articleSection\":[\"Startup News\",\"Startup Szene\"],\"inLanguage\":\"de\",\"copyrightYear\":\"2026\",\"copyrightHolder\":{\"@id\":\"https:\\\/\\\/startupvalley.news\\\/#organization\"}},{\"@type\":\"WebPage\",\"@id\":\"https:\\\/\\\/startupvalley.news\\\/de\\\/die-hoehle-der-loewen-andreas-w-herb-startups\\\/\",\"url\":\"https:\\\/\\\/startupvalley.news\\\/de\\\/die-hoehle-der-loewen-andreas-w-herb-startups\\\/\",\"name\":\"Die H\u00f6hle der L\u00f6wen: Andreas W. Herb und Startups\",\"isPartOf\":{\"@id\":\"https:\\\/\\\/startupvalley.news\\\/de\\\/#website\"},\"primaryImageOfPage\":{\"@id\":\"https:\\\/\\\/startupvalley.news\\\/de\\\/die-hoehle-der-loewen-andreas-w-herb-startups\\\/#primaryimage\"},\"image\":{\"@id\":\"https:\\\/\\\/startupvalley.news\\\/de\\\/die-hoehle-der-loewen-andreas-w-herb-startups\\\/#primaryimage\"},\"thumbnailUrl\":\"https:\\\/\\\/startupvalley.news\\\/de\\\/wp-content\\\/uploads\\\/sites\\\/2\\\/2026\\\/08\\\/hoehle-der-loewen-september-2026.jpg\",\"datePublished\":\"2026-08-31T12:17:14+00:00\",\"dateModified\":\"2026-08-31T12:19:33+00:00\",\"description\":\"Die H\u00f6hle der L\u00f6wen startet mit Andreas W. Herb: F\u00fcnf Startups pr\u00e4sentieren ihre Ideen zum Auftakt der 20. Staffel bei VOX.\",\"breadcrumb\":{\"@id\":\"https:\\\/\\\/startupvalley.news\\\/de\\\/die-hoehle-der-loewen-andreas-w-herb-startups\\\/#breadcrumb\"},\"inLanguage\":\"de\",\"potentialAction\":[{\"@type\":\"ReadAction\",\"target\":[\"https:\\\/\\\/startupvalley.news\\\/de\\\/die-hoehle-der-loewen-andreas-w-herb-startups\\\/\"]}]},{\"@type\":\"ImageObject\",\"inLanguage\":\"de\",\"@id\":\"https:\\\/\\\/startupvalley.news\\\/de\\\/die-hoehle-der-loewen-andreas-w-herb-startups\\\/#primaryimage\",\"url\":\"https:\\\/\\\/startupvalley.news\\\/de\\\/wp-content\\\/uploads\\\/sites\\\/2\\\/2026\\\/08\\\/hoehle-der-loewen-september-2026.jpg\",\"contentUrl\":\"https:\\\/\\\/startupvalley.news\\\/de\\\/wp-content\\\/uploads\\\/sites\\\/2\\\/2026\\\/08\\\/hoehle-der-loewen-september-2026.jpg\",\"width\":1200,\"height\":675,\"caption\":\"Die H\u00f6hle der L\u00f6wen: Andreas W. Herb und Startups Bild:Frank Thelen, Judith Williams, Andreas W. Herb, Dagmar W\u00f6hrl und Ralf D\u00fcmmel (v.li.) Die L\u00f6wen Frank Thelen, Judith Williams, Andreas W. Herb, Dagmar W\u00f6hrl und Ralf D\u00fcmmel (v.li.) Foto: RTL\"},{\"@type\":\"BreadcrumbList\",\"@id\":\"https:\\\/\\\/startupvalley.news\\\/de\\\/die-hoehle-der-loewen-andreas-w-herb-startups\\\/#breadcrumb\",\"itemListElement\":[{\"@type\":\"ListItem\",\"position\":1,\"name\":\"Home\",\"item\":\"https:\\\/\\\/startupvalley.news\\\/de\\\/\"},{\"@type\":\"ListItem\",\"position\":2,\"name\":\"Die H\u00f6hle der L\u00f6wen: Neul\u00f6we Andreas Herb fordert Frank Thelen zum Deal-Duell\"}]},{\"@type\":\"WebSite\",\"@id\":\"https:\\\/\\\/startupvalley.news\\\/de\\\/#website\",\"url\":\"https:\\\/\\\/startupvalley.news\\\/de\\\/\",\"name\":\"StartupValley\",\"description\":\"Startup-News, Funding &amp; Gr\u00fcnder-Interviews\",\"publisher\":{\"@id\":\"https:\\\/\\\/startupvalley.news\\\/de\\\/#organization\"},\"alternateName\":\"StartupValley Magazin\",\"potentialAction\":[{\"@type\":\"SearchAction\",\"target\":{\"@type\":\"EntryPoint\",\"urlTemplate\":\"https:\\\/\\\/startupvalley.news\\\/de\\\/?s={search_term_string}\"},\"query-input\":{\"@type\":\"PropertyValueSpecification\",\"valueRequired\":true,\"valueName\":\"search_term_string\"}}],\"inLanguage\":\"de\"},{\"@type\":\"Organization\",\"@id\":\"https:\\\/\\\/startupvalley.news\\\/de\\\/#organization\",\"name\":\"StartupValley Media\",\"url\":\"https:\\\/\\\/startupvalley.news\\\/de\\\/\",\"logo\":{\"@type\":\"ImageObject\",\"inLanguage\":\"de\",\"@id\":\"https:\\\/\\\/startupvalley.news\\\/de\\\/#\\\/schema\\\/logo\\\/image\\\/\",\"url\":\"https:\\\/\\\/startupvalley.news\\\/de\\\/wp-content\\\/uploads\\\/sites\\\/2\\\/2020\\\/12\\\/StartupValley-LOGO-neu-retina.png\",\"contentUrl\":\"https:\\\/\\\/startupvalley.news\\\/de\\\/wp-content\\\/uploads\\\/sites\\\/2\\\/2020\\\/12\\\/StartupValley-LOGO-neu-retina.png\",\"width\":460,\"height\":180,\"caption\":\"StartupValley Media\"},\"image\":{\"@id\":\"https:\\\/\\\/startupvalley.news\\\/de\\\/#\\\/schema\\\/logo\\\/image\\\/\"},\"sameAs\":[\"https:\\\/\\\/www.facebook.com\\\/startupvalleynews\",\"https:\\\/\\\/x.com\\\/startup_valley\",\"https:\\\/\\\/www.twitch.tv\\\/startupvalley\",\"https:\\\/\\\/www.linkedin.com\\\/company\\\/startupvalleymagazine\",\"https:\\\/\\\/www.instagram.com\\\/startup_valley\"]},{\"@type\":\"Person\",\"@id\":\"https:\\\/\\\/startupvalley.news\\\/de\\\/#\\\/schema\\\/person\\\/dc9abc71daa8d949d4f257f2e9883e00\",\"name\":\"StartupValley\",\"image\":{\"@type\":\"ImageObject\",\"inLanguage\":\"de\",\"@id\":\"https:\\\/\\\/secure.gravatar.com\\\/avatar\\\/6436ca57465a88bfa716825ebdd3bc23f850aaaa3a51d16da34504822452fa3a?s=96&d=mm&r=g\",\"url\":\"https:\\\/\\\/secure.gravatar.com\\\/avatar\\\/6436ca57465a88bfa716825ebdd3bc23f850aaaa3a51d16da34504822452fa3a?s=96&d=mm&r=g\",\"contentUrl\":\"https:\\\/\\\/secure.gravatar.com\\\/avatar\\\/6436ca57465a88bfa716825ebdd3bc23f850aaaa3a51d16da34504822452fa3a?s=96&d=mm&r=g\",\"caption\":\"StartupValley\"},\"description\":\"Das StartupValley Magazin ist Europas gro\u00dfes Magazin f\u00fcr Start-ups, Gr\u00fcnder und Entrepreneure. Ihr findet bei uns Tagesaktuelle News zu den neuesten Trends, Technologien und Gesch\u00e4ftsmodellen der internationalen Startup-Szene sowie Interviews mit erfolgreichen Gr\u00fcndern und Investoren.\",\"url\":\"https:\\\/\\\/startupvalley.news\\\/de\\\/author\\\/redaktion\\\/\"}]}<\/script>\n<!-- \/ Yoast SEO Premium plugin. -->","yoast_head_json":{"title":"Die H\u00f6hle der L\u00f6wen: Andreas W. Herb und Startups","description":"Die H\u00f6hle der L\u00f6wen startet mit Andreas W. Herb: F\u00fcnf Startups pr\u00e4sentieren ihre Ideen zum Auftakt der 20. Staffel bei VOX.","robots":{"index":"index","follow":"follow","max-snippet":"max-snippet:-1","max-image-preview":"max-image-preview:large","max-video-preview":"max-video-preview:-1"},"canonical":"https:\/\/startupvalley.news\/de\/die-hoehle-der-loewen-andreas-w-herb-startups\/","og_locale":"de_DE","og_type":"article","og_title":"Die H\u00f6hle der L\u00f6wen: Andreas W. Herb startet als neuer Investor","og_description":"Die H\u00f6hle der L\u00f6wen feiert ihre 20. Staffel. Zum Auftakt trifft der neue L\u00f6we Andreas W. Herb auf f\u00fcnf Startups mit ganz unterschiedlichen Gesch\u00e4ftsideen.","og_url":"https:\/\/startupvalley.news\/de\/die-hoehle-der-loewen-andreas-w-herb-startups\/","og_site_name":"StartupValley","article_publisher":"https:\/\/www.facebook.com\/startupvalleynews","article_published_time":"2026-08-31T12:17:14+00:00","article_modified_time":"2026-08-31T12:19:33+00:00","og_image":[{"width":1200,"height":675,"url":"https:\/\/startupvalley.news\/de\/wp-content\/uploads\/sites\/2\/2026\/08\/hoehle-der-loewen-september-2026.jpg","type":"image\/jpeg"}],"author":"StartupValley","twitter_card":"summary_large_image","twitter_title":"Die H\u00f6hle der L\u00f6wen: Neul\u00f6we Andreas Herb fordert Frank Thelen zum Deal-Duell","twitter_creator":"@startup_valley","twitter_site":"@startup_valley","twitter_misc":{"Verfasst von":"StartupValley","Gesch\u00e4tzte Lesezeit":"4\u00a0Minuten"},"schema":{"@context":"https:\/\/schema.org","@graph":[{"@type":"NewsArticle","@id":"https:\/\/startupvalley.news\/de\/die-hoehle-der-loewen-andreas-w-herb-startups\/#article","isPartOf":{"@id":"https:\/\/startupvalley.news\/de\/die-hoehle-der-loewen-andreas-w-herb-startups\/"},"author":{"name":"StartupValley","@id":"https:\/\/startupvalley.news\/de\/#\/schema\/person\/dc9abc71daa8d949d4f257f2e9883e00"},"headline":"Die H\u00f6hle der L\u00f6wen: Neul\u00f6we Andreas Herb fordert Frank Thelen zum Deal-Duell","datePublished":"2026-08-31T12:17:14+00:00","dateModified":"2026-08-31T12:19:33+00:00","mainEntityOfPage":{"@id":"https:\/\/startupvalley.news\/de\/die-hoehle-der-loewen-andreas-w-herb-startups\/"},"wordCount":776,"publisher":{"@id":"https:\/\/startupvalley.news\/de\/#organization"},"image":{"@id":"https:\/\/startupvalley.news\/de\/die-hoehle-der-loewen-andreas-w-herb-startups\/#primaryimage"},"thumbnailUrl":"https:\/\/startupvalley.news\/de\/wp-content\/uploads\/sites\/2\/2026\/08\/hoehle-der-loewen-september-2026.jpg","keywords":["Die H\u00f6hle der L\u00f6wen","Gr\u00fcndung","Investoren","Startup","Startups"],"articleSection":["Startup News","Startup Szene"],"inLanguage":"de","copyrightYear":"2026","copyrightHolder":{"@id":"https:\/\/startupvalley.news\/#organization"}},{"@type":"WebPage","@id":"https:\/\/startupvalley.news\/de\/die-hoehle-der-loewen-andreas-w-herb-startups\/","url":"https:\/\/startupvalley.news\/de\/die-hoehle-der-loewen-andreas-w-herb-startups\/","name":"Die H\u00f6hle der L\u00f6wen: Andreas W. Herb und Startups","isPartOf":{"@id":"https:\/\/startupvalley.news\/de\/#website"},"primaryImageOfPage":{"@id":"https:\/\/startupvalley.news\/de\/die-hoehle-der-loewen-andreas-w-herb-startups\/#primaryimage"},"image":{"@id":"https:\/\/startupvalley.news\/de\/die-hoehle-der-loewen-andreas-w-herb-startups\/#primaryimage"},"thumbnailUrl":"https:\/\/startupvalley.news\/de\/wp-content\/uploads\/sites\/2\/2026\/08\/hoehle-der-loewen-september-2026.jpg","datePublished":"2026-08-31T12:17:14+00:00","dateModified":"2026-08-31T12:19:33+00:00","description":"Die H\u00f6hle der L\u00f6wen startet mit Andreas W. Herb: F\u00fcnf Startups pr\u00e4sentieren ihre Ideen zum Auftakt der 20. Staffel bei VOX.","breadcrumb":{"@id":"https:\/\/startupvalley.news\/de\/die-hoehle-der-loewen-andreas-w-herb-startups\/#breadcrumb"},"inLanguage":"de","potentialAction":[{"@type":"ReadAction","target":["https:\/\/startupvalley.news\/de\/die-hoehle-der-loewen-andreas-w-herb-startups\/"]}]},{"@type":"ImageObject","inLanguage":"de","@id":"https:\/\/startupvalley.news\/de\/die-hoehle-der-loewen-andreas-w-herb-startups\/#primaryimage","url":"https:\/\/startupvalley.news\/de\/wp-content\/uploads\/sites\/2\/2026\/08\/hoehle-der-loewen-september-2026.jpg","contentUrl":"https:\/\/startupvalley.news\/de\/wp-content\/uploads\/sites\/2\/2026\/08\/hoehle-der-loewen-september-2026.jpg","width":1200,"height":675,"caption":"Die H\u00f6hle der L\u00f6wen: Andreas W. Herb und Startups Bild:Frank Thelen, Judith Williams, Andreas W. Herb, Dagmar W\u00f6hrl und Ralf D\u00fcmmel (v.li.) Die L\u00f6wen Frank Thelen, Judith Williams, Andreas W. Herb, Dagmar W\u00f6hrl und Ralf D\u00fcmmel (v.li.) Foto: RTL"},{"@type":"BreadcrumbList","@id":"https:\/\/startupvalley.news\/de\/die-hoehle-der-loewen-andreas-w-herb-startups\/#breadcrumb","itemListElement":[{"@type":"ListItem","position":1,"name":"Home","item":"https:\/\/startupvalley.news\/de\/"},{"@type":"ListItem","position":2,"name":"Die H\u00f6hle der L\u00f6wen: Neul\u00f6we Andreas Herb fordert Frank Thelen zum Deal-Duell"}]},{"@type":"WebSite","@id":"https:\/\/startupvalley.news\/de\/#website","url":"https:\/\/startupvalley.news\/de\/","name":"StartupValley","description":"Startup-News, Funding &amp; Gr\u00fcnder-Interviews","publisher":{"@id":"https:\/\/startupvalley.news\/de\/#organization"},"alternateName":"StartupValley Magazin","potentialAction":[{"@type":"SearchAction","target":{"@type":"EntryPoint","urlTemplate":"https:\/\/startupvalley.news\/de\/?s={search_term_string}"},"query-input":{"@type":"PropertyValueSpecification","valueRequired":true,"valueName":"search_term_string"}}],"inLanguage":"de"},{"@type":"Organization","@id":"https:\/\/startupvalley.news\/de\/#organization","name":"StartupValley Media","url":"https:\/\/startupvalley.news\/de\/","logo":{"@type":"ImageObject","inLanguage":"de","@id":"https:\/\/startupvalley.news\/de\/#\/schema\/logo\/image\/","url":"https:\/\/startupvalley.news\/de\/wp-content\/uploads\/sites\/2\/2020\/12\/StartupValley-LOGO-neu-retina.png","contentUrl":"https:\/\/startupvalley.news\/de\/wp-content\/uploads\/sites\/2\/2020\/12\/StartupValley-LOGO-neu-retina.png","width":460,"height":180,"caption":"StartupValley Media"},"image":{"@id":"https:\/\/startupvalley.news\/de\/#\/schema\/logo\/image\/"},"sameAs":["https:\/\/www.facebook.com\/startupvalleynews","https:\/\/x.com\/startup_valley","https:\/\/www.twitch.tv\/startupvalley","https:\/\/www.linkedin.com\/company\/startupvalleymagazine","https:\/\/www.instagram.com\/startup_valley"]},{"@type":"Person","@id":"https:\/\/startupvalley.news\/de\/#\/schema\/person\/dc9abc71daa8d949d4f257f2e9883e00","name":"StartupValley","image":{"@type":"ImageObject","inLanguage":"de","@id":"https:\/\/secure.gravatar.com\/avatar\/6436ca57465a88bfa716825ebdd3bc23f850aaaa3a51d16da34504822452fa3a?s=96&d=mm&r=g","url":"https:\/\/secure.gravatar.com\/avatar\/6436ca57465a88bfa716825ebdd3bc23f850aaaa3a51d16da34504822452fa3a?s=96&d=mm&r=g","contentUrl":"https:\/\/secure.gravatar.com\/avatar\/6436ca57465a88bfa716825ebdd3bc23f850aaaa3a51d16da34504822452fa3a?s=96&d=mm&r=g","caption":"StartupValley"},"description":"Das StartupValley Magazin ist Europas gro\u00dfes Magazin f\u00fcr Start-ups, Gr\u00fcnder und Entrepreneure. Ihr findet bei uns Tagesaktuelle News zu den neuesten Trends, Technologien und Gesch\u00e4ftsmodellen der internationalen Startup-Szene sowie Interviews mit erfolgreichen Gr\u00fcndern und Investoren.","url":"https:\/\/startupvalley.news\/de\/author\/redaktion\/"}]}},"_links":{"self":[{"href":"https:\/\/startupvalley.news\/de\/wp-json\/wp\/v2\/posts\/126792","targetHints":{"allow":["GET"]}}],"collection":[{"href":"https:\/\/startupvalley.news\/de\/wp-json\/wp\/v2\/posts"}],"about":[{"href":"https:\/\/startupvalley.news\/de\/wp-json\/wp\/v2\/types\/post"}],"author":[{"embeddable":true,"href":"https:\/\/startupvalley.news\/de\/wp-json\/wp\/v2\/users\/9"}],"replies":[{"embeddable":true,"href":"https:\/\/startupvalley.news\/de\/wp-json\/wp\/v2\/comments?post=126792"}],"version-history":[{"count":2,"href":"https:\/\/startupvalley.news\/de\/wp-json\/wp\/v2\/posts\/126792\/revisions"}],"predecessor-version":[{"id":126796,"href":"https:\/\/startupvalley.news\/de\/wp-json\/wp\/v2\/posts\/126792\/revisions\/126796"}],"wp:featuredmedia":[{"embeddable":true,"href":"https:\/\/startupvalley.news\/de\/wp-json\/wp\/v2\/media\/126793"}],"wp:attachment":[{"href":"https:\/\/startupvalley.news\/de\/wp-json\/wp\/v2\/media?parent=126792"}],"wp:term":[{"taxonomy":"category","embeddable":true,"href":"https:\/\/startupvalley.news\/de\/wp-json\/wp\/v2\/categories?post=126792"},{"taxonomy":"post_tag","embeddable":true,"href":"https:\/\/startupvalley.news\/de\/wp-json\/wp\/v2\/tags?post=126792"}],"curies":[{"name":"wp","href":"https:\/\/api.w.org\/{rel}","templated":true}]}}