{"id":66323,"date":"2020-03-16T11:13:11","date_gmt":"2020-03-16T10:13:11","guid":{"rendered":"https:\/\/www.startupvalley.news\/de\/?p=66323"},"modified":"2025-12-26T13:20:40","modified_gmt":"2025-12-26T12:20:40","slug":"curassist-pflegekraefte-pflege","status":"publish","type":"post","link":"https:\/\/startupvalley.news\/de\/curassist-pflegekraefte-pflege\/","title":{"rendered":"Nicht aufgeben und hartn\u00e4ckig bleiben!"},"content":{"rendered":"\n<h2 class=\"wp-block-heading\" id=\"h-thomas-muller-grunder-von-curassist-nbsp-dienstleister-fur-pflegekrafte-in-der-hohle-der-lowen\">Thomas M\u00fcller Gr\u00fcnder von curassist&nbsp;,Dienstleister f\u00fcr Pflegekr\u00e4fte, in der H\u00f6hle der L\u00f6wen<\/h2>\n\n\n\n<h4 class=\"wp-block-heading\" id=\"h-stellen-sie-sich-und-das-startup-curassist-doch-kurz-vor\">Stellen Sie sich und das Startup Curassist doch kurz vor!<\/h4>\n\n\n\n<p>Thomas M\u00fcller: Curassist erm\u00f6glich es Jeder Pflegekraft seine Fachkompetenz f\u00fcr sich selbst zu nutzen, auch nebenbei. Wir haben daf\u00fcr ein Zertifikat, ein Abrechnungssystem, melden Pflegekr\u00e4fte bei den Krankenkassen und schaffen somit die H\u00fcrden f\u00fcr sie ab. Sie k\u00f6nnen so ihre ganze Fachkompetenz f\u00fcr sich selbst nutzen.<\/p>\n\n\n\n<h4 class=\"wp-block-heading\" id=\"h-wie-ist-die-idee-zu-curassist-entstanden\">Wie ist die Idee zu Curassist entstanden?<\/h4>\n\n\n\n<p>Ich hatte mit 21 mein erstes Unternehmen gegr\u00fcndet und damit auch viel Erfolg. Mit 28 wurde ich jedoch schwer krank, was mich aus der Bahn geworfen hat. Faszinierte von der Arbeit der Pfleger und Pflegerinnen habe ich schlie\u00dflich meine Laufbahn ge\u00e4ndert uns eine Ausbildung in der Pflege gemacht. Erschreckend fand ich jedoch, dass so viele Pflegekr\u00e4fte in dem Beruf nicht arbeiten k\u00f6nnen, meist aus Famili\u00e4ren Gr\u00fcnden, oder keine volle Stelle bekommen, da diese f\u00fcr Arbeitgeber bei Krankmeldungen und Wochenenddiensten schwerer Planbar sind. <\/p>\n\n\n\n<p>Aber diese Pflegkr\u00e4fte sind dann f\u00fcr immer aus der Pflege raus! Die Selbstst\u00e4ndigkeit, seine Fachkenntnisse k\u00f6nnen sie nicht f\u00fcr sich selbst nutzen, sondern nur in einem Angestelltenverh\u00e4ltnis. Daf\u00fcr sorgen zu viele H\u00fcrden! Trotz Demografischen Wandels und Pflegenotstand hat sich da nichts getan. Das k\u00f6nnen wir in Deutschland mit vielen Struktur schwachen Regionen nicht erlauben. Also suchte ich nach einer L\u00f6sung, und die Hei\u00dft curassist.<\/p>\n\n\n\n<h4 class=\"wp-block-heading\" id=\"h-welche-vision-steckt-hinter-curassist\">Welche Vision steckt hinter Curassist?<\/h4>\n\n\n\n<p>Thomas M\u00fcller: Die Vision, das bei 400.000 Pflegekr\u00e4fte, die den Beruf verlassen haben, oder 750.000 Pflegekr\u00e4fte, die in Teilzeit arbeiten, es ganz normal wird, die Pflegekraft um die Ecke um Hilfe zu fragen und das dann auch, wie bei Physiotherapie oder Akupunktur, von der Kasse bezahlt bekommt. Zumal die Pflege einer der \u00c4ltesten Berufe der Menschheit ist.<\/p>\n\n\n\n<h4 class=\"wp-block-heading\" id=\"h-wer-ist-die-zielgruppe-von-curassist\">Wer ist die Zielgruppe von Curassist?<\/h4>\n\n\n\n<p>Jeder, der pflegt und dort eine Ausbildung oder Schulung gemacht hat. Also alle \u201cPflege-Profis\u201c<\/p>\n\n\n\n<h4 class=\"wp-block-heading\" id=\"h-wie-sind-sie-auf-die-idee-gekommen-sich-fur-die-sendung-die-hohle-der-lowen-zu-bewerben\">Wie sind Sie auf die Idee gekommen sich f\u00fcr die Sendung Die H\u00f6hle der L\u00f6wen zu bewerben?<\/h4>\n\n\n\n<p>Ich wurde oft, seit der ersten Staffel, gefragt, warum ich das nicht mal versuche, also \u2026 habe ich es mal versucht, und es ging schneller als ich dachte.<\/p>\n\n\n\n<h4 class=\"wp-block-heading\" id=\"h-wie-haben-sie-sich-auf-die-sendung-vorbereitet\">Wie haben Sie sich auf die Sendung vorbereitet?<\/h4>\n\n\n\n<p>Thomas M\u00fcller: Mit dem ganzen Team, geprobt, programmiert, organisiert. Es war ein Wahnsinns Aufwand, den man nicht sieht. Alleine schon das Pflegebett \u201eohne \u00e4rztliche Verordnung\u201c zum Set zu bekommen.<\/p>\n\n\n\n<h4 class=\"wp-block-heading\" id=\"h-sie-sind-eines-der-wenigen-startup-unternehmen-dass-es-in-die-sendung-die-hohle-der-lowen-geschafft-hat-wie-motivierend-war-das-fur-sie\">Sie sind eines der wenigen Startup Unternehmen, dass es in die Sendung Die H\u00f6hle der L\u00f6wen geschafft hat. Wie motivierend war das f\u00fcr Sie?<\/h4>\n\n\n\n<p>Sehr motivierend. Wir sind schon in einer Nische, aber zu sehen, dass die Nische viele Menschen bewegt, ist schon Klasse!<\/p>\n\n\n\n<h4 class=\"wp-block-heading\" id=\"h-wie-wichtig-war-dieser-schritt-fur-sie-als-startup-unternehmen-auch-unter-dem-gesichtspunkt-dass-durch-die-hohle-der-lowen-viele-interessenten-und-auch-medien-auf-curassist-aufmerksam-werden\">Wie wichtig war dieser Schritt f\u00fcr Sie als Startup Unternehmen? Auch unter dem Gesichtspunkt, dass durch Die H\u00f6hle der L\u00f6wen viele Interessenten und auch Medien auf Curassist  aufmerksam werden?<\/h4>\n\n\n\n<p> Thomas M\u00fcller: Sehr wichtig! curassist ist noch recht unbekannt aber sehr wichtig. Alleine die M\u00f6glichkeiten, die Pfleger wirklich haben, \u00f6ffentlich zu zeigen statt nur die Probleme zu thematisieren, sondern sie zu l\u00f6sen. Alle schon das \u201eich kann nebenbei Selbstst\u00e4ndig sein\u201c ist ein Riesenthema. Alle glauben immer, sie m\u00fcssten k\u00fcndigen, um sich zu verwirklichen, was nicht stimmt und so mal an die \u00d6ffentlichkeit kommt.<\/p>\n\n\n\n<h4 class=\"wp-block-heading\" id=\"h-welchen-investor-hatten-sie-im-fokus\"> Welchen Investor hatten Sie im Fokus?<\/h4>\n\n\n\n<p>Herr Maschmeier, da er sich in der Branche auskennt, und Frau W\u00f6hrl, da curassist ein sehr politisches Thema ist, waren meine Favoriten, aber auch auf Herrn Glagau war ich sehr gespannt.<\/p>\n\n\n\n<h4 class=\"wp-block-heading\" id=\"h-curassist-wo-geht-der-weg-hin-wo-sehen-sie-sich-in-funf-jahren\">Curassist, wo geht der Weg hin? Wo sehen Sie sich in f\u00fcnf Jahren?<\/h4>\n\n\n\n<p>In f\u00fcnf Jahren wird es normal sein, eine Pflegekraft aus der Nachbarschaft nach Hilfe zu fragen. Diese wird dann fair von den Kassen bezahlt, da curassist alles regelt und die Arbeit der Pflegekr\u00e4fte von der Gesellschaft und vor allem den Kassen gew\u00fcrdigt.<\/p>\n\n\n\n<h4 class=\"wp-block-heading\" id=\"h-zum-schluss-welche-3-tipps-wurden-sie-angehenden-grundern-mit-auf-den-weg-geben\"> Zum Schluss: Welche 3 Tipps w\u00fcrden Sie angehenden Gr\u00fcndern mit auf den Weg geben?<\/h4>\n\n\n\n<p>Nie aufgeben. Wenn einer sagt, dass etwas nicht m\u00f6glich ist, erst mal selbst schauen. Und wenn man hartn\u00e4ckig ist, kann man wirklich einen kompletten Beruf, mit fast 2 Millionen Menschen, ver\u00e4ndern und ein neues Selbstbewusstsein geben.<\/p>\n\n\n\n<p>Thomas M\u00fcller aus Koblenz pr\u00e4sentiert mit &#8222;Curassist&#8220; eine Dienstleistung f\u00fcr Pflegekr\u00e4fte. Er erhofft sich ein Investment von 500.000 Euro f\u00fcr 15 Prozent der Anteile an seinem Unternehmen.<br>Foto: TVNOW \/ Bernd-Michael Maurer<\/p>\n\n\n\n<h4 class=\"wp-block-heading\" id=\"h-sehen-sie-curassist-am-17-marz-in-der-hohle-der-lowen\">Sehen Sie curassist am 17. M\u00e4rz in der H\u00f6hle der L\u00f6wen<\/h4>\n\n\n\n<p>Wir bedanken uns bei <a href=\"https:\/\/www.linkedin.com\/in\/thomas-m%C3%BCller-b13764104\/\" target=\"_blank\" rel=\"noreferrer noopener\">Thomas M\u00fcller<\/a> f\u00fcr das Interview<\/p>\n\n\n\n<p>Aussagen des Autors und des Interviewpartners geben nicht unbedingt die Meinung der Redaktion und des Verlags wieder<\/p>\n\n\n\n<ul class=\"wp-block-yoast-seo-related-links yoast-seo-related-links\">\n<li><a href=\"https:\/\/startupvalley.news\/de\/bearcover-roboter-oscar\/\">Team ist das A und O\u00a0<\/a><\/li>\n\n\n\n<li><a href=\"https:\/\/startupvalley.news\/de\/klinikheld-karriereplattform-medizin\/\">Seid rebellisch-konservativ<\/a><\/li>\n\n\n\n<li><a href=\"https:\/\/startupvalley.news\/de\/cliniserve-pflegekraefte-patienten-pflege\/\">Ein Team zusammenstellen, das gemeinsam Spa\u00df hat und die gleichen Ziele hat<\/a><\/li>\n\n\n\n<li><a href=\"https:\/\/startupvalley.news\/de\/caro-mueller-buch\/\">Einfach machen &#8211; aber durchdacht<\/a><\/li>\n\n\n\n<li><a href=\"https:\/\/startupvalley.news\/de\/myosotis-myo-app\/\">So wird die beeindruckende Arbeit von Pflegekr\u00e4ften sichtbar<\/a><\/li>\n<\/ul>\n","protected":false},"excerpt":{"rendered":"<p>Thomas M\u00fcller Gr\u00fcnder von curassist ,Dienstleister f\u00fcr Pflegekr\u00e4fte frei und selbstbestimmt pflegen, in der H\u00f6hle der L\u00f6wen<\/p>\n","protected":false},"author":9,"featured_media":66324,"comment_status":"open","ping_status":"closed","sticky":false,"template":"","format":"standard","meta":{"_acf_changed":false,"footnotes":""},"categories":[4],"tags":[12175,1110,10,4667,1165,1469,12176],"class_list":{"0":"post-66323","1":"post","2":"type-post","3":"status-publish","4":"format-standard","5":"has-post-thumbnail","7":"category-gruendertalk","8":"tag-curassist","9":"tag-dhdl","10":"tag-gruender","11":"tag-hoehle-der-loewen","12":"tag-pflege","13":"tag-pflegekraefte","14":"tag-thomas-mueller"},"acf":[],"yoast_head":"<!-- This site is optimized with the Yoast SEO Premium plugin v26.7 (Yoast SEO v26.7) - https:\/\/yoast.com\/wordpress\/plugins\/seo\/ -->\n<title>Thomas M\u00fcller curassist f\u00fcr Pflegekr\u00e4fte in der H\u00f6hle der L\u00f6wen<\/title>\n<meta name=\"description\" content=\"Thomas M\u00fcller Gr\u00fcnder von curassist ,Dienstleister f\u00fcr Pflegekr\u00e4fte frei und selbstbestimmt pflegen, in der H\u00f6hle der L\u00f6wen\" \/>\n<meta name=\"robots\" content=\"index, follow, max-snippet:-1, max-image-preview:large, max-video-preview:-1\" \/>\n<link rel=\"canonical\" href=\"https:\/\/startupvalley.news\/de\/curassist-pflegekraefte-pflege\/\" \/>\n<meta property=\"og:locale\" content=\"de_DE\" \/>\n<meta property=\"og:type\" content=\"article\" \/>\n<meta property=\"og:title\" content=\"Nicht aufgeben und hartn\u00e4ckig bleiben!\" \/>\n<meta property=\"og:description\" content=\"Thomas M\u00fcller Gr\u00fcnder von curassist ,Dienstleister f\u00fcr Pflegekr\u00e4fte frei und selbstbestimmt pflegen, in der H\u00f6hle der L\u00f6wen\" \/>\n<meta property=\"og:url\" content=\"https:\/\/startupvalley.news\/de\/curassist-pflegekraefte-pflege\/\" \/>\n<meta property=\"og:site_name\" content=\"StartupValley - Erfolgreich Gr\u00fcnden und durchstarten!\" \/>\n<meta property=\"article:publisher\" content=\"https:\/\/www.facebook.com\/startupvalleynews\" \/>\n<meta property=\"article:published_time\" content=\"2020-03-16T10:13:11+00:00\" \/>\n<meta property=\"article:modified_time\" content=\"2025-12-26T12:20:40+00:00\" \/>\n<meta property=\"og:image\" content=\"https:\/\/startupvalley.news\/de\/wp-content\/uploads\/sites\/2\/2020\/03\/curassist-dhdl.jpg\" \/>\n\t<meta property=\"og:image:width\" content=\"1200\" \/>\n\t<meta property=\"og:image:height\" content=\"678\" \/>\n\t<meta property=\"og:image:type\" content=\"image\/jpeg\" \/>\n<meta name=\"author\" content=\"StartupValley\" \/>\n<meta name=\"twitter:card\" content=\"summary_large_image\" \/>\n<meta name=\"twitter:creator\" content=\"@startup_valley\" \/>\n<meta name=\"twitter:site\" content=\"@startup_valley\" \/>\n<meta name=\"twitter:label1\" content=\"Verfasst von\" \/>\n\t<meta name=\"twitter:data1\" content=\"StartupValley\" \/>\n\t<meta name=\"twitter:label2\" content=\"Gesch\u00e4tzte Lesezeit\" \/>\n\t<meta name=\"twitter:data2\" content=\"5\u00a0Minuten\" \/>\n<script type=\"application\/ld+json\" class=\"yoast-schema-graph\">{\"@context\":\"https:\/\/schema.org\",\"@graph\":[{\"@type\":\"Article\",\"@id\":\"https:\/\/startupvalley.news\/de\/curassist-pflegekraefte-pflege\/#article\",\"isPartOf\":{\"@id\":\"https:\/\/startupvalley.news\/de\/curassist-pflegekraefte-pflege\/\"},\"author\":{\"name\":\"StartupValley\",\"@id\":\"https:\/\/startupvalley.news\/de\/#\/schema\/person\/dc9abc71daa8d949d4f257f2e9883e00\"},\"headline\":\"Nicht aufgeben und hartn\u00e4ckig bleiben!\",\"datePublished\":\"2020-03-16T10:13:11+00:00\",\"dateModified\":\"2025-12-26T12:20:40+00:00\",\"mainEntityOfPage\":{\"@id\":\"https:\/\/startupvalley.news\/de\/curassist-pflegekraefte-pflege\/\"},\"wordCount\":836,\"commentCount\":0,\"publisher\":{\"@id\":\"https:\/\/startupvalley.news\/de\/#organization\"},\"image\":{\"@id\":\"https:\/\/startupvalley.news\/de\/curassist-pflegekraefte-pflege\/#primaryimage\"},\"thumbnailUrl\":\"https:\/\/startupvalley.news\/de\/wp-content\/uploads\/sites\/2\/2020\/03\/curassist-dhdl.jpg\",\"keywords\":[\"curassist\",\"DHDL\",\"Gr\u00fcnder\",\"H\u00f6hle der L\u00f6wen\",\"Pflege\",\"Pflegekr\u00e4fte\",\"Thomas M\u00fcller\"],\"articleSection\":[\"Gr\u00fcnderTalk\"],\"inLanguage\":\"de\",\"potentialAction\":[{\"@type\":\"CommentAction\",\"name\":\"Comment\",\"target\":[\"https:\/\/startupvalley.news\/de\/curassist-pflegekraefte-pflege\/#respond\"]}],\"copyrightYear\":\"2020\",\"copyrightHolder\":{\"@id\":\"https:\/\/startupvalley.news\/#organization\"}},{\"@type\":\"WebPage\",\"@id\":\"https:\/\/startupvalley.news\/de\/curassist-pflegekraefte-pflege\/\",\"url\":\"https:\/\/startupvalley.news\/de\/curassist-pflegekraefte-pflege\/\",\"name\":\"Thomas M\u00fcller curassist f\u00fcr Pflegekr\u00e4fte in der H\u00f6hle der L\u00f6wen\",\"isPartOf\":{\"@id\":\"https:\/\/startupvalley.news\/de\/#website\"},\"primaryImageOfPage\":{\"@id\":\"https:\/\/startupvalley.news\/de\/curassist-pflegekraefte-pflege\/#primaryimage\"},\"image\":{\"@id\":\"https:\/\/startupvalley.news\/de\/curassist-pflegekraefte-pflege\/#primaryimage\"},\"thumbnailUrl\":\"https:\/\/startupvalley.news\/de\/wp-content\/uploads\/sites\/2\/2020\/03\/curassist-dhdl.jpg\",\"datePublished\":\"2020-03-16T10:13:11+00:00\",\"dateModified\":\"2025-12-26T12:20:40+00:00\",\"description\":\"Thomas M\u00fcller Gr\u00fcnder von curassist ,Dienstleister f\u00fcr Pflegekr\u00e4fte frei und selbstbestimmt pflegen, in der H\u00f6hle der L\u00f6wen\",\"breadcrumb\":{\"@id\":\"https:\/\/startupvalley.news\/de\/curassist-pflegekraefte-pflege\/#breadcrumb\"},\"inLanguage\":\"de\",\"potentialAction\":[{\"@type\":\"ReadAction\",\"target\":[\"https:\/\/startupvalley.news\/de\/curassist-pflegekraefte-pflege\/\"]}]},{\"@type\":\"ImageObject\",\"inLanguage\":\"de\",\"@id\":\"https:\/\/startupvalley.news\/de\/curassist-pflegekraefte-pflege\/#primaryimage\",\"url\":\"https:\/\/startupvalley.news\/de\/wp-content\/uploads\/sites\/2\/2020\/03\/curassist-dhdl.jpg\",\"contentUrl\":\"https:\/\/startupvalley.news\/de\/wp-content\/uploads\/sites\/2\/2020\/03\/curassist-dhdl.jpg\",\"width\":1200,\"height\":678,\"caption\":\"curassist pflegekr\u00e4fte pflege thomas m\u00fcller\"},{\"@type\":\"BreadcrumbList\",\"@id\":\"https:\/\/startupvalley.news\/de\/curassist-pflegekraefte-pflege\/#breadcrumb\",\"itemListElement\":[{\"@type\":\"ListItem\",\"position\":1,\"name\":\"Home\",\"item\":\"https:\/\/startupvalley.news\/de\/\"},{\"@type\":\"ListItem\",\"position\":2,\"name\":\"Nicht aufgeben und hartn\u00e4ckig bleiben!\"}]},{\"@type\":\"WebSite\",\"@id\":\"https:\/\/startupvalley.news\/de\/#website\",\"url\":\"https:\/\/startupvalley.news\/de\/\",\"name\":\"StartupValley\",\"description\":\"Die neuesten Trends der Startup-Szene: Finanzierung, Innovationen und Erfolgsgeschichten\",\"publisher\":{\"@id\":\"https:\/\/startupvalley.news\/de\/#organization\"},\"alternateName\":\"StartupValley Magazin\",\"potentialAction\":[{\"@type\":\"SearchAction\",\"target\":{\"@type\":\"EntryPoint\",\"urlTemplate\":\"https:\/\/startupvalley.news\/de\/?s={search_term_string}\"},\"query-input\":{\"@type\":\"PropertyValueSpecification\",\"valueRequired\":true,\"valueName\":\"search_term_string\"}}],\"inLanguage\":\"de\"},{\"@type\":\"Organization\",\"@id\":\"https:\/\/startupvalley.news\/de\/#organization\",\"name\":\"StartupValley Media\",\"url\":\"https:\/\/startupvalley.news\/de\/\",\"logo\":{\"@type\":\"ImageObject\",\"inLanguage\":\"de\",\"@id\":\"https:\/\/startupvalley.news\/de\/#\/schema\/logo\/image\/\",\"url\":\"https:\/\/startupvalley.news\/de\/wp-content\/uploads\/sites\/2\/2020\/12\/StartupValley-LOGO-neu-retina.png\",\"contentUrl\":\"https:\/\/startupvalley.news\/de\/wp-content\/uploads\/sites\/2\/2020\/12\/StartupValley-LOGO-neu-retina.png\",\"width\":460,\"height\":180,\"caption\":\"StartupValley Media\"},\"image\":{\"@id\":\"https:\/\/startupvalley.news\/de\/#\/schema\/logo\/image\/\"},\"sameAs\":[\"https:\/\/www.facebook.com\/startupvalleynews\",\"https:\/\/x.com\/startup_valley\",\"https:\/\/www.twitch.tv\/startupvalley\",\"https:\/\/www.linkedin.com\/company\/startupvalleymagazine\",\"https:\/\/www.instagram.com\/startup_valley\"]},{\"@type\":\"Person\",\"@id\":\"https:\/\/startupvalley.news\/de\/#\/schema\/person\/dc9abc71daa8d949d4f257f2e9883e00\",\"name\":\"StartupValley\",\"image\":{\"@type\":\"ImageObject\",\"inLanguage\":\"de\",\"@id\":\"https:\/\/startupvalley.news\/de\/#\/schema\/person\/image\/\",\"url\":\"https:\/\/secure.gravatar.com\/avatar\/6436ca57465a88bfa716825ebdd3bc23f850aaaa3a51d16da34504822452fa3a?s=96&d=mm&r=g\",\"contentUrl\":\"https:\/\/secure.gravatar.com\/avatar\/6436ca57465a88bfa716825ebdd3bc23f850aaaa3a51d16da34504822452fa3a?s=96&d=mm&r=g\",\"caption\":\"StartupValley\"},\"description\":\"Das StartupValley Magazin ist Europas gro\u00dfes Magazin f\u00fcr Start-ups, Gr\u00fcnder und Entrepreneure. Ihr findet bei uns Tagesaktuelle News zu den neuesten Trends, Technologien und Gesch\u00e4ftsmodellen der internationalen Startup-Szene sowie Interviews mit erfolgreichen Gr\u00fcndern und Investoren.\",\"url\":\"https:\/\/startupvalley.news\/de\/author\/redaktion\/\"}]}<\/script>\n<!-- \/ Yoast SEO Premium plugin. -->","yoast_head_json":{"title":"Thomas M\u00fcller curassist f\u00fcr Pflegekr\u00e4fte in der H\u00f6hle der L\u00f6wen","description":"Thomas M\u00fcller Gr\u00fcnder von curassist ,Dienstleister f\u00fcr Pflegekr\u00e4fte frei und selbstbestimmt pflegen, in der H\u00f6hle der L\u00f6wen","robots":{"index":"index","follow":"follow","max-snippet":"max-snippet:-1","max-image-preview":"max-image-preview:large","max-video-preview":"max-video-preview:-1"},"canonical":"https:\/\/startupvalley.news\/de\/curassist-pflegekraefte-pflege\/","og_locale":"de_DE","og_type":"article","og_title":"Nicht aufgeben und hartn\u00e4ckig bleiben!","og_description":"Thomas M\u00fcller Gr\u00fcnder von curassist ,Dienstleister f\u00fcr Pflegekr\u00e4fte frei und selbstbestimmt pflegen, in der H\u00f6hle der L\u00f6wen","og_url":"https:\/\/startupvalley.news\/de\/curassist-pflegekraefte-pflege\/","og_site_name":"StartupValley - Erfolgreich Gr\u00fcnden und durchstarten!","article_publisher":"https:\/\/www.facebook.com\/startupvalleynews","article_published_time":"2020-03-16T10:13:11+00:00","article_modified_time":"2025-12-26T12:20:40+00:00","og_image":[{"width":1200,"height":678,"url":"https:\/\/startupvalley.news\/de\/wp-content\/uploads\/sites\/2\/2020\/03\/curassist-dhdl.jpg","type":"image\/jpeg"}],"author":"StartupValley","twitter_card":"summary_large_image","twitter_creator":"@startup_valley","twitter_site":"@startup_valley","twitter_misc":{"Verfasst von":"StartupValley","Gesch\u00e4tzte Lesezeit":"5\u00a0Minuten"},"schema":{"@context":"https:\/\/schema.org","@graph":[{"@type":"Article","@id":"https:\/\/startupvalley.news\/de\/curassist-pflegekraefte-pflege\/#article","isPartOf":{"@id":"https:\/\/startupvalley.news\/de\/curassist-pflegekraefte-pflege\/"},"author":{"name":"StartupValley","@id":"https:\/\/startupvalley.news\/de\/#\/schema\/person\/dc9abc71daa8d949d4f257f2e9883e00"},"headline":"Nicht aufgeben und hartn\u00e4ckig bleiben!","datePublished":"2020-03-16T10:13:11+00:00","dateModified":"2025-12-26T12:20:40+00:00","mainEntityOfPage":{"@id":"https:\/\/startupvalley.news\/de\/curassist-pflegekraefte-pflege\/"},"wordCount":836,"commentCount":0,"publisher":{"@id":"https:\/\/startupvalley.news\/de\/#organization"},"image":{"@id":"https:\/\/startupvalley.news\/de\/curassist-pflegekraefte-pflege\/#primaryimage"},"thumbnailUrl":"https:\/\/startupvalley.news\/de\/wp-content\/uploads\/sites\/2\/2020\/03\/curassist-dhdl.jpg","keywords":["curassist","DHDL","Gr\u00fcnder","H\u00f6hle der L\u00f6wen","Pflege","Pflegekr\u00e4fte","Thomas M\u00fcller"],"articleSection":["Gr\u00fcnderTalk"],"inLanguage":"de","potentialAction":[{"@type":"CommentAction","name":"Comment","target":["https:\/\/startupvalley.news\/de\/curassist-pflegekraefte-pflege\/#respond"]}],"copyrightYear":"2020","copyrightHolder":{"@id":"https:\/\/startupvalley.news\/#organization"}},{"@type":"WebPage","@id":"https:\/\/startupvalley.news\/de\/curassist-pflegekraefte-pflege\/","url":"https:\/\/startupvalley.news\/de\/curassist-pflegekraefte-pflege\/","name":"Thomas M\u00fcller curassist f\u00fcr Pflegekr\u00e4fte in der H\u00f6hle der L\u00f6wen","isPartOf":{"@id":"https:\/\/startupvalley.news\/de\/#website"},"primaryImageOfPage":{"@id":"https:\/\/startupvalley.news\/de\/curassist-pflegekraefte-pflege\/#primaryimage"},"image":{"@id":"https:\/\/startupvalley.news\/de\/curassist-pflegekraefte-pflege\/#primaryimage"},"thumbnailUrl":"https:\/\/startupvalley.news\/de\/wp-content\/uploads\/sites\/2\/2020\/03\/curassist-dhdl.jpg","datePublished":"2020-03-16T10:13:11+00:00","dateModified":"2025-12-26T12:20:40+00:00","description":"Thomas M\u00fcller Gr\u00fcnder von curassist ,Dienstleister f\u00fcr Pflegekr\u00e4fte frei und selbstbestimmt pflegen, in der H\u00f6hle der L\u00f6wen","breadcrumb":{"@id":"https:\/\/startupvalley.news\/de\/curassist-pflegekraefte-pflege\/#breadcrumb"},"inLanguage":"de","potentialAction":[{"@type":"ReadAction","target":["https:\/\/startupvalley.news\/de\/curassist-pflegekraefte-pflege\/"]}]},{"@type":"ImageObject","inLanguage":"de","@id":"https:\/\/startupvalley.news\/de\/curassist-pflegekraefte-pflege\/#primaryimage","url":"https:\/\/startupvalley.news\/de\/wp-content\/uploads\/sites\/2\/2020\/03\/curassist-dhdl.jpg","contentUrl":"https:\/\/startupvalley.news\/de\/wp-content\/uploads\/sites\/2\/2020\/03\/curassist-dhdl.jpg","width":1200,"height":678,"caption":"curassist pflegekr\u00e4fte pflege thomas m\u00fcller"},{"@type":"BreadcrumbList","@id":"https:\/\/startupvalley.news\/de\/curassist-pflegekraefte-pflege\/#breadcrumb","itemListElement":[{"@type":"ListItem","position":1,"name":"Home","item":"https:\/\/startupvalley.news\/de\/"},{"@type":"ListItem","position":2,"name":"Nicht aufgeben und hartn\u00e4ckig bleiben!"}]},{"@type":"WebSite","@id":"https:\/\/startupvalley.news\/de\/#website","url":"https:\/\/startupvalley.news\/de\/","name":"StartupValley","description":"Die neuesten Trends der Startup-Szene: Finanzierung, Innovationen und Erfolgsgeschichten","publisher":{"@id":"https:\/\/startupvalley.news\/de\/#organization"},"alternateName":"StartupValley Magazin","potentialAction":[{"@type":"SearchAction","target":{"@type":"EntryPoint","urlTemplate":"https:\/\/startupvalley.news\/de\/?s={search_term_string}"},"query-input":{"@type":"PropertyValueSpecification","valueRequired":true,"valueName":"search_term_string"}}],"inLanguage":"de"},{"@type":"Organization","@id":"https:\/\/startupvalley.news\/de\/#organization","name":"StartupValley Media","url":"https:\/\/startupvalley.news\/de\/","logo":{"@type":"ImageObject","inLanguage":"de","@id":"https:\/\/startupvalley.news\/de\/#\/schema\/logo\/image\/","url":"https:\/\/startupvalley.news\/de\/wp-content\/uploads\/sites\/2\/2020\/12\/StartupValley-LOGO-neu-retina.png","contentUrl":"https:\/\/startupvalley.news\/de\/wp-content\/uploads\/sites\/2\/2020\/12\/StartupValley-LOGO-neu-retina.png","width":460,"height":180,"caption":"StartupValley Media"},"image":{"@id":"https:\/\/startupvalley.news\/de\/#\/schema\/logo\/image\/"},"sameAs":["https:\/\/www.facebook.com\/startupvalleynews","https:\/\/x.com\/startup_valley","https:\/\/www.twitch.tv\/startupvalley","https:\/\/www.linkedin.com\/company\/startupvalleymagazine","https:\/\/www.instagram.com\/startup_valley"]},{"@type":"Person","@id":"https:\/\/startupvalley.news\/de\/#\/schema\/person\/dc9abc71daa8d949d4f257f2e9883e00","name":"StartupValley","image":{"@type":"ImageObject","inLanguage":"de","@id":"https:\/\/startupvalley.news\/de\/#\/schema\/person\/image\/","url":"https:\/\/secure.gravatar.com\/avatar\/6436ca57465a88bfa716825ebdd3bc23f850aaaa3a51d16da34504822452fa3a?s=96&d=mm&r=g","contentUrl":"https:\/\/secure.gravatar.com\/avatar\/6436ca57465a88bfa716825ebdd3bc23f850aaaa3a51d16da34504822452fa3a?s=96&d=mm&r=g","caption":"StartupValley"},"description":"Das StartupValley Magazin ist Europas gro\u00dfes Magazin f\u00fcr Start-ups, Gr\u00fcnder und Entrepreneure. Ihr findet bei uns Tagesaktuelle News zu den neuesten Trends, Technologien und Gesch\u00e4ftsmodellen der internationalen Startup-Szene sowie Interviews mit erfolgreichen Gr\u00fcndern und Investoren.","url":"https:\/\/startupvalley.news\/de\/author\/redaktion\/"}]}},"_links":{"self":[{"href":"https:\/\/startupvalley.news\/de\/wp-json\/wp\/v2\/posts\/66323","targetHints":{"allow":["GET"]}}],"collection":[{"href":"https:\/\/startupvalley.news\/de\/wp-json\/wp\/v2\/posts"}],"about":[{"href":"https:\/\/startupvalley.news\/de\/wp-json\/wp\/v2\/types\/post"}],"author":[{"embeddable":true,"href":"https:\/\/startupvalley.news\/de\/wp-json\/wp\/v2\/users\/9"}],"replies":[{"embeddable":true,"href":"https:\/\/startupvalley.news\/de\/wp-json\/wp\/v2\/comments?post=66323"}],"version-history":[{"count":1,"href":"https:\/\/startupvalley.news\/de\/wp-json\/wp\/v2\/posts\/66323\/revisions"}],"predecessor-version":[{"id":119222,"href":"https:\/\/startupvalley.news\/de\/wp-json\/wp\/v2\/posts\/66323\/revisions\/119222"}],"wp:featuredmedia":[{"embeddable":true,"href":"https:\/\/startupvalley.news\/de\/wp-json\/wp\/v2\/media\/66324"}],"wp:attachment":[{"href":"https:\/\/startupvalley.news\/de\/wp-json\/wp\/v2\/media?parent=66323"}],"wp:term":[{"taxonomy":"category","embeddable":true,"href":"https:\/\/startupvalley.news\/de\/wp-json\/wp\/v2\/categories?post=66323"},{"taxonomy":"post_tag","embeddable":true,"href":"https:\/\/startupvalley.news\/de\/wp-json\/wp\/v2\/tags?post=66323"}],"curies":[{"name":"wp","href":"https:\/\/api.w.org\/{rel}","templated":true}]}}