{"id":68214,"date":"2020-05-08T08:02:53","date_gmt":"2020-05-08T06:02:53","guid":{"rendered":"https:\/\/www.startupvalley.news\/de\/?p=68214"},"modified":"2026-01-21T12:17:57","modified_gmt":"2026-01-21T11:17:57","slug":"foto-osner-foto-video-social-media-marketing","status":"publish","type":"post","link":"https:\/\/startupvalley.news\/de\/foto-osner-foto-video-social-media-marketing\/","title":{"rendered":"Nie aufgeben"},"content":{"rendered":"\n<h2 class=\"wp-block-heading\" id=\"h-foto-osner-360-grad-dienstleister-im-bereich-foto-video-und-social-media-marketing\">Foto Osner 360-Grad-Dienstleister im Bereich Foto, Video und Social Media-Marketing<\/h2>\n\n\n\n<h4 class=\"wp-block-heading\" id=\"h-stellen-sie-sich-und-das-start-up-foto-osner-doch-kurz-unseren-lesern-vor\">Stellen Sie sich und das Start-Up Foto Osner doch kurz unseren Lesern vor!<\/h4>\n\n\n\n<p>Foto Osner ist 360-Grad-Dienstleister im Bereich Foto, Video und Social Media-Marketing f\u00fcr Unternehmen und Privatkunden. Die Firma sitzt in Lindau, meiner Heimatstadt. Durch die N\u00e4he zu \u00d6sterreich und zur Schweiz habe ich meine F\u00fchler schon fr\u00fch ins Ausland ausstrecken k\u00f6nnen. Erste Auftr\u00e4ge habe ich mit neun Jahren angenommen. Vor kurzem, mit 15 Jahren, habe ich mich selbstst\u00e4ndig gemacht und ein Gewerbe angemeldet.&nbsp;<\/p>\n\n\n\n<h4 class=\"wp-block-heading\" id=\"h-sie-sind-erst-15-warum-haben-sie-sich-entschieden-ein-unternehmen-zu-grunden-nbsp\">Sie sind erst 15, warum haben Sie sich entschieden ein Unternehmen zu gr\u00fcnden?&nbsp;<\/h4>\n\n\n\n<p>Zum einen bin ich famili\u00e4r im besten Sinne \u201evorbelastet\u201c. Auch mein Vater und mein Opa waren selbstst\u00e4ndig. Insofern ist mir diese Lebensform mit all ihren Chancen und Risiken sehr vertraut. Zum anderen begeistern mich Foto und Video schon seit mehreren Jahren. Es arbeitet etwas in mir, das mich immer wieder antreibt, noch besser und noch professioneller zu werden. Mittlerweile habe ich ein Niveau erreicht, bei dem ich auch gr\u00f6\u00dfere Auftr\u00e4ge annehmen kann. Und ich habe das gute Gef\u00fchl, darauf sp\u00e4ter meine berufliche Existenz aufbauen zu k\u00f6nnen.&nbsp;<\/p>\n\n\n\n<h4 class=\"wp-block-heading\" id=\"h-welche-vision-steckt-hinter-foto-osner\">Welche Vision steckt hinter Foto Osner?<\/h4>\n\n\n\n<p>Zum Psychologen will ich nicht, deshalb arbeite ich ohne Visionen. Ich will einfach nur die Qualit\u00e4t abliefern, die meine Kunden auch von ihren Mitarbeitern und ihren Produkten erwarten. Ganz bestimmt bin ich gepr\u00e4gt durch die Gegend, in der ich aufgewachsen bin. Die Menschen und die Unternehmen hier am Bodensee sind bodenst\u00e4ndig, authentisch, qualit\u00e4tsbewusst. Das wiederum in eine moderne, zeitgem\u00e4\u00dfe Bildersprache zu \u00fcbersetzen, macht mir sehr viel Spa\u00df.&nbsp;<\/p>\n\n\n\n<h4 class=\"wp-block-heading\" id=\"h-von-der-idee-bis-zum-start-was-waren-bis-jetzt-die-grossten-herausforderungen-und-wie-haben-sie-sich-finanziert\">Von der Idee bis zum Start was waren bis jetzt die gr\u00f6\u00dften Herausforderungen und wie haben Sie sich finanziert?<\/h4>\n\n\n\n<p>Nat\u00fcrlich mein Alter. Sie m\u00fcssen erst mal einen Betrieb, eine Hoteliersfamilie oder einen Ladenbesitzer finden, der einem 13- oder 14-J\u00e4hrigen vertraut und sagt: \u201eMach das f\u00fcr mich!\u201c Zum Gl\u00fcck gab es solche Leute. Sie waren \u00fcberzeugt und empfahlen mich weiter, als sie das fertige Produkt sahen. Wichtig war au\u00dferdem, auch meine Lehrer davon zu \u00fcberzeugen, das eigene Unternehmen und die Schule unter einen Hut bringen zu k\u00f6nnen.<\/p>\n\n\n\n<h4 class=\"wp-block-heading\" id=\"h-wer-ist-die-zielgruppe-von-foto-osner\">Wer ist die Zielgruppe von Foto Osner?<\/h4>\n\n\n\n<p>Ehrlich gesagt: Mein Unternehmen ist noch zu jung, um sich allzu sehr zu konzentrieren. Ich stehe erst am Anfang. Wo ich besondere St\u00e4rken habe, wird sich noch herausstellen. F\u00fcrs erste bietet Foto Osner Unternehmen und Privatkunden das gesamte Spektrum visueller Medien an \u2013 angefangen vom Imagefilm \u00fcber Werbe- und Produktfotos und Social Media-Marketing bis hin zu Event-, Hochzeits- und Naturfotografie.&nbsp;<\/p>\n\n\n\n<h4 class=\"wp-block-heading\" id=\"h-wie-funktioniert-foto-osner-wo-liegen-die-vorteile-was-unterscheidet-sie-von-anderen-anbietern\">Wie funktioniert Foto Osner? Wo liegen die Vorteile? Was unterscheidet Sie von anderen Anbietern?<\/h4>\n\n\n\n<p>Aus meiner Sicht sind es zwei Dinge, mit denen meine beiden Partner und ich punkten. Zum einen haben wir als Jugendliche einfach einen jungen, frischen Blick auf die Welt. Wir kennen die Sehgewohnheiten eines jungen Publikums. Zum anderen gehen wir an die sozialen Medien mit gr\u00f6\u00dftm\u00f6glicher Selbstverst\u00e4ndlichkeit heran. Wir sind damit aufgewachsen und haben einfach ein gutes Gef\u00fchl f\u00fcr das, was dort funktioniert und was nicht. So gesehen sind wir ein idealer Partner f\u00fcr Unternehmen, die ihre Tradition und ihre Werte zwar nicht aufgeben, sich in der Au\u00dfendarstellung aber modernisieren wollen, um neue Kundengruppen anzusprechen. Das k\u00f6nnen sie mit Foto Osner zu einem attraktiven Preis-Leistungs-Verh\u00e4ltnis und innerhalb relativ kurzer Zeit realisieren.<\/p>\n\n\n\n<h4 class=\"wp-block-heading\" id=\"h-wie-hat-sich-ihr-unternehmen-mit-der-corona-krise-verandert\">Wie hat sich ihr Unternehmen mit der \u201eCorona\u201c-Krise ver\u00e4ndert?<\/h4>\n\n\n\n<p>Ganz klar, im Eventbereich sind etliche Auftr\u00e4ge erst mal weggebrochen. Gleichzeitig gab es zahlreiche neue Anfragen von Unternehmen und Gesch\u00e4ften, die sich in der Au\u00dfenkommunikation bisher auf den pers\u00f6nlichen Kontakt zu ihren Kunden konzentriert hatten. Sie sind jetzt gezwungen, neue digitale Kommunikationswege zu gehen. Bei meinem Unternehmen bekommen sie ma\u00dfgeschneiderte Social Media-Dienstleistungen zu einem sehr vern\u00fcnftigen Preis. Denn eines ist klar: Vielen dieser Betriebe fehlen derzeit schlicht die finanziellen Polster f\u00fcr gro\u00dfe Marketingbudgets. F\u00fcr mich sehe ich die Krise unterm Strich eher als Chance.&nbsp;<\/p>\n\n\n\n<h4 class=\"wp-block-heading\" id=\"h-foto-osner-wo-geht-der-weg-hin-wo-sehen-sie-sich-in-funf-jahren\">Foto Osner, wo geht der Weg hin? Wo sehen Sie sich in f\u00fcnf Jahren?<\/h4>\n\n\n\n<p>In f\u00fcnf Jahren habe ich hoffentlich noch genauso viel Spa\u00df am Fotografieren und am Filmen wie heute. Wer sich f\u00fcr etwas begeistern kann, hat \u00fcber kurz oder lang Erfolg damit. Bei der Schule ist das Ende in Sicht. Damit werde ich mich k\u00fcnftig st\u00e4rker auf mein Unternehmen konzentrieren k\u00f6nnen. Klar ist auch: Mit 15 oder 16 Jahren ist man noch nicht \u201efertig\u201c. Ich kann noch viel dazulernen. Es wird also in den n\u00e4chsten Jahren auch wichtig sein, das ich mich mit anderen Professionals gut vernetze.&nbsp;<\/p>\n\n\n\n<h4 class=\"wp-block-heading\" id=\"h-zum-schluss-welche-drei-tipps-wurden-sie-angehenden-grundern-mit-auf-den-weg-geben\">Zum Schluss: Welche drei Tipps w\u00fcrden Sie angehenden Gr\u00fcndern mit auf den Weg geben?<\/h4>\n\n\n\n<p>Nie aufgeben. Nie aufgeben. Tipp Nummer 3: nie aufgeben.<\/p>\n\n\n\n<p>Wir bedanken uns bei <a href=\"https:\/\/www.instagram.com\/julius.osner\/\" target=\"_blank\" rel=\"noreferrer noopener\">Julius Osner<\/a> f\u00fcr das Interview<\/p>\n\n\n\n<p>Aussagen des Autors und des Interviewpartners geben nicht unbedingt die Meinung der Redaktion und des Verlags wieder<\/p>\n\n\n\n<ul class=\"wp-block-yoast-seo-related-links yoast-seo-related-links\">\n<li><a href=\"https:\/\/startupvalley.news\/de\/podcast-2025-video-ki\/\">Podcast 2025 starten: Video Podcast &amp; KI clever nutzen<\/a><\/li>\n\n\n\n<li><a href=\"https:\/\/startupvalley.news\/de\/picstagraph-foto-und-videowettbewerbe\/\">Durchhalteverm\u00f6gen: Aufgeben ist keine Option<\/a><\/li>\n\n\n\n<li><a href=\"https:\/\/startupvalley.news\/de\/businessfotos\/\">H\u00e4nde weg vom Selfie<\/a><\/li>\n\n\n\n<li><a href=\"https:\/\/startupvalley.news\/de\/pxl-vision-identitaetsueberpruefung\/\">Gebt euer Bestes, aber bleibt realistisch!\u00a0<\/a><\/li>\n\n\n\n<li><a href=\"https:\/\/startupvalley.news\/de\/erklaervideos\/\">Sie planen Marketingkampagnen auf TikTok? Setzen Sie auf Erkl\u00e4rvideos!<\/a><\/li>\n<\/ul>\n","protected":false},"excerpt":{"rendered":"<p>Foto Osner ist 360-Grad-Dienstleister im Bereich Foto, Video und Social Media-Marketing f\u00fcr Unternehmen und Privatkunden<\/p>\n","protected":false},"author":9,"featured_media":68222,"comment_status":"open","ping_status":"closed","sticky":false,"template":"","format":"standard","meta":{"_acf_changed":false,"footnotes":""},"categories":[4],"tags":[6742,12920,1044,12921,12922,12923,2310,808,12924],"class_list":{"0":"post-68214","1":"post","2":"type-post","3":"status-publish","4":"format-standard","5":"has-post-thumbnail","7":"category-gruendertalk","8":"tag-foto","9":"tag-foto-osner","10":"tag-fotografie","11":"tag-imagefilm","12":"tag-julius-osner","13":"tag-produktfotos","14":"tag-social-media-marketing","15":"tag-video","16":"tag-werbefotos"},"acf":[],"yoast_head":"<!-- This site is optimized with the Yoast SEO Premium plugin v26.7 (Yoast SEO v26.7) - https:\/\/yoast.com\/wordpress\/plugins\/seo\/ -->\n<title>Foto Osner 360-Grad-Dienstleister Foto, Video<\/title>\n<meta name=\"description\" content=\"Foto Osner ist ein 360-Grad-Dienstleister im Bereich Foto, Video und Social Media-Marketing f\u00fcr Unternehmen und Privatkunden\" \/>\n<meta name=\"robots\" content=\"index, follow, max-snippet:-1, max-image-preview:large, max-video-preview:-1\" \/>\n<link rel=\"canonical\" href=\"https:\/\/startupvalley.news\/de\/foto-osner-foto-video-social-media-marketing\/\" \/>\n<meta property=\"og:locale\" content=\"de_DE\" \/>\n<meta property=\"og:type\" content=\"article\" \/>\n<meta property=\"og:title\" content=\"Nie aufgeben\" \/>\n<meta property=\"og:description\" content=\"Foto Osner ist ein 360-Grad-Dienstleister im Bereich Foto, Video und Social Media-Marketing f\u00fcr Unternehmen und Privatkunden\" \/>\n<meta property=\"og:url\" content=\"https:\/\/startupvalley.news\/de\/foto-osner-foto-video-social-media-marketing\/\" \/>\n<meta property=\"og:site_name\" content=\"StartupValley - Erfolgreich Gr\u00fcnden und durchstarten!\" \/>\n<meta property=\"article:publisher\" content=\"https:\/\/www.facebook.com\/startupvalleynews\" \/>\n<meta property=\"article:published_time\" content=\"2020-05-08T06:02:53+00:00\" \/>\n<meta property=\"article:modified_time\" content=\"2026-01-21T11:17:57+00:00\" \/>\n<meta property=\"og:image\" content=\"https:\/\/startupvalley.news\/de\/wp-content\/uploads\/sites\/2\/2020\/05\/Julius-611-Kopie-2-21.51.28.jpg\" \/>\n\t<meta property=\"og:image:width\" content=\"1200\" \/>\n\t<meta property=\"og:image:height\" content=\"679\" \/>\n\t<meta property=\"og:image:type\" content=\"image\/jpeg\" \/>\n<meta name=\"author\" content=\"StartupValley\" \/>\n<meta name=\"twitter:card\" content=\"summary_large_image\" \/>\n<meta name=\"twitter:creator\" content=\"@startup_valley\" \/>\n<meta name=\"twitter:site\" content=\"@startup_valley\" \/>\n<meta name=\"twitter:label1\" content=\"Verfasst von\" \/>\n\t<meta name=\"twitter:data1\" content=\"StartupValley\" \/>\n\t<meta name=\"twitter:label2\" content=\"Gesch\u00e4tzte Lesezeit\" \/>\n\t<meta name=\"twitter:data2\" content=\"5\u00a0Minuten\" \/>\n<script type=\"application\/ld+json\" class=\"yoast-schema-graph\">{\"@context\":\"https:\/\/schema.org\",\"@graph\":[{\"@type\":\"Article\",\"@id\":\"https:\/\/startupvalley.news\/de\/foto-osner-foto-video-social-media-marketing\/#article\",\"isPartOf\":{\"@id\":\"https:\/\/startupvalley.news\/de\/foto-osner-foto-video-social-media-marketing\/\"},\"author\":{\"name\":\"StartupValley\",\"@id\":\"https:\/\/startupvalley.news\/de\/#\/schema\/person\/dc9abc71daa8d949d4f257f2e9883e00\"},\"headline\":\"Nie aufgeben\",\"datePublished\":\"2020-05-08T06:02:53+00:00\",\"dateModified\":\"2026-01-21T11:17:57+00:00\",\"mainEntityOfPage\":{\"@id\":\"https:\/\/startupvalley.news\/de\/foto-osner-foto-video-social-media-marketing\/\"},\"wordCount\":874,\"commentCount\":0,\"publisher\":{\"@id\":\"https:\/\/startupvalley.news\/de\/#organization\"},\"image\":{\"@id\":\"https:\/\/startupvalley.news\/de\/foto-osner-foto-video-social-media-marketing\/#primaryimage\"},\"thumbnailUrl\":\"https:\/\/startupvalley.news\/de\/wp-content\/uploads\/sites\/2\/2020\/05\/Julius-611-Kopie-2-21.51.28.jpg\",\"keywords\":[\"Foto\",\"Foto Osner\",\"Fotografie\",\"IMAGEFILM\",\"Julius Osner\",\"Produktfotos\",\"Social Media Marketing\",\"Video\",\"Werbefotos\"],\"articleSection\":[\"Gr\u00fcnderTalk\"],\"inLanguage\":\"de\",\"potentialAction\":[{\"@type\":\"CommentAction\",\"name\":\"Comment\",\"target\":[\"https:\/\/startupvalley.news\/de\/foto-osner-foto-video-social-media-marketing\/#respond\"]}],\"copyrightYear\":\"2020\",\"copyrightHolder\":{\"@id\":\"https:\/\/startupvalley.news\/#organization\"}},{\"@type\":\"WebPage\",\"@id\":\"https:\/\/startupvalley.news\/de\/foto-osner-foto-video-social-media-marketing\/\",\"url\":\"https:\/\/startupvalley.news\/de\/foto-osner-foto-video-social-media-marketing\/\",\"name\":\"Foto Osner 360-Grad-Dienstleister Foto, Video\",\"isPartOf\":{\"@id\":\"https:\/\/startupvalley.news\/de\/#website\"},\"primaryImageOfPage\":{\"@id\":\"https:\/\/startupvalley.news\/de\/foto-osner-foto-video-social-media-marketing\/#primaryimage\"},\"image\":{\"@id\":\"https:\/\/startupvalley.news\/de\/foto-osner-foto-video-social-media-marketing\/#primaryimage\"},\"thumbnailUrl\":\"https:\/\/startupvalley.news\/de\/wp-content\/uploads\/sites\/2\/2020\/05\/Julius-611-Kopie-2-21.51.28.jpg\",\"datePublished\":\"2020-05-08T06:02:53+00:00\",\"dateModified\":\"2026-01-21T11:17:57+00:00\",\"description\":\"Foto Osner ist ein 360-Grad-Dienstleister im Bereich Foto, Video und Social Media-Marketing f\u00fcr Unternehmen und Privatkunden\",\"breadcrumb\":{\"@id\":\"https:\/\/startupvalley.news\/de\/foto-osner-foto-video-social-media-marketing\/#breadcrumb\"},\"inLanguage\":\"de\",\"potentialAction\":[{\"@type\":\"ReadAction\",\"target\":[\"https:\/\/startupvalley.news\/de\/foto-osner-foto-video-social-media-marketing\/\"]}]},{\"@type\":\"ImageObject\",\"inLanguage\":\"de\",\"@id\":\"https:\/\/startupvalley.news\/de\/foto-osner-foto-video-social-media-marketing\/#primaryimage\",\"url\":\"https:\/\/startupvalley.news\/de\/wp-content\/uploads\/sites\/2\/2020\/05\/Julius-611-Kopie-2-21.51.28.jpg\",\"contentUrl\":\"https:\/\/startupvalley.news\/de\/wp-content\/uploads\/sites\/2\/2020\/05\/Julius-611-Kopie-2-21.51.28.jpg\",\"width\":1200,\"height\":679,\"caption\":\"Foto Osner 360-Grad-Dienstleister Foto, Video Social Media-Marketing\"},{\"@type\":\"BreadcrumbList\",\"@id\":\"https:\/\/startupvalley.news\/de\/foto-osner-foto-video-social-media-marketing\/#breadcrumb\",\"itemListElement\":[{\"@type\":\"ListItem\",\"position\":1,\"name\":\"Home\",\"item\":\"https:\/\/startupvalley.news\/de\/\"},{\"@type\":\"ListItem\",\"position\":2,\"name\":\"Nie aufgeben\"}]},{\"@type\":\"WebSite\",\"@id\":\"https:\/\/startupvalley.news\/de\/#website\",\"url\":\"https:\/\/startupvalley.news\/de\/\",\"name\":\"StartupValley\",\"description\":\"Die neuesten Trends der Startup-Szene: Finanzierung, Innovationen und Erfolgsgeschichten\",\"publisher\":{\"@id\":\"https:\/\/startupvalley.news\/de\/#organization\"},\"alternateName\":\"StartupValley Magazin\",\"potentialAction\":[{\"@type\":\"SearchAction\",\"target\":{\"@type\":\"EntryPoint\",\"urlTemplate\":\"https:\/\/startupvalley.news\/de\/?s={search_term_string}\"},\"query-input\":{\"@type\":\"PropertyValueSpecification\",\"valueRequired\":true,\"valueName\":\"search_term_string\"}}],\"inLanguage\":\"de\"},{\"@type\":\"Organization\",\"@id\":\"https:\/\/startupvalley.news\/de\/#organization\",\"name\":\"StartupValley Media\",\"url\":\"https:\/\/startupvalley.news\/de\/\",\"logo\":{\"@type\":\"ImageObject\",\"inLanguage\":\"de\",\"@id\":\"https:\/\/startupvalley.news\/de\/#\/schema\/logo\/image\/\",\"url\":\"https:\/\/startupvalley.news\/de\/wp-content\/uploads\/sites\/2\/2020\/12\/StartupValley-LOGO-neu-retina.png\",\"contentUrl\":\"https:\/\/startupvalley.news\/de\/wp-content\/uploads\/sites\/2\/2020\/12\/StartupValley-LOGO-neu-retina.png\",\"width\":460,\"height\":180,\"caption\":\"StartupValley Media\"},\"image\":{\"@id\":\"https:\/\/startupvalley.news\/de\/#\/schema\/logo\/image\/\"},\"sameAs\":[\"https:\/\/www.facebook.com\/startupvalleynews\",\"https:\/\/x.com\/startup_valley\",\"https:\/\/www.twitch.tv\/startupvalley\",\"https:\/\/www.linkedin.com\/company\/startupvalleymagazine\",\"https:\/\/www.instagram.com\/startup_valley\"]},{\"@type\":\"Person\",\"@id\":\"https:\/\/startupvalley.news\/de\/#\/schema\/person\/dc9abc71daa8d949d4f257f2e9883e00\",\"name\":\"StartupValley\",\"image\":{\"@type\":\"ImageObject\",\"inLanguage\":\"de\",\"@id\":\"https:\/\/startupvalley.news\/de\/#\/schema\/person\/image\/\",\"url\":\"https:\/\/secure.gravatar.com\/avatar\/6436ca57465a88bfa716825ebdd3bc23f850aaaa3a51d16da34504822452fa3a?s=96&d=mm&r=g\",\"contentUrl\":\"https:\/\/secure.gravatar.com\/avatar\/6436ca57465a88bfa716825ebdd3bc23f850aaaa3a51d16da34504822452fa3a?s=96&d=mm&r=g\",\"caption\":\"StartupValley\"},\"description\":\"Das StartupValley Magazin ist Europas gro\u00dfes Magazin f\u00fcr Start-ups, Gr\u00fcnder und Entrepreneure. Ihr findet bei uns Tagesaktuelle News zu den neuesten Trends, Technologien und Gesch\u00e4ftsmodellen der internationalen Startup-Szene sowie Interviews mit erfolgreichen Gr\u00fcndern und Investoren.\",\"url\":\"https:\/\/startupvalley.news\/de\/author\/redaktion\/\"}]}<\/script>\n<!-- \/ Yoast SEO Premium plugin. -->","yoast_head_json":{"title":"Foto Osner 360-Grad-Dienstleister Foto, Video","description":"Foto Osner ist ein 360-Grad-Dienstleister im Bereich Foto, Video und Social Media-Marketing f\u00fcr Unternehmen und Privatkunden","robots":{"index":"index","follow":"follow","max-snippet":"max-snippet:-1","max-image-preview":"max-image-preview:large","max-video-preview":"max-video-preview:-1"},"canonical":"https:\/\/startupvalley.news\/de\/foto-osner-foto-video-social-media-marketing\/","og_locale":"de_DE","og_type":"article","og_title":"Nie aufgeben","og_description":"Foto Osner ist ein 360-Grad-Dienstleister im Bereich Foto, Video und Social Media-Marketing f\u00fcr Unternehmen und Privatkunden","og_url":"https:\/\/startupvalley.news\/de\/foto-osner-foto-video-social-media-marketing\/","og_site_name":"StartupValley - Erfolgreich Gr\u00fcnden und durchstarten!","article_publisher":"https:\/\/www.facebook.com\/startupvalleynews","article_published_time":"2020-05-08T06:02:53+00:00","article_modified_time":"2026-01-21T11:17:57+00:00","og_image":[{"width":1200,"height":679,"url":"https:\/\/startupvalley.news\/de\/wp-content\/uploads\/sites\/2\/2020\/05\/Julius-611-Kopie-2-21.51.28.jpg","type":"image\/jpeg"}],"author":"StartupValley","twitter_card":"summary_large_image","twitter_creator":"@startup_valley","twitter_site":"@startup_valley","twitter_misc":{"Verfasst von":"StartupValley","Gesch\u00e4tzte Lesezeit":"5\u00a0Minuten"},"schema":{"@context":"https:\/\/schema.org","@graph":[{"@type":"Article","@id":"https:\/\/startupvalley.news\/de\/foto-osner-foto-video-social-media-marketing\/#article","isPartOf":{"@id":"https:\/\/startupvalley.news\/de\/foto-osner-foto-video-social-media-marketing\/"},"author":{"name":"StartupValley","@id":"https:\/\/startupvalley.news\/de\/#\/schema\/person\/dc9abc71daa8d949d4f257f2e9883e00"},"headline":"Nie aufgeben","datePublished":"2020-05-08T06:02:53+00:00","dateModified":"2026-01-21T11:17:57+00:00","mainEntityOfPage":{"@id":"https:\/\/startupvalley.news\/de\/foto-osner-foto-video-social-media-marketing\/"},"wordCount":874,"commentCount":0,"publisher":{"@id":"https:\/\/startupvalley.news\/de\/#organization"},"image":{"@id":"https:\/\/startupvalley.news\/de\/foto-osner-foto-video-social-media-marketing\/#primaryimage"},"thumbnailUrl":"https:\/\/startupvalley.news\/de\/wp-content\/uploads\/sites\/2\/2020\/05\/Julius-611-Kopie-2-21.51.28.jpg","keywords":["Foto","Foto Osner","Fotografie","IMAGEFILM","Julius Osner","Produktfotos","Social Media Marketing","Video","Werbefotos"],"articleSection":["Gr\u00fcnderTalk"],"inLanguage":"de","potentialAction":[{"@type":"CommentAction","name":"Comment","target":["https:\/\/startupvalley.news\/de\/foto-osner-foto-video-social-media-marketing\/#respond"]}],"copyrightYear":"2020","copyrightHolder":{"@id":"https:\/\/startupvalley.news\/#organization"}},{"@type":"WebPage","@id":"https:\/\/startupvalley.news\/de\/foto-osner-foto-video-social-media-marketing\/","url":"https:\/\/startupvalley.news\/de\/foto-osner-foto-video-social-media-marketing\/","name":"Foto Osner 360-Grad-Dienstleister Foto, Video","isPartOf":{"@id":"https:\/\/startupvalley.news\/de\/#website"},"primaryImageOfPage":{"@id":"https:\/\/startupvalley.news\/de\/foto-osner-foto-video-social-media-marketing\/#primaryimage"},"image":{"@id":"https:\/\/startupvalley.news\/de\/foto-osner-foto-video-social-media-marketing\/#primaryimage"},"thumbnailUrl":"https:\/\/startupvalley.news\/de\/wp-content\/uploads\/sites\/2\/2020\/05\/Julius-611-Kopie-2-21.51.28.jpg","datePublished":"2020-05-08T06:02:53+00:00","dateModified":"2026-01-21T11:17:57+00:00","description":"Foto Osner ist ein 360-Grad-Dienstleister im Bereich Foto, Video und Social Media-Marketing f\u00fcr Unternehmen und Privatkunden","breadcrumb":{"@id":"https:\/\/startupvalley.news\/de\/foto-osner-foto-video-social-media-marketing\/#breadcrumb"},"inLanguage":"de","potentialAction":[{"@type":"ReadAction","target":["https:\/\/startupvalley.news\/de\/foto-osner-foto-video-social-media-marketing\/"]}]},{"@type":"ImageObject","inLanguage":"de","@id":"https:\/\/startupvalley.news\/de\/foto-osner-foto-video-social-media-marketing\/#primaryimage","url":"https:\/\/startupvalley.news\/de\/wp-content\/uploads\/sites\/2\/2020\/05\/Julius-611-Kopie-2-21.51.28.jpg","contentUrl":"https:\/\/startupvalley.news\/de\/wp-content\/uploads\/sites\/2\/2020\/05\/Julius-611-Kopie-2-21.51.28.jpg","width":1200,"height":679,"caption":"Foto Osner 360-Grad-Dienstleister Foto, Video Social Media-Marketing"},{"@type":"BreadcrumbList","@id":"https:\/\/startupvalley.news\/de\/foto-osner-foto-video-social-media-marketing\/#breadcrumb","itemListElement":[{"@type":"ListItem","position":1,"name":"Home","item":"https:\/\/startupvalley.news\/de\/"},{"@type":"ListItem","position":2,"name":"Nie aufgeben"}]},{"@type":"WebSite","@id":"https:\/\/startupvalley.news\/de\/#website","url":"https:\/\/startupvalley.news\/de\/","name":"StartupValley","description":"Die neuesten Trends der Startup-Szene: Finanzierung, Innovationen und Erfolgsgeschichten","publisher":{"@id":"https:\/\/startupvalley.news\/de\/#organization"},"alternateName":"StartupValley Magazin","potentialAction":[{"@type":"SearchAction","target":{"@type":"EntryPoint","urlTemplate":"https:\/\/startupvalley.news\/de\/?s={search_term_string}"},"query-input":{"@type":"PropertyValueSpecification","valueRequired":true,"valueName":"search_term_string"}}],"inLanguage":"de"},{"@type":"Organization","@id":"https:\/\/startupvalley.news\/de\/#organization","name":"StartupValley Media","url":"https:\/\/startupvalley.news\/de\/","logo":{"@type":"ImageObject","inLanguage":"de","@id":"https:\/\/startupvalley.news\/de\/#\/schema\/logo\/image\/","url":"https:\/\/startupvalley.news\/de\/wp-content\/uploads\/sites\/2\/2020\/12\/StartupValley-LOGO-neu-retina.png","contentUrl":"https:\/\/startupvalley.news\/de\/wp-content\/uploads\/sites\/2\/2020\/12\/StartupValley-LOGO-neu-retina.png","width":460,"height":180,"caption":"StartupValley Media"},"image":{"@id":"https:\/\/startupvalley.news\/de\/#\/schema\/logo\/image\/"},"sameAs":["https:\/\/www.facebook.com\/startupvalleynews","https:\/\/x.com\/startup_valley","https:\/\/www.twitch.tv\/startupvalley","https:\/\/www.linkedin.com\/company\/startupvalleymagazine","https:\/\/www.instagram.com\/startup_valley"]},{"@type":"Person","@id":"https:\/\/startupvalley.news\/de\/#\/schema\/person\/dc9abc71daa8d949d4f257f2e9883e00","name":"StartupValley","image":{"@type":"ImageObject","inLanguage":"de","@id":"https:\/\/startupvalley.news\/de\/#\/schema\/person\/image\/","url":"https:\/\/secure.gravatar.com\/avatar\/6436ca57465a88bfa716825ebdd3bc23f850aaaa3a51d16da34504822452fa3a?s=96&d=mm&r=g","contentUrl":"https:\/\/secure.gravatar.com\/avatar\/6436ca57465a88bfa716825ebdd3bc23f850aaaa3a51d16da34504822452fa3a?s=96&d=mm&r=g","caption":"StartupValley"},"description":"Das StartupValley Magazin ist Europas gro\u00dfes Magazin f\u00fcr Start-ups, Gr\u00fcnder und Entrepreneure. Ihr findet bei uns Tagesaktuelle News zu den neuesten Trends, Technologien und Gesch\u00e4ftsmodellen der internationalen Startup-Szene sowie Interviews mit erfolgreichen Gr\u00fcndern und Investoren.","url":"https:\/\/startupvalley.news\/de\/author\/redaktion\/"}]}},"_links":{"self":[{"href":"https:\/\/startupvalley.news\/de\/wp-json\/wp\/v2\/posts\/68214","targetHints":{"allow":["GET"]}}],"collection":[{"href":"https:\/\/startupvalley.news\/de\/wp-json\/wp\/v2\/posts"}],"about":[{"href":"https:\/\/startupvalley.news\/de\/wp-json\/wp\/v2\/types\/post"}],"author":[{"embeddable":true,"href":"https:\/\/startupvalley.news\/de\/wp-json\/wp\/v2\/users\/9"}],"replies":[{"embeddable":true,"href":"https:\/\/startupvalley.news\/de\/wp-json\/wp\/v2\/comments?post=68214"}],"version-history":[{"count":1,"href":"https:\/\/startupvalley.news\/de\/wp-json\/wp\/v2\/posts\/68214\/revisions"}],"predecessor-version":[{"id":119921,"href":"https:\/\/startupvalley.news\/de\/wp-json\/wp\/v2\/posts\/68214\/revisions\/119921"}],"wp:featuredmedia":[{"embeddable":true,"href":"https:\/\/startupvalley.news\/de\/wp-json\/wp\/v2\/media\/68222"}],"wp:attachment":[{"href":"https:\/\/startupvalley.news\/de\/wp-json\/wp\/v2\/media?parent=68214"}],"wp:term":[{"taxonomy":"category","embeddable":true,"href":"https:\/\/startupvalley.news\/de\/wp-json\/wp\/v2\/categories?post=68214"},{"taxonomy":"post_tag","embeddable":true,"href":"https:\/\/startupvalley.news\/de\/wp-json\/wp\/v2\/tags?post=68214"}],"curies":[{"name":"wp","href":"https:\/\/api.w.org\/{rel}","templated":true}]}}