{"id":79169,"date":"2021-05-24T09:57:11","date_gmt":"2021-05-24T07:57:11","guid":{"rendered":"https:\/\/www.startupvalley.news\/de\/?p=79169"},"modified":"2026-04-07T13:39:30","modified_gmt":"2026-04-07T11:39:30","slug":"the-makery-jasper-kolb-handwerkliche-workshops","status":"publish","type":"post","link":"https:\/\/startupvalley.news\/de\/the-makery-jasper-kolb-handwerkliche-workshops\/","title":{"rendered":"Kleine Erfolge feiern!"},"content":{"rendered":"\n<h2 class=\"wp-block-heading\" id=\"h-jasper-kolb-nbsp-grunder-von-the-makery-digitale-plattform-fur-handwerkliche-und-kreative-workshops-in-der-hohle-der-lowen\">Jasper Kolb&nbsp;Gr\u00fcnder von The Makery, digitale Plattform f\u00fcr handwerkliche und kreative Workshops, in der H\u00f6hle der L\u00f6wen<\/h2>\n\n\n\n<h4 class=\"wp-block-heading\" id=\"h-stellen-sie-sich-und-das-startup-the-makery-doch-kurz-vor\">Stellen Sie sich und das Startup The Makery doch kurz vor!<\/h4>\n\n\n\n<p>Ich bin <a href=\"https:\/\/www.linkedin.com\/in\/jasperkolb\/\" target=\"_blank\" rel=\"noreferrer noopener\">Jasper Kolb<\/a> und zusammen mit meiner Frau Maija habe ich The Makery gegr\u00fcndet. Wir wohnen in Berlin und haben einen 10 Monate alten Sohn.<\/p>\n\n\n\n<p>The Makery ist eine digitale Plattform f\u00fcr handwerkliche und kreative Erlebnisse. Auf The Makery finden Interessierte fast 500 Workshops und DIY-Boxen zu verschiedensten Themen, von Pasta selber machen, \u00fcber Makramee bis Naturkosmetik &amp; Upcycling. Die Workshops und DIY-Boxen werden von lokalen und selbstst\u00e4ndigen Kreativen angeboten, in eigenem Namen und in eigener inhaltlicher und preislicher Gestaltung.<br><\/p>\n\n\n\n<h4 class=\"wp-block-heading\" id=\"h-wie-ist-die-idee-zu-the-makery-entstanden\">Wie ist die Idee zu The Makery entstanden?<\/h4>\n\n\n\n<p>Jasper Kolb: Meine Frau Maija und ich haben 2014\/2015 in Sydney gelebt und da sind wir auf eine kleine Firma gesto\u00dfen, die jeden Abend Kreative in ihr Studio eingeladen haben, die dort zu verschiedensten Themen Workshops angeboten haben. Wir waren neu in der Stadt und fanden das Konzept super, da man nette und offene Leute kennenlernen und dabei etwas Neues lernen konnte. Als wir von Sydney nach Berlin zogen, starteten wir beide wieder in Vollzeitjobs, doch hatten den Plan gefasst, selbst etwas zu schaffen, das Kreativit\u00e4t f\u00f6rdert und Menschen zusammenbringt. Die Investition in eine gro\u00dfe, zentral gelegene Location schien uns sehr gro\u00df, da kamen wir auf die Idee einer digitalen Plattform, auf der Workshopanbieter ihre Workshops vorstellen und von Interessierten gefunden und gebucht werden k\u00f6nnen.<br><\/p>\n\n\n\n<h4 class=\"wp-block-heading\" id=\"h-welche-vision-steckt-hinter-the-makery\">Welche Vision steckt hinter The Makery?<\/h4>\n\n\n\n<p>Jasper Kolb: Mit The Makery wollen wir Menschen zusammenbringen und sie ermutigen, etwas Neues auszuprobieren und sich Zeit f\u00fcr sich selbst zu nehmen. Es geht darum, dass man neugierig ist, neue Fertigkeit lernt und etwas mit seinen H\u00e4nden erschafft.<\/p>\n\n\n\n<p>Gleichzeitig wollen wir die lokalen kreativen Communities unterst\u00fctzen. Die vielen K\u00fcnstlerInnen und kleinen Kreativ- &amp; Handwerksunternehmen, die von ihrer kreativen Arbeit leben und ihre Leidenschaft mit Interessierten teilen m\u00f6chten.<\/p>\n\n\n\n<p>Wir bringen Menschen zusammen und ermutigen sie, etwas Neues auszuprobieren und Spa\u00df zu haben. Das Angebot an Workshops ist gro\u00df und vielf\u00e4ltig, so dass f\u00fcr jeden etwas Spannendes dabei ist. Wir m\u00f6chten dich dazu animieren, neugierig zu sein, neue Fertigkeit zu erlernen und etwas mit deinen H\u00e4nden zu erschaffen. Auch wenn es nicht perfekt wird, solltest du verdammt stolz darauf sein!&nbsp;<br><\/p>\n\n\n\n<h4 class=\"wp-block-heading\" id=\"h-wer-ist-die-zielgruppe-von-the-makery\">Wer ist die Zielgruppe von The Makery?<\/h4>\n\n\n\n<p>Jasper Kolb: The Makery richtet sich an Menschen, die etwas Neues lernen, ausprobieren und in ihrer Freizeit kreativ werden m\u00f6chten. Menschen, die Dinge selbst mit ihren H\u00e4nden herstellen, nachhaltiger Leben und bewusster konsumieren m\u00f6chten. Auf der B2B Seite ist de facto jedes Unternehmen Teil unserer Kernzielgruppe, das seinen MitarbeiterInnen M\u00f6glichkeiten f\u00fcr Teamevents, Teambuilding, Incentivierungen etc. bieten m\u00f6chte.&nbsp;<\/p>\n\n\n\n<h4 class=\"wp-block-heading\" id=\"h-wie-sind-sie-auf-die-idee-gekommen-sich-fur-die-sendung-die-hohle-der-lowen-zu-bewerben\">Wie sind Sie auf die Idee gekommen sich f\u00fcr die Sendung Die H\u00f6hle der L\u00f6wen zu bewerben?<\/h4>\n\n\n\n<p>Ich kannte die Sendung nat\u00fcrlich und wusste, welche Chance sich durch eine Teilnahme f\u00fcr The Makery bieten w\u00fcrde. Letztendlich war es aber ein guter Freund von mir, der mir empfohlen hat, mich zu bewerben. Er hatte 2019 mit seinem Unternehmen an der Sendung teilgenommen.<\/p>\n\n\n\n<h4 class=\"wp-block-heading\" id=\"h-wie-haben-sie-sich-auf-die-sendung-vorbereitet\">Wie haben Sie sich auf die Sendung vorbereitet?<\/h4>\n\n\n\n<p>Jasper Kolb: Das Wichtigste ist ein guter Pitch &#8211; an dem habe ich lange gefeilt und das Vortragen ge\u00fcbt. Hierf\u00fcr habe ich mir viele Pitches aus \u00e4lteren Staffeln angesehen, insbesondere die, in denen es zu einem Deal kam. Beim Erstellen des Pitches hilft einem aber auch das Produktionsteam der Sendung. Nach diversen DHDL Staffeln wissen die am besten, worauf es bei einem guten Pitch ankommt und sie helfen bei der \u201aStoryline\u2018 und dem Feinschliff. <\/p>\n\n\n\n<p>Parallel dazu habe ich mich auf die Fragen vorbereitet, die die Investoren nach dem Pitch stellen k\u00f6nnten. Ich wusste, dass dieser Q&amp;A-Teil im Anschluss an den Pitch in manchen F\u00e4llen bis zu 2 Stunden dauern kann und die L\u00f6wen mit ihren Fragen auch sehr tief nachbohren. Ich musste also f\u00fcr jede potentielle Frage eine gute Antwort parat habe. Au\u00dferdem war es wichtig, die L\u00f6wen zu kennen. In welchen Gesch\u00e4ftsfeldern sind sie t\u00e4tig? Oder in welchen Bereichen k\u00f6nnten sie The Makery helfen? In welche Startups haben sie bisher investiert?<\/p>\n\n\n\n<h4 class=\"wp-block-heading\" id=\"h-sie-sind-eines-der-wenigen-startup-unternehmen-dass-es-in-die-sendung-die-hohle-der-lowen-geschafft-hat-wie-motivierend-war-das-fur-sie\">Sie sind eines der wenigen Startup Unternehmen, dass es in die Sendung Die H\u00f6hle der L\u00f6wen geschafft hat. Wie motivierend war das f\u00fcr Sie?<\/h4>\n\n\n\n<p>Die H\u00f6hle der L\u00f6wen hat eine sehr hohe Bekanntheit und viele Firmen sind im Anschluss an die Sendung erfolgreich geworden. Das hat uns nat\u00fcrlich super motiviert. Wir sind ein kleines Unternehmen und meine Frau und ich bauen The Makery nebenberuflich auf, mittlerweile sogar mit einem kleinen Kind. Wir stecken so viel Herz und Energie in das Projekt, daher freuen wir uns einfach wahnsinnig \u00fcber die M\u00f6glichkeit, The Makery vor einem so gro\u00dfen Publikum vorstellen zu d\u00fcrfen und sind gespannt, wohin uns diese gro\u00dfe Chance f\u00fchrt.&nbsp;<\/p>\n\n\n\n<h4 class=\"wp-block-heading\" id=\"h-wie-wichtig-war-dieser-schritt-fur-sie-als-startup-unternehmen-auch-unter-dem-gesichtspunkt-dass-durch-die-hohle-der-lowen-viele-interessenten-und-auch-medien-auf-the-makery-aufmerksam-werden\">Wie wichtig war dieser Schritt f\u00fcr Sie als Startup Unternehmen? Auch unter dem Gesichtspunkt, dass durch Die H\u00f6hle der L\u00f6wen viele Interessenten und auch Medien auf The Makery aufmerksam werden?<\/h4>\n\n\n\n<p>Jasper Kolb: Zuerst einmal war der Auftritt eine gro\u00dfartige Erfahrung an der ich auch als Gr\u00fcnder sehr gewachsen bin. In der Vorbereitung musste ich mich intensiv mit meiner Firma, aber auch mit mir selbst auseinandersetzen. Man analysiert die Zahlen, hinterfragt das Gesch\u00e4ftsmodell und reflektiert die Vision. Allein aus diesen Gr\u00fcnden hat der Auftritt uns als Unternehmen nach vorne gebracht. Die Aufmerksamkeit, die mit der Ausstrahlung einhergeht, ist nat\u00fcrlich eine einmalige Chance f\u00fcr uns und wird unser Business auf ein neues Level heben.<\/p>\n\n\n\n<h4 class=\"wp-block-heading\" id=\"h-welchen-investor-hatten-sie-im-fokus\">Welchen Investor hatten Sie im Fokus?<\/h4>\n\n\n\n<p>Im Vorfeld der Sendung hatte ich Carsten Maschmeyer und Dr. Georg Kofler als Wunsch-Investoren ausgemacht. Insbesondere Dr. Kofler hat viel Erfahrung in der Branche und verf\u00fcgt mit seiner Social Chain Group \u00fcber M\u00f6glichkeiten, The Makery zu skalieren.<br><\/p>\n\n\n\n<h4 class=\"wp-block-heading\" id=\"h-the-makery-wo-geht-der-weg-hin-wo-sehen-sie-sich-in-funf-jahren\">The Makery, wo geht der Weg hin? Wo sehen Sie sich in f\u00fcnf Jahren?<\/h4>\n\n\n\n<p>Jasper Kolb: Angefangen haben wir mit Workshops, im letzten Jahr kamen dann DIY-Boxen dazu. In 5 Jahren werden wir eine Plattform sein, auf der verschiedenste Formate rund um die Themen DIY und Kreativit\u00e4t geb\u00fcndelt werden und verschiedenste K\u00fcnstlerInnen, Kreative, ExpertInnen zusammenkommen. Von Abo-Boxen, zu DIY-Inspirationen bis zum Shop f\u00fcr ausgew\u00e4hlte Materialien werden wir zur DIY-Plattform. Dar\u00fcber hinaus sind Workshops aktuell noch ein Luxusgut, das noch lange nicht f\u00fcr alle Menschen zug\u00e4nglich ist. Das wollen wir \u00e4ndern! In 5 Jahren wollen wir mit The Makery jedem Interessierten Zugang zu kreativer Weiterbildung anbieten k\u00f6nnen. Wir wollen AnbieterInnen dabei unterst\u00fctzen, ihr Angebot zug\u00e4nglicher gestalten zu k\u00f6nnen und streben hierbei eine engere Vernetzung mit dem Bildungssektor sowie Weiterbildungsinstitutionen an.<\/p>\n\n\n\n<h4 class=\"wp-block-heading\" id=\"h-zum-schluss-welche-3-tipps-wurden-sie-angehenden-grundern-mit-auf-den-weg-geben\">Zum Schluss: Welche 3 Tipps w\u00fcrden Sie angehenden Gr\u00fcndern mit auf den Weg geben?<\/h4>\n\n\n\n<p>Ich w\u00fcrde Gr\u00fcnderInnen den Tipp geben, f\u00fcr sich klar zu definieren, warum man gr\u00fcndet und was man mit seiner Firma bewirken m\u00f6chte. Die Motivation kann hierbei f\u00fcr jede\/n Gr\u00fcnder und Gr\u00fcnderin unterschiedlich sein. Es werden unz\u00e4hlige H\u00fcrden kommen und Momente, in den man an sich und der Firma zweifelt und man am liebsten hinschmei\u00dft. Dann ist es wichtig, daran zu denken, warum man das alles auf sich nimmt. Das hat zumindest mir das ein oder andere Mal die Energie gegeben, weiterzumachen. <\/p>\n\n\n\n<p>Auch ist es wichtig, kleine Erfolge zu feiern. Als Gr\u00fcnderIn ist man oft verleitet, zu sehr in der Zukunft zu denken, als im hier und jetzt. Man hat Pl\u00e4ne, Tr\u00e4ume und Visionen und ist dann unzufrieden, dass man sie noch nicht erreicht hat. Nehmt euch die Zeit stehen zu bleiben, zur\u00fcckzublicken und stolz auf euch zu sein, was ihr schon erreicht habt. Das sind nur 2 Tipps, aber ich denke das reicht&nbsp;<\/p>\n\n\n\n<p>Jasper Kolb aus Berlin pr\u00e4sentiert mit &#8222;The Makery&#8220; eine Plattform f\u00fcr handwerkliche und kreative Workshops. Er erhofft sich ein Investment von 250.000 Euro f\u00fcr 15 Prozent der Anteile an seinem Unternehmen. Foto: TVNOW \/ Bernd-Michael Maurer<\/p>\n\n\n\n<p>Sehen Sie The Makery am 24. Mai 2021 in der H\u00f6hle der L\u00f6wen<\/p>\n\n\n\n<p>Wir bedanken uns bei Jasper Kolb f\u00fcr das Interview<\/p>\n\n\n\n<p>Aussagen des Autors und des Interviewpartners geben nicht unbedingt die Meinung der Redaktion und des Verlags wieder<\/p>\n\n\n\n<ul class=\"wp-block-yoast-seo-related-links yoast-seo-related-links\">\n<li><a href=\"https:\/\/startupvalley.news\/de\/startup-drei-basics\/\">Drei S\u00e4ulen als Basis f\u00fcr erfolgreiche Start-ups und deren Pitches<\/a><\/li>\n\n\n\n<li><a href=\"https:\/\/startupvalley.news\/de\/mytalents-workshops-erlebnisse\/\">Ausprobieren schl\u00e4gt Konzeptionieren<\/a><\/li>\n\n\n\n<li><a href=\"https:\/\/startupvalley.news\/de\/floranutris\/\">F\u00fchrt euer Unternehmen mit Leidenschaft<\/a><\/li>\n\n\n\n<li><a href=\"https:\/\/startupvalley.news\/de\/ready-to-code\/\">Rausgehen, mit der eigenen Idee!<\/a><\/li>\n\n\n\n<li><a href=\"https:\/\/startupvalley.news\/de\/mykidssafe\/\">Krone richten, aufrappeln und weiter gehts!<\/a><\/li>\n<\/ul>\n","protected":false},"excerpt":{"rendered":"<p>Jasper Kolb Gr\u00fcnder von The Makery, digitale Plattform f\u00fcr handwerkliche und kreative Workshops und und DIY-Boxen in der H\u00f6hle der L\u00f6wen<\/p>\n","protected":false},"author":9,"featured_media":79170,"comment_status":"open","ping_status":"closed","sticky":false,"template":"","format":"standard","meta":{"_acf_changed":false,"footnotes":""},"categories":[4],"tags":[1110,3624,16072,4667,16073,1032,16074,4323],"class_list":{"0":"post-79169","1":"post","2":"type-post","3":"status-publish","4":"format-standard","5":"has-post-thumbnail","7":"category-gruendertalk","8":"tag-dhdl","9":"tag-diy","10":"tag-handwerklich","11":"tag-hoehle-der-loewen","12":"tag-jasper-kolb","13":"tag-kreativ","14":"tag-the-makery","15":"tag-workshop"},"acf":[],"yoast_head":"<!-- This site is optimized with the Yoast SEO Premium plugin v26.7 (Yoast SEO v26.7) - https:\/\/yoast.com\/wordpress\/plugins\/seo\/ -->\n<title>Jasper Kolb The Makery handwerkliche kreative Workshops<\/title>\n<meta name=\"description\" content=\"Jasper Kolb Gr\u00fcnder von The Makery, digitale Plattform f\u00fcr handwerkliche und kreative Workshops und und DIY-Boxen in der H\u00f6hle der L\u00f6wen\" \/>\n<meta name=\"robots\" content=\"index, follow, max-snippet:-1, max-image-preview:large, max-video-preview:-1\" \/>\n<link rel=\"canonical\" href=\"https:\/\/startupvalley.news\/de\/the-makery-jasper-kolb-handwerkliche-workshops\/\" \/>\n<meta property=\"og:locale\" content=\"de_DE\" \/>\n<meta property=\"og:type\" content=\"article\" \/>\n<meta property=\"og:title\" content=\"Kleine Erfolge feiern!\" \/>\n<meta property=\"og:description\" content=\"Jasper Kolb Gr\u00fcnder von The Makery, digitale Plattform f\u00fcr handwerkliche und kreative Workshops und und DIY-Boxen in der H\u00f6hle der L\u00f6wen\" \/>\n<meta property=\"og:url\" content=\"https:\/\/startupvalley.news\/de\/the-makery-jasper-kolb-handwerkliche-workshops\/\" \/>\n<meta property=\"og:site_name\" content=\"StartupValley - Erfolgreich Gr\u00fcnden und durchstarten!\" \/>\n<meta property=\"article:publisher\" content=\"https:\/\/www.facebook.com\/startupvalleynews\" \/>\n<meta property=\"article:published_time\" content=\"2021-05-24T07:57:11+00:00\" \/>\n<meta property=\"article:modified_time\" content=\"2026-04-07T11:39:30+00:00\" \/>\n<meta property=\"og:image\" content=\"https:\/\/startupvalley.news\/de\/wp-content\/uploads\/sites\/2\/2021\/05\/the-makery-dhdl.jpeg\" \/>\n\t<meta property=\"og:image:width\" content=\"1200\" \/>\n\t<meta property=\"og:image:height\" content=\"800\" \/>\n\t<meta property=\"og:image:type\" content=\"image\/jpeg\" \/>\n<meta name=\"author\" content=\"StartupValley\" \/>\n<meta name=\"twitter:card\" content=\"summary_large_image\" \/>\n<meta name=\"twitter:creator\" content=\"@startup_valley\" \/>\n<meta name=\"twitter:site\" content=\"@startup_valley\" \/>\n<meta name=\"twitter:label1\" content=\"Verfasst von\" \/>\n\t<meta name=\"twitter:data1\" content=\"StartupValley\" \/>\n\t<meta name=\"twitter:label2\" content=\"Gesch\u00e4tzte Lesezeit\" \/>\n\t<meta name=\"twitter:data2\" content=\"8\u00a0Minuten\" \/>\n<script type=\"application\/ld+json\" class=\"yoast-schema-graph\">{\"@context\":\"https:\/\/schema.org\",\"@graph\":[{\"@type\":\"Article\",\"@id\":\"https:\/\/startupvalley.news\/de\/the-makery-jasper-kolb-handwerkliche-workshops\/#article\",\"isPartOf\":{\"@id\":\"https:\/\/startupvalley.news\/de\/the-makery-jasper-kolb-handwerkliche-workshops\/\"},\"author\":{\"name\":\"StartupValley\",\"@id\":\"https:\/\/startupvalley.news\/de\/#\/schema\/person\/dc9abc71daa8d949d4f257f2e9883e00\"},\"headline\":\"Kleine Erfolge feiern!\",\"datePublished\":\"2021-05-24T07:57:11+00:00\",\"dateModified\":\"2026-04-07T11:39:30+00:00\",\"mainEntityOfPage\":{\"@id\":\"https:\/\/startupvalley.news\/de\/the-makery-jasper-kolb-handwerkliche-workshops\/\"},\"wordCount\":1441,\"commentCount\":0,\"publisher\":{\"@id\":\"https:\/\/startupvalley.news\/de\/#organization\"},\"image\":{\"@id\":\"https:\/\/startupvalley.news\/de\/the-makery-jasper-kolb-handwerkliche-workshops\/#primaryimage\"},\"thumbnailUrl\":\"https:\/\/startupvalley.news\/de\/wp-content\/uploads\/sites\/2\/2021\/05\/the-makery-dhdl.jpeg\",\"keywords\":[\"DHDL\",\"DIY\",\"handwerklich\",\"H\u00f6hle der L\u00f6wen\",\"Jasper Kolb\",\"kreativ\",\"The Makery\",\"Workshop\"],\"articleSection\":[\"Gr\u00fcnderTalk\"],\"inLanguage\":\"de\",\"potentialAction\":[{\"@type\":\"CommentAction\",\"name\":\"Comment\",\"target\":[\"https:\/\/startupvalley.news\/de\/the-makery-jasper-kolb-handwerkliche-workshops\/#respond\"]}],\"copyrightYear\":\"2021\",\"copyrightHolder\":{\"@id\":\"https:\/\/startupvalley.news\/#organization\"}},{\"@type\":\"WebPage\",\"@id\":\"https:\/\/startupvalley.news\/de\/the-makery-jasper-kolb-handwerkliche-workshops\/\",\"url\":\"https:\/\/startupvalley.news\/de\/the-makery-jasper-kolb-handwerkliche-workshops\/\",\"name\":\"Jasper Kolb The Makery handwerkliche kreative Workshops\",\"isPartOf\":{\"@id\":\"https:\/\/startupvalley.news\/de\/#website\"},\"primaryImageOfPage\":{\"@id\":\"https:\/\/startupvalley.news\/de\/the-makery-jasper-kolb-handwerkliche-workshops\/#primaryimage\"},\"image\":{\"@id\":\"https:\/\/startupvalley.news\/de\/the-makery-jasper-kolb-handwerkliche-workshops\/#primaryimage\"},\"thumbnailUrl\":\"https:\/\/startupvalley.news\/de\/wp-content\/uploads\/sites\/2\/2021\/05\/the-makery-dhdl.jpeg\",\"datePublished\":\"2021-05-24T07:57:11+00:00\",\"dateModified\":\"2026-04-07T11:39:30+00:00\",\"description\":\"Jasper Kolb Gr\u00fcnder von The Makery, digitale Plattform f\u00fcr handwerkliche und kreative Workshops und und DIY-Boxen in der H\u00f6hle der L\u00f6wen\",\"breadcrumb\":{\"@id\":\"https:\/\/startupvalley.news\/de\/the-makery-jasper-kolb-handwerkliche-workshops\/#breadcrumb\"},\"inLanguage\":\"de\",\"potentialAction\":[{\"@type\":\"ReadAction\",\"target\":[\"https:\/\/startupvalley.news\/de\/the-makery-jasper-kolb-handwerkliche-workshops\/\"]}]},{\"@type\":\"ImageObject\",\"inLanguage\":\"de\",\"@id\":\"https:\/\/startupvalley.news\/de\/the-makery-jasper-kolb-handwerkliche-workshops\/#primaryimage\",\"url\":\"https:\/\/startupvalley.news\/de\/wp-content\/uploads\/sites\/2\/2021\/05\/the-makery-dhdl.jpeg\",\"contentUrl\":\"https:\/\/startupvalley.news\/de\/wp-content\/uploads\/sites\/2\/2021\/05\/the-makery-dhdl.jpeg\",\"width\":1200,\"height\":800,\"caption\":\"Jasper Kolb The Makery handwerkliche kreative Workshops H\u00f6hle der L\u00f6wen\"},{\"@type\":\"BreadcrumbList\",\"@id\":\"https:\/\/startupvalley.news\/de\/the-makery-jasper-kolb-handwerkliche-workshops\/#breadcrumb\",\"itemListElement\":[{\"@type\":\"ListItem\",\"position\":1,\"name\":\"Home\",\"item\":\"https:\/\/startupvalley.news\/de\/\"},{\"@type\":\"ListItem\",\"position\":2,\"name\":\"Kleine Erfolge feiern!\"}]},{\"@type\":\"WebSite\",\"@id\":\"https:\/\/startupvalley.news\/de\/#website\",\"url\":\"https:\/\/startupvalley.news\/de\/\",\"name\":\"StartupValley\",\"description\":\"Die neuesten Trends der Startup-Szene: Finanzierung, Innovationen und Erfolgsgeschichten\",\"publisher\":{\"@id\":\"https:\/\/startupvalley.news\/de\/#organization\"},\"alternateName\":\"StartupValley Magazin\",\"potentialAction\":[{\"@type\":\"SearchAction\",\"target\":{\"@type\":\"EntryPoint\",\"urlTemplate\":\"https:\/\/startupvalley.news\/de\/?s={search_term_string}\"},\"query-input\":{\"@type\":\"PropertyValueSpecification\",\"valueRequired\":true,\"valueName\":\"search_term_string\"}}],\"inLanguage\":\"de\"},{\"@type\":\"Organization\",\"@id\":\"https:\/\/startupvalley.news\/de\/#organization\",\"name\":\"StartupValley Media\",\"url\":\"https:\/\/startupvalley.news\/de\/\",\"logo\":{\"@type\":\"ImageObject\",\"inLanguage\":\"de\",\"@id\":\"https:\/\/startupvalley.news\/de\/#\/schema\/logo\/image\/\",\"url\":\"https:\/\/startupvalley.news\/de\/wp-content\/uploads\/sites\/2\/2020\/12\/StartupValley-LOGO-neu-retina.png\",\"contentUrl\":\"https:\/\/startupvalley.news\/de\/wp-content\/uploads\/sites\/2\/2020\/12\/StartupValley-LOGO-neu-retina.png\",\"width\":460,\"height\":180,\"caption\":\"StartupValley Media\"},\"image\":{\"@id\":\"https:\/\/startupvalley.news\/de\/#\/schema\/logo\/image\/\"},\"sameAs\":[\"https:\/\/www.facebook.com\/startupvalleynews\",\"https:\/\/x.com\/startup_valley\",\"https:\/\/www.twitch.tv\/startupvalley\",\"https:\/\/www.linkedin.com\/company\/startupvalleymagazine\",\"https:\/\/www.instagram.com\/startup_valley\"]},{\"@type\":\"Person\",\"@id\":\"https:\/\/startupvalley.news\/de\/#\/schema\/person\/dc9abc71daa8d949d4f257f2e9883e00\",\"name\":\"StartupValley\",\"image\":{\"@type\":\"ImageObject\",\"inLanguage\":\"de\",\"@id\":\"https:\/\/startupvalley.news\/de\/#\/schema\/person\/image\/\",\"url\":\"https:\/\/secure.gravatar.com\/avatar\/6436ca57465a88bfa716825ebdd3bc23f850aaaa3a51d16da34504822452fa3a?s=96&d=mm&r=g\",\"contentUrl\":\"https:\/\/secure.gravatar.com\/avatar\/6436ca57465a88bfa716825ebdd3bc23f850aaaa3a51d16da34504822452fa3a?s=96&d=mm&r=g\",\"caption\":\"StartupValley\"},\"description\":\"Das StartupValley Magazin ist Europas gro\u00dfes Magazin f\u00fcr Start-ups, Gr\u00fcnder und Entrepreneure. Ihr findet bei uns Tagesaktuelle News zu den neuesten Trends, Technologien und Gesch\u00e4ftsmodellen der internationalen Startup-Szene sowie Interviews mit erfolgreichen Gr\u00fcndern und Investoren.\",\"url\":\"https:\/\/startupvalley.news\/de\/author\/redaktion\/\"}]}<\/script>\n<!-- \/ Yoast SEO Premium plugin. -->","yoast_head_json":{"title":"Jasper Kolb The Makery handwerkliche kreative Workshops","description":"Jasper Kolb Gr\u00fcnder von The Makery, digitale Plattform f\u00fcr handwerkliche und kreative Workshops und und DIY-Boxen in der H\u00f6hle der L\u00f6wen","robots":{"index":"index","follow":"follow","max-snippet":"max-snippet:-1","max-image-preview":"max-image-preview:large","max-video-preview":"max-video-preview:-1"},"canonical":"https:\/\/startupvalley.news\/de\/the-makery-jasper-kolb-handwerkliche-workshops\/","og_locale":"de_DE","og_type":"article","og_title":"Kleine Erfolge feiern!","og_description":"Jasper Kolb Gr\u00fcnder von The Makery, digitale Plattform f\u00fcr handwerkliche und kreative Workshops und und DIY-Boxen in der H\u00f6hle der L\u00f6wen","og_url":"https:\/\/startupvalley.news\/de\/the-makery-jasper-kolb-handwerkliche-workshops\/","og_site_name":"StartupValley - Erfolgreich Gr\u00fcnden und durchstarten!","article_publisher":"https:\/\/www.facebook.com\/startupvalleynews","article_published_time":"2021-05-24T07:57:11+00:00","article_modified_time":"2026-04-07T11:39:30+00:00","og_image":[{"width":1200,"height":800,"url":"https:\/\/startupvalley.news\/de\/wp-content\/uploads\/sites\/2\/2021\/05\/the-makery-dhdl.jpeg","type":"image\/jpeg"}],"author":"StartupValley","twitter_card":"summary_large_image","twitter_creator":"@startup_valley","twitter_site":"@startup_valley","twitter_misc":{"Verfasst von":"StartupValley","Gesch\u00e4tzte Lesezeit":"8\u00a0Minuten"},"schema":{"@context":"https:\/\/schema.org","@graph":[{"@type":"Article","@id":"https:\/\/startupvalley.news\/de\/the-makery-jasper-kolb-handwerkliche-workshops\/#article","isPartOf":{"@id":"https:\/\/startupvalley.news\/de\/the-makery-jasper-kolb-handwerkliche-workshops\/"},"author":{"name":"StartupValley","@id":"https:\/\/startupvalley.news\/de\/#\/schema\/person\/dc9abc71daa8d949d4f257f2e9883e00"},"headline":"Kleine Erfolge feiern!","datePublished":"2021-05-24T07:57:11+00:00","dateModified":"2026-04-07T11:39:30+00:00","mainEntityOfPage":{"@id":"https:\/\/startupvalley.news\/de\/the-makery-jasper-kolb-handwerkliche-workshops\/"},"wordCount":1441,"commentCount":0,"publisher":{"@id":"https:\/\/startupvalley.news\/de\/#organization"},"image":{"@id":"https:\/\/startupvalley.news\/de\/the-makery-jasper-kolb-handwerkliche-workshops\/#primaryimage"},"thumbnailUrl":"https:\/\/startupvalley.news\/de\/wp-content\/uploads\/sites\/2\/2021\/05\/the-makery-dhdl.jpeg","keywords":["DHDL","DIY","handwerklich","H\u00f6hle der L\u00f6wen","Jasper Kolb","kreativ","The Makery","Workshop"],"articleSection":["Gr\u00fcnderTalk"],"inLanguage":"de","potentialAction":[{"@type":"CommentAction","name":"Comment","target":["https:\/\/startupvalley.news\/de\/the-makery-jasper-kolb-handwerkliche-workshops\/#respond"]}],"copyrightYear":"2021","copyrightHolder":{"@id":"https:\/\/startupvalley.news\/#organization"}},{"@type":"WebPage","@id":"https:\/\/startupvalley.news\/de\/the-makery-jasper-kolb-handwerkliche-workshops\/","url":"https:\/\/startupvalley.news\/de\/the-makery-jasper-kolb-handwerkliche-workshops\/","name":"Jasper Kolb The Makery handwerkliche kreative Workshops","isPartOf":{"@id":"https:\/\/startupvalley.news\/de\/#website"},"primaryImageOfPage":{"@id":"https:\/\/startupvalley.news\/de\/the-makery-jasper-kolb-handwerkliche-workshops\/#primaryimage"},"image":{"@id":"https:\/\/startupvalley.news\/de\/the-makery-jasper-kolb-handwerkliche-workshops\/#primaryimage"},"thumbnailUrl":"https:\/\/startupvalley.news\/de\/wp-content\/uploads\/sites\/2\/2021\/05\/the-makery-dhdl.jpeg","datePublished":"2021-05-24T07:57:11+00:00","dateModified":"2026-04-07T11:39:30+00:00","description":"Jasper Kolb Gr\u00fcnder von The Makery, digitale Plattform f\u00fcr handwerkliche und kreative Workshops und und DIY-Boxen in der H\u00f6hle der L\u00f6wen","breadcrumb":{"@id":"https:\/\/startupvalley.news\/de\/the-makery-jasper-kolb-handwerkliche-workshops\/#breadcrumb"},"inLanguage":"de","potentialAction":[{"@type":"ReadAction","target":["https:\/\/startupvalley.news\/de\/the-makery-jasper-kolb-handwerkliche-workshops\/"]}]},{"@type":"ImageObject","inLanguage":"de","@id":"https:\/\/startupvalley.news\/de\/the-makery-jasper-kolb-handwerkliche-workshops\/#primaryimage","url":"https:\/\/startupvalley.news\/de\/wp-content\/uploads\/sites\/2\/2021\/05\/the-makery-dhdl.jpeg","contentUrl":"https:\/\/startupvalley.news\/de\/wp-content\/uploads\/sites\/2\/2021\/05\/the-makery-dhdl.jpeg","width":1200,"height":800,"caption":"Jasper Kolb The Makery handwerkliche kreative Workshops H\u00f6hle der L\u00f6wen"},{"@type":"BreadcrumbList","@id":"https:\/\/startupvalley.news\/de\/the-makery-jasper-kolb-handwerkliche-workshops\/#breadcrumb","itemListElement":[{"@type":"ListItem","position":1,"name":"Home","item":"https:\/\/startupvalley.news\/de\/"},{"@type":"ListItem","position":2,"name":"Kleine Erfolge feiern!"}]},{"@type":"WebSite","@id":"https:\/\/startupvalley.news\/de\/#website","url":"https:\/\/startupvalley.news\/de\/","name":"StartupValley","description":"Die neuesten Trends der Startup-Szene: Finanzierung, Innovationen und Erfolgsgeschichten","publisher":{"@id":"https:\/\/startupvalley.news\/de\/#organization"},"alternateName":"StartupValley Magazin","potentialAction":[{"@type":"SearchAction","target":{"@type":"EntryPoint","urlTemplate":"https:\/\/startupvalley.news\/de\/?s={search_term_string}"},"query-input":{"@type":"PropertyValueSpecification","valueRequired":true,"valueName":"search_term_string"}}],"inLanguage":"de"},{"@type":"Organization","@id":"https:\/\/startupvalley.news\/de\/#organization","name":"StartupValley Media","url":"https:\/\/startupvalley.news\/de\/","logo":{"@type":"ImageObject","inLanguage":"de","@id":"https:\/\/startupvalley.news\/de\/#\/schema\/logo\/image\/","url":"https:\/\/startupvalley.news\/de\/wp-content\/uploads\/sites\/2\/2020\/12\/StartupValley-LOGO-neu-retina.png","contentUrl":"https:\/\/startupvalley.news\/de\/wp-content\/uploads\/sites\/2\/2020\/12\/StartupValley-LOGO-neu-retina.png","width":460,"height":180,"caption":"StartupValley Media"},"image":{"@id":"https:\/\/startupvalley.news\/de\/#\/schema\/logo\/image\/"},"sameAs":["https:\/\/www.facebook.com\/startupvalleynews","https:\/\/x.com\/startup_valley","https:\/\/www.twitch.tv\/startupvalley","https:\/\/www.linkedin.com\/company\/startupvalleymagazine","https:\/\/www.instagram.com\/startup_valley"]},{"@type":"Person","@id":"https:\/\/startupvalley.news\/de\/#\/schema\/person\/dc9abc71daa8d949d4f257f2e9883e00","name":"StartupValley","image":{"@type":"ImageObject","inLanguage":"de","@id":"https:\/\/startupvalley.news\/de\/#\/schema\/person\/image\/","url":"https:\/\/secure.gravatar.com\/avatar\/6436ca57465a88bfa716825ebdd3bc23f850aaaa3a51d16da34504822452fa3a?s=96&d=mm&r=g","contentUrl":"https:\/\/secure.gravatar.com\/avatar\/6436ca57465a88bfa716825ebdd3bc23f850aaaa3a51d16da34504822452fa3a?s=96&d=mm&r=g","caption":"StartupValley"},"description":"Das StartupValley Magazin ist Europas gro\u00dfes Magazin f\u00fcr Start-ups, Gr\u00fcnder und Entrepreneure. Ihr findet bei uns Tagesaktuelle News zu den neuesten Trends, Technologien und Gesch\u00e4ftsmodellen der internationalen Startup-Szene sowie Interviews mit erfolgreichen Gr\u00fcndern und Investoren.","url":"https:\/\/startupvalley.news\/de\/author\/redaktion\/"}]}},"_links":{"self":[{"href":"https:\/\/startupvalley.news\/de\/wp-json\/wp\/v2\/posts\/79169","targetHints":{"allow":["GET"]}}],"collection":[{"href":"https:\/\/startupvalley.news\/de\/wp-json\/wp\/v2\/posts"}],"about":[{"href":"https:\/\/startupvalley.news\/de\/wp-json\/wp\/v2\/types\/post"}],"author":[{"embeddable":true,"href":"https:\/\/startupvalley.news\/de\/wp-json\/wp\/v2\/users\/9"}],"replies":[{"embeddable":true,"href":"https:\/\/startupvalley.news\/de\/wp-json\/wp\/v2\/comments?post=79169"}],"version-history":[{"count":1,"href":"https:\/\/startupvalley.news\/de\/wp-json\/wp\/v2\/posts\/79169\/revisions"}],"predecessor-version":[{"id":122178,"href":"https:\/\/startupvalley.news\/de\/wp-json\/wp\/v2\/posts\/79169\/revisions\/122178"}],"wp:featuredmedia":[{"embeddable":true,"href":"https:\/\/startupvalley.news\/de\/wp-json\/wp\/v2\/media\/79170"}],"wp:attachment":[{"href":"https:\/\/startupvalley.news\/de\/wp-json\/wp\/v2\/media?parent=79169"}],"wp:term":[{"taxonomy":"category","embeddable":true,"href":"https:\/\/startupvalley.news\/de\/wp-json\/wp\/v2\/categories?post=79169"},{"taxonomy":"post_tag","embeddable":true,"href":"https:\/\/startupvalley.news\/de\/wp-json\/wp\/v2\/tags?post=79169"}],"curies":[{"name":"wp","href":"https:\/\/api.w.org\/{rel}","templated":true}]}}