{"id":85507,"date":"2022-01-17T08:27:16","date_gmt":"2022-01-17T07:27:16","guid":{"rendered":"https:\/\/www.startupvalley.news\/de\/?p=85507"},"modified":"2022-01-17T08:27:16","modified_gmt":"2022-01-17T07:27:16","slug":"framily-kinder-geschichten","status":"publish","type":"post","link":"https:\/\/startupvalley.news\/de\/framily-kinder-geschichten\/","title":{"rendered":"Holt euch motivierte Menschen mit ins Boot"},"content":{"rendered":"\n<h2 class=\"wp-block-heading\">Framily personalisierbare B\u00fccher in denen die Kinder selbst Teil der Geschichten werden<\/h2>\n\n\n\n<h4 class=\"wp-block-heading\">Stellen Sie sich und das Startup Framily doch kurz unseren Lesern vor!<\/h4>\n\n\n\n<p>Ich bin Jennifer Jones und Co-Founderin von Framily. Wir haben uns auf Vorleseb\u00fccher spezialisiert, in denen die Kinder selbst Teil der Geschichten werden. Das Besondere bei Framily ist, dass die Hauptfiguren individuell gestaltet werden k\u00f6nnen, also Namen, Charakteristika und viele andere Details personalisierbar sind. So erkennen sich die Kinder selbst wieder und nehmen eine Rolle an der Seite ihrer HeldInnen ein.&nbsp;<\/p>\n\n\n\n<h4 class=\"wp-block-heading\">Warum haben Sie sich entschlossen, ein Unternehmen zu gr\u00fcnden?<\/h4>\n\n\n\n<p>Ich habe viele Jahre als Online Marketer in der Verlagsbranche gearbeitet. Ich wusste immer, dass ich einmal ein Unternehmen gestalten will und es mein Ziel ist, die F\u00e4den selbst in der Hand zu halten.&nbsp;Durch den digitalen Aspekt von Framily wird B\u00fcchern neues Leben eingehaucht. Ich brannte von Anfang an f\u00fcr die Idee, B\u00fccher zu personalisieren und ein eher traditionelles Medium so anzupassen, dass es mit dem Trend geht.&nbsp;<\/p>\n\n\n\n<h4 class=\"wp-block-heading\">Was war bei der Gr\u00fcndung von Framily die gr\u00f6\u00dfte Herausforderung?<\/h4>\n\n\n\n<p>Die Wurzeln von Framily liegen im Oetinger Verlag und tats\u00e4chlich war es die gr\u00f6\u00dfte Herausforderung, sich davon zu trennen. Bereits 2013 wurden mit individualisierbaren Adventskalendern erste Versuche des Personalisierungs-Modells unternommen. In alteingesessenen Verlagen ist das Mindset aber einfach anders und wir haben gemerkt, dass wir autark werden m\u00fcssen, um Erfolg zu haben und uns selbst bewusst zu werden, wer wir mit Framily eigentlich sind und sein wollen. 2016 sind wir dann als eigene GmbH ausgegr\u00fcndet worden. Der Weg dorthin war nicht immer einfach, aber im Nachhinein sehe ich, dass es sich gelohnt hat.<\/p>\n\n\n\n<h4 class=\"wp-block-heading\">Kann man mit einer Idee starten, wenn noch nicht alles perfekt ist?<\/h4>\n\n\n\n<p>Ja, unter ein paar Voraussetzungen. Ich glaube, das Wichtigste ist nicht Perfektion, sondern Leidenschaft. Wer f\u00fcr ein Projekt brennt und den Willen und das Ziel hat, die bestehende Grundlage weiter auszuarbeiten und zu optimieren, wird auch Erfolg haben. Eine gut durchdachte Basis ist aber eben trotzdem essenziell.<\/p>\n\n\n\n<h4 class=\"wp-block-heading\">Welche Vision steckt hinter&nbsp;Framily?<\/h4>\n\n\n\n<p>Wir wollen, dass jedem Kind vermittelt wird, dass es etwas ganz Besonderes ist. Und das eben genau so, wie es ist. In unseren B\u00fcchern nehmen sie selbst eine Rolle ein und erleben Geschichten an der Seite ihrer HeldInnen. So wird das Gef\u00fchl gest\u00e4rkt, dass Kinder sie selbst sein d\u00fcrfen. Unser Ziel ist es einfach, das Vorlesen zu einem einzigartigen Erlebnis machen, Kindern ein L\u00e4cheln ins Gesicht zu zaubern und ihr Selbstbewusstsein zu st\u00e4rken.<\/p>\n\n\n\n<h4 class=\"wp-block-heading\">Wer ist die Zielgruppe von Framily?<\/h4>\n\n\n\n<p>Unser Fokus sind nat\u00fcrlich die Kinder. Unsere B\u00fccher sind vor allem f\u00fcr die Altersgruppe zwischen 0 und 6 Jahren gedacht. Sie zum Vorlesen konzipiert und nicht prim\u00e4r zum Selbstlesen. Daher geh\u00f6ren alldiejenigen, die die B\u00fccher mit ihren Kleinen lesen, genauso zu unserer Zielgruppe. Also Eltern, Gro\u00dfeltern, Tanten und Onkel, Paten, gro\u00dfe Geschwister, etc. Einfach alle Personen aus dem Familien- und Freundeskreis, die auf der Suche nach einem besonderen Geschenk f\u00fcr die Kleinen sind.<\/p>\n\n\n\n<h4 class=\"wp-block-heading\">Wie funktioniert Framily?<\/h4>\n\n\n\n<p>Framily ist ein e-Commerce-Unternehmen, das hei\u00dft, dass alles \u00fcber unsere Website l\u00e4uft. Wir haben insgesamt 54 B\u00fccher, darunter \u00fcber 25 bekannte Lizenzen wie Janosch, Bibi &amp; Tina, Die Eisk\u00f6nigin, PAW Patrol, uvm. Wer sich f\u00fcr eines unserer Produkte entschieden hat, kann auch schon direkt mit der Personalisierung starten. Daf\u00fcr wird Schritt f\u00fcr Schritt durch die einzelnen Merkmale und Charakteristika gef\u00fchrt, die individuell an das Kind angepasst werden k\u00f6nnen. Je nach Produkt k\u00f6nnen neben dem Namen und dem Geschlecht auch Haar-, Augen- und Hautfarbe, Frisur, Kleidung und Pers\u00f6nlichkeitseigenschaften angepasst werden. <\/p>\n\n\n\n<p>Aber auch Namen von Familienmitgliedern oder Freunden, Lieblingsessen, Details \u00fcber den Alltag des Kindes und es k\u00f6nnen auch eigene Fotos hochgeladen werden. Dazu k\u00f6nnen immer auch eigene Botschaften und Widmungen verfasst werden, in unserem Briefbuch wird sogar ein echter Brief mit der personalisierten Botschaft an das Kind eingeklebt. Danach geht das Buch in den Druck und kommt schon 5 bis 7 Tage nach der Bestellung an.<\/p>\n\n\n\n<h4 class=\"wp-block-heading\">Framily, wo geht der Weg hin? Wo sehen Sie sich in f\u00fcnf Jahren?<\/h4>\n\n\n\n<p>Mittlerweile sind wir mit Framily in 9 L\u00e4ndern vertreten. Unser Ziel ist es, das Gesch\u00e4ft auch in Zukunft immer st\u00e4rker auszuweiten und weiter zu expandieren. Aber auch in den bereits bestehenden L\u00e4ndern soll kein Stillstand herrschen: Unseren internationalen Vertrieb wollen wir in den jeweiligen L\u00e4ndern unabh\u00e4ngiger gestalten, da aktuell noch alles \u00fcber Deutschland l\u00e4uft. Ein weiteres Ziel ist es nat\u00fcrlich, auch unser Angebot stetig zu erweitern und weitere Lizenzen zu erwerben. Zudem sollen die Personalisierungsm\u00f6glichkeiten weiter ausgebaut werden, um unsere B\u00fccher langfristig so divers und inklusiv wie m\u00f6glich zu gestalten.&nbsp;<\/p>\n\n\n\n<h4 class=\"wp-block-heading\">Zum Schluss: Welche 3 Tipps w\u00fcrden Sie angehenden Gr\u00fcnderinnen mit auf den Weg geben?<\/h4>\n\n\n\n<p>Findet ein Projekt, f\u00fcr das ihr wirklich brennt und von dem ihr vollkommen \u00fcberzeugt seid.<\/p>\n\n\n\n<p>Holt euch talentierte und motivierte Menschen mit ins Boot und scheut euch nicht davor, andere um Hilfe oder um Rat zu fragen.<\/p>\n\n\n\n<p>Bleibt dran und lasst euch von H\u00fcrden und R\u00fcckschl\u00e4gen nicht einsch\u00fcchtern! Es ist normal, dass nicht alles ab Minute 1 perfekt klappt.<\/p>\n\n\n\n<p>Wir bedanken uns bei Jennifer Jones f\u00fcr das Interview<\/p>\n\n\n\n<p>Aussagen des Autors und des Interviewpartners geben nicht unbedingt die Meinung der Redaktion und des Verlags wieder<\/p>\n","protected":false},"excerpt":{"rendered":"<p>Framily personalisierbare B\u00fccher in denen die Kinder Teil der Geschichten werden-  Illustrationen k\u00f6nnen mit individuell eigenen Fotos kombiniert werden<\/p>\n","protected":false},"author":1,"featured_media":85508,"comment_status":"open","ping_status":"closed","sticky":false,"template":"","format":"standard","meta":{"_acf_changed":false,"footnotes":""},"categories":[6430,4],"tags":[4633,17699,5840,4743,17700],"class_list":{"0":"post-85507","1":"post","2":"type-post","3":"status-publish","4":"format-standard","5":"has-post-thumbnail","7":"category-female-founders","8":"category-gruendertalk","9":"tag-buecher","10":"tag-framily","11":"tag-geschichten","12":"tag-kinderbuecher","13":"tag-vorlesebuecher"},"acf":[],"yoast_head":"<!-- This site is optimized with the Yoast SEO Premium plugin v26.7 (Yoast SEO v26.7) - https:\/\/yoast.com\/wordpress\/plugins\/seo\/ -->\n<title>Framily personalisierbare B\u00fccher Kinder werden Teil der Geschichten<\/title>\n<meta name=\"description\" content=\"Framily personalisierbare B\u00fccher in denen die Kinder Teil der Geschichten werden- Illustrationen k\u00f6nnen mit individuell eigenen Fotos kombiniert werden\" \/>\n<meta name=\"robots\" content=\"index, follow, max-snippet:-1, max-image-preview:large, max-video-preview:-1\" \/>\n<link rel=\"canonical\" href=\"https:\/\/startupvalley.news\/de\/framily-kinder-geschichten\/\" \/>\n<meta property=\"og:locale\" content=\"de_DE\" \/>\n<meta property=\"og:type\" content=\"article\" \/>\n<meta property=\"og:title\" content=\"Holt euch motivierte Menschen mit ins Boot\" \/>\n<meta property=\"og:description\" content=\"Framily personalisierbare B\u00fccher in denen die Kinder Teil der Geschichten werden- Illustrationen k\u00f6nnen mit individuell eigenen Fotos kombiniert werden\" \/>\n<meta property=\"og:url\" content=\"https:\/\/startupvalley.news\/de\/framily-kinder-geschichten\/\" \/>\n<meta property=\"og:site_name\" content=\"StartupValley - Erfolgreich Gr\u00fcnden und durchstarten!\" \/>\n<meta property=\"article:publisher\" content=\"https:\/\/www.facebook.com\/startupvalleynews\" \/>\n<meta property=\"article:published_time\" content=\"2022-01-17T07:27:16+00:00\" \/>\n<meta property=\"og:image\" content=\"https:\/\/startupvalley.news\/de\/wp-content\/uploads\/sites\/2\/2022\/01\/Framily.jpg\" \/>\n\t<meta property=\"og:image:width\" content=\"1200\" \/>\n\t<meta property=\"og:image:height\" content=\"688\" \/>\n\t<meta property=\"og:image:type\" content=\"image\/jpeg\" \/>\n<meta name=\"author\" content=\"Quepatagra\" \/>\n<meta name=\"twitter:card\" content=\"summary_large_image\" \/>\n<meta name=\"twitter:creator\" content=\"@startup_valley\" \/>\n<meta name=\"twitter:site\" content=\"@startup_valley\" \/>\n<meta name=\"twitter:label1\" content=\"Verfasst von\" \/>\n\t<meta name=\"twitter:data1\" content=\"Quepatagra\" \/>\n\t<meta name=\"twitter:label2\" content=\"Gesch\u00e4tzte Lesezeit\" \/>\n\t<meta name=\"twitter:data2\" content=\"4\u00a0Minuten\" \/>\n<script type=\"application\/ld+json\" class=\"yoast-schema-graph\">{\"@context\":\"https:\/\/schema.org\",\"@graph\":[{\"@type\":\"Article\",\"@id\":\"https:\/\/startupvalley.news\/de\/framily-kinder-geschichten\/#article\",\"isPartOf\":{\"@id\":\"https:\/\/startupvalley.news\/de\/framily-kinder-geschichten\/\"},\"author\":{\"name\":\"Quepatagra\",\"@id\":\"https:\/\/startupvalley.news\/de\/#\/schema\/person\/a3e5761b960e16f2555479f2a17b2d08\"},\"headline\":\"Holt euch motivierte Menschen mit ins Boot\",\"datePublished\":\"2022-01-17T07:27:16+00:00\",\"mainEntityOfPage\":{\"@id\":\"https:\/\/startupvalley.news\/de\/framily-kinder-geschichten\/\"},\"wordCount\":906,\"commentCount\":0,\"publisher\":{\"@id\":\"https:\/\/startupvalley.news\/de\/#organization\"},\"image\":{\"@id\":\"https:\/\/startupvalley.news\/de\/framily-kinder-geschichten\/#primaryimage\"},\"thumbnailUrl\":\"https:\/\/startupvalley.news\/de\/wp-content\/uploads\/sites\/2\/2022\/01\/Framily.jpg\",\"keywords\":[\"B\u00fccher\",\"Framily\",\"Geschichten\",\"Kinderb\u00fccher\",\"Vorleseb\u00fccher\"],\"articleSection\":[\"Female Founders\",\"Gr\u00fcnderTalk\"],\"inLanguage\":\"de\",\"potentialAction\":[{\"@type\":\"CommentAction\",\"name\":\"Comment\",\"target\":[\"https:\/\/startupvalley.news\/de\/framily-kinder-geschichten\/#respond\"]}],\"copyrightYear\":\"2022\",\"copyrightHolder\":{\"@id\":\"https:\/\/startupvalley.news\/#organization\"}},{\"@type\":\"WebPage\",\"@id\":\"https:\/\/startupvalley.news\/de\/framily-kinder-geschichten\/\",\"url\":\"https:\/\/startupvalley.news\/de\/framily-kinder-geschichten\/\",\"name\":\"Framily personalisierbare B\u00fccher Kinder werden Teil der Geschichten\",\"isPartOf\":{\"@id\":\"https:\/\/startupvalley.news\/de\/#website\"},\"primaryImageOfPage\":{\"@id\":\"https:\/\/startupvalley.news\/de\/framily-kinder-geschichten\/#primaryimage\"},\"image\":{\"@id\":\"https:\/\/startupvalley.news\/de\/framily-kinder-geschichten\/#primaryimage\"},\"thumbnailUrl\":\"https:\/\/startupvalley.news\/de\/wp-content\/uploads\/sites\/2\/2022\/01\/Framily.jpg\",\"datePublished\":\"2022-01-17T07:27:16+00:00\",\"description\":\"Framily personalisierbare B\u00fccher in denen die Kinder Teil der Geschichten werden- Illustrationen k\u00f6nnen mit individuell eigenen Fotos kombiniert werden\",\"breadcrumb\":{\"@id\":\"https:\/\/startupvalley.news\/de\/framily-kinder-geschichten\/#breadcrumb\"},\"inLanguage\":\"de\",\"potentialAction\":[{\"@type\":\"ReadAction\",\"target\":[\"https:\/\/startupvalley.news\/de\/framily-kinder-geschichten\/\"]}]},{\"@type\":\"ImageObject\",\"inLanguage\":\"de\",\"@id\":\"https:\/\/startupvalley.news\/de\/framily-kinder-geschichten\/#primaryimage\",\"url\":\"https:\/\/startupvalley.news\/de\/wp-content\/uploads\/sites\/2\/2022\/01\/Framily.jpg\",\"contentUrl\":\"https:\/\/startupvalley.news\/de\/wp-content\/uploads\/sites\/2\/2022\/01\/Framily.jpg\",\"width\":1200,\"height\":688,\"caption\":\"Framily personalisierbare B\u00fccher Kinder werden Teil der Geschichten\"},{\"@type\":\"BreadcrumbList\",\"@id\":\"https:\/\/startupvalley.news\/de\/framily-kinder-geschichten\/#breadcrumb\",\"itemListElement\":[{\"@type\":\"ListItem\",\"position\":1,\"name\":\"Home\",\"item\":\"https:\/\/startupvalley.news\/de\/\"},{\"@type\":\"ListItem\",\"position\":2,\"name\":\"Holt euch motivierte Menschen mit ins Boot\"}]},{\"@type\":\"WebSite\",\"@id\":\"https:\/\/startupvalley.news\/de\/#website\",\"url\":\"https:\/\/startupvalley.news\/de\/\",\"name\":\"StartupValley\",\"description\":\"Die neuesten Trends der Startup-Szene: Finanzierung, Innovationen und Erfolgsgeschichten\",\"publisher\":{\"@id\":\"https:\/\/startupvalley.news\/de\/#organization\"},\"alternateName\":\"StartupValley Magazin\",\"potentialAction\":[{\"@type\":\"SearchAction\",\"target\":{\"@type\":\"EntryPoint\",\"urlTemplate\":\"https:\/\/startupvalley.news\/de\/?s={search_term_string}\"},\"query-input\":{\"@type\":\"PropertyValueSpecification\",\"valueRequired\":true,\"valueName\":\"search_term_string\"}}],\"inLanguage\":\"de\"},{\"@type\":\"Organization\",\"@id\":\"https:\/\/startupvalley.news\/de\/#organization\",\"name\":\"StartupValley Media\",\"url\":\"https:\/\/startupvalley.news\/de\/\",\"logo\":{\"@type\":\"ImageObject\",\"inLanguage\":\"de\",\"@id\":\"https:\/\/startupvalley.news\/de\/#\/schema\/logo\/image\/\",\"url\":\"https:\/\/startupvalley.news\/de\/wp-content\/uploads\/sites\/2\/2020\/12\/StartupValley-LOGO-neu-retina.png\",\"contentUrl\":\"https:\/\/startupvalley.news\/de\/wp-content\/uploads\/sites\/2\/2020\/12\/StartupValley-LOGO-neu-retina.png\",\"width\":460,\"height\":180,\"caption\":\"StartupValley Media\"},\"image\":{\"@id\":\"https:\/\/startupvalley.news\/de\/#\/schema\/logo\/image\/\"},\"sameAs\":[\"https:\/\/www.facebook.com\/startupvalleynews\",\"https:\/\/x.com\/startup_valley\",\"https:\/\/www.twitch.tv\/startupvalley\",\"https:\/\/www.linkedin.com\/company\/startupvalleymagazine\",\"https:\/\/www.instagram.com\/startup_valley\"]},{\"@type\":\"Person\",\"@id\":\"https:\/\/startupvalley.news\/de\/#\/schema\/person\/a3e5761b960e16f2555479f2a17b2d08\",\"name\":\"Quepatagra\",\"image\":{\"@type\":\"ImageObject\",\"inLanguage\":\"de\",\"@id\":\"https:\/\/startupvalley.news\/de\/#\/schema\/person\/image\/\",\"url\":\"https:\/\/secure.gravatar.com\/avatar\/1d0baedffb6b492e22ddbbbcc167ae3d18480c5fa7c22bb611a0ab5943a876df?s=96&d=mm&r=g\",\"contentUrl\":\"https:\/\/secure.gravatar.com\/avatar\/1d0baedffb6b492e22ddbbbcc167ae3d18480c5fa7c22bb611a0ab5943a876df?s=96&d=mm&r=g\",\"caption\":\"Quepatagra\"},\"sameAs\":[\"https:\/\/startupvalley.news\"],\"url\":\"https:\/\/startupvalley.news\/de\/author\/quepatagra\/\"}]}<\/script>\n<!-- \/ Yoast SEO Premium plugin. -->","yoast_head_json":{"title":"Framily personalisierbare B\u00fccher Kinder werden Teil der Geschichten","description":"Framily personalisierbare B\u00fccher in denen die Kinder Teil der Geschichten werden- Illustrationen k\u00f6nnen mit individuell eigenen Fotos kombiniert werden","robots":{"index":"index","follow":"follow","max-snippet":"max-snippet:-1","max-image-preview":"max-image-preview:large","max-video-preview":"max-video-preview:-1"},"canonical":"https:\/\/startupvalley.news\/de\/framily-kinder-geschichten\/","og_locale":"de_DE","og_type":"article","og_title":"Holt euch motivierte Menschen mit ins Boot","og_description":"Framily personalisierbare B\u00fccher in denen die Kinder Teil der Geschichten werden- Illustrationen k\u00f6nnen mit individuell eigenen Fotos kombiniert werden","og_url":"https:\/\/startupvalley.news\/de\/framily-kinder-geschichten\/","og_site_name":"StartupValley - Erfolgreich Gr\u00fcnden und durchstarten!","article_publisher":"https:\/\/www.facebook.com\/startupvalleynews","article_published_time":"2022-01-17T07:27:16+00:00","og_image":[{"width":1200,"height":688,"url":"https:\/\/startupvalley.news\/de\/wp-content\/uploads\/sites\/2\/2022\/01\/Framily.jpg","type":"image\/jpeg"}],"author":"Quepatagra","twitter_card":"summary_large_image","twitter_creator":"@startup_valley","twitter_site":"@startup_valley","twitter_misc":{"Verfasst von":"Quepatagra","Gesch\u00e4tzte Lesezeit":"4\u00a0Minuten"},"schema":{"@context":"https:\/\/schema.org","@graph":[{"@type":"Article","@id":"https:\/\/startupvalley.news\/de\/framily-kinder-geschichten\/#article","isPartOf":{"@id":"https:\/\/startupvalley.news\/de\/framily-kinder-geschichten\/"},"author":{"name":"Quepatagra","@id":"https:\/\/startupvalley.news\/de\/#\/schema\/person\/a3e5761b960e16f2555479f2a17b2d08"},"headline":"Holt euch motivierte Menschen mit ins Boot","datePublished":"2022-01-17T07:27:16+00:00","mainEntityOfPage":{"@id":"https:\/\/startupvalley.news\/de\/framily-kinder-geschichten\/"},"wordCount":906,"commentCount":0,"publisher":{"@id":"https:\/\/startupvalley.news\/de\/#organization"},"image":{"@id":"https:\/\/startupvalley.news\/de\/framily-kinder-geschichten\/#primaryimage"},"thumbnailUrl":"https:\/\/startupvalley.news\/de\/wp-content\/uploads\/sites\/2\/2022\/01\/Framily.jpg","keywords":["B\u00fccher","Framily","Geschichten","Kinderb\u00fccher","Vorleseb\u00fccher"],"articleSection":["Female Founders","Gr\u00fcnderTalk"],"inLanguage":"de","potentialAction":[{"@type":"CommentAction","name":"Comment","target":["https:\/\/startupvalley.news\/de\/framily-kinder-geschichten\/#respond"]}],"copyrightYear":"2022","copyrightHolder":{"@id":"https:\/\/startupvalley.news\/#organization"}},{"@type":"WebPage","@id":"https:\/\/startupvalley.news\/de\/framily-kinder-geschichten\/","url":"https:\/\/startupvalley.news\/de\/framily-kinder-geschichten\/","name":"Framily personalisierbare B\u00fccher Kinder werden Teil der Geschichten","isPartOf":{"@id":"https:\/\/startupvalley.news\/de\/#website"},"primaryImageOfPage":{"@id":"https:\/\/startupvalley.news\/de\/framily-kinder-geschichten\/#primaryimage"},"image":{"@id":"https:\/\/startupvalley.news\/de\/framily-kinder-geschichten\/#primaryimage"},"thumbnailUrl":"https:\/\/startupvalley.news\/de\/wp-content\/uploads\/sites\/2\/2022\/01\/Framily.jpg","datePublished":"2022-01-17T07:27:16+00:00","description":"Framily personalisierbare B\u00fccher in denen die Kinder Teil der Geschichten werden- Illustrationen k\u00f6nnen mit individuell eigenen Fotos kombiniert werden","breadcrumb":{"@id":"https:\/\/startupvalley.news\/de\/framily-kinder-geschichten\/#breadcrumb"},"inLanguage":"de","potentialAction":[{"@type":"ReadAction","target":["https:\/\/startupvalley.news\/de\/framily-kinder-geschichten\/"]}]},{"@type":"ImageObject","inLanguage":"de","@id":"https:\/\/startupvalley.news\/de\/framily-kinder-geschichten\/#primaryimage","url":"https:\/\/startupvalley.news\/de\/wp-content\/uploads\/sites\/2\/2022\/01\/Framily.jpg","contentUrl":"https:\/\/startupvalley.news\/de\/wp-content\/uploads\/sites\/2\/2022\/01\/Framily.jpg","width":1200,"height":688,"caption":"Framily personalisierbare B\u00fccher Kinder werden Teil der Geschichten"},{"@type":"BreadcrumbList","@id":"https:\/\/startupvalley.news\/de\/framily-kinder-geschichten\/#breadcrumb","itemListElement":[{"@type":"ListItem","position":1,"name":"Home","item":"https:\/\/startupvalley.news\/de\/"},{"@type":"ListItem","position":2,"name":"Holt euch motivierte Menschen mit ins Boot"}]},{"@type":"WebSite","@id":"https:\/\/startupvalley.news\/de\/#website","url":"https:\/\/startupvalley.news\/de\/","name":"StartupValley","description":"Die neuesten Trends der Startup-Szene: Finanzierung, Innovationen und Erfolgsgeschichten","publisher":{"@id":"https:\/\/startupvalley.news\/de\/#organization"},"alternateName":"StartupValley Magazin","potentialAction":[{"@type":"SearchAction","target":{"@type":"EntryPoint","urlTemplate":"https:\/\/startupvalley.news\/de\/?s={search_term_string}"},"query-input":{"@type":"PropertyValueSpecification","valueRequired":true,"valueName":"search_term_string"}}],"inLanguage":"de"},{"@type":"Organization","@id":"https:\/\/startupvalley.news\/de\/#organization","name":"StartupValley Media","url":"https:\/\/startupvalley.news\/de\/","logo":{"@type":"ImageObject","inLanguage":"de","@id":"https:\/\/startupvalley.news\/de\/#\/schema\/logo\/image\/","url":"https:\/\/startupvalley.news\/de\/wp-content\/uploads\/sites\/2\/2020\/12\/StartupValley-LOGO-neu-retina.png","contentUrl":"https:\/\/startupvalley.news\/de\/wp-content\/uploads\/sites\/2\/2020\/12\/StartupValley-LOGO-neu-retina.png","width":460,"height":180,"caption":"StartupValley Media"},"image":{"@id":"https:\/\/startupvalley.news\/de\/#\/schema\/logo\/image\/"},"sameAs":["https:\/\/www.facebook.com\/startupvalleynews","https:\/\/x.com\/startup_valley","https:\/\/www.twitch.tv\/startupvalley","https:\/\/www.linkedin.com\/company\/startupvalleymagazine","https:\/\/www.instagram.com\/startup_valley"]},{"@type":"Person","@id":"https:\/\/startupvalley.news\/de\/#\/schema\/person\/a3e5761b960e16f2555479f2a17b2d08","name":"Quepatagra","image":{"@type":"ImageObject","inLanguage":"de","@id":"https:\/\/startupvalley.news\/de\/#\/schema\/person\/image\/","url":"https:\/\/secure.gravatar.com\/avatar\/1d0baedffb6b492e22ddbbbcc167ae3d18480c5fa7c22bb611a0ab5943a876df?s=96&d=mm&r=g","contentUrl":"https:\/\/secure.gravatar.com\/avatar\/1d0baedffb6b492e22ddbbbcc167ae3d18480c5fa7c22bb611a0ab5943a876df?s=96&d=mm&r=g","caption":"Quepatagra"},"sameAs":["https:\/\/startupvalley.news"],"url":"https:\/\/startupvalley.news\/de\/author\/quepatagra\/"}]}},"_links":{"self":[{"href":"https:\/\/startupvalley.news\/de\/wp-json\/wp\/v2\/posts\/85507","targetHints":{"allow":["GET"]}}],"collection":[{"href":"https:\/\/startupvalley.news\/de\/wp-json\/wp\/v2\/posts"}],"about":[{"href":"https:\/\/startupvalley.news\/de\/wp-json\/wp\/v2\/types\/post"}],"author":[{"embeddable":true,"href":"https:\/\/startupvalley.news\/de\/wp-json\/wp\/v2\/users\/1"}],"replies":[{"embeddable":true,"href":"https:\/\/startupvalley.news\/de\/wp-json\/wp\/v2\/comments?post=85507"}],"version-history":[{"count":0,"href":"https:\/\/startupvalley.news\/de\/wp-json\/wp\/v2\/posts\/85507\/revisions"}],"wp:featuredmedia":[{"embeddable":true,"href":"https:\/\/startupvalley.news\/de\/wp-json\/wp\/v2\/media\/85508"}],"wp:attachment":[{"href":"https:\/\/startupvalley.news\/de\/wp-json\/wp\/v2\/media?parent=85507"}],"wp:term":[{"taxonomy":"category","embeddable":true,"href":"https:\/\/startupvalley.news\/de\/wp-json\/wp\/v2\/categories?post=85507"},{"taxonomy":"post_tag","embeddable":true,"href":"https:\/\/startupvalley.news\/de\/wp-json\/wp\/v2\/tags?post=85507"}],"curies":[{"name":"wp","href":"https:\/\/api.w.org\/{rel}","templated":true}]}}