{"id":90771,"date":"2022-08-26T09:51:25","date_gmt":"2022-08-26T07:51:25","guid":{"rendered":"https:\/\/www.startupvalley.news\/de\/?p=90771"},"modified":"2025-04-04T08:13:48","modified_gmt":"2025-04-04T06:13:48","slug":"der-fredel","status":"publish","type":"post","link":"https:\/\/startupvalley.news\/de\/der-fredel\/","title":{"rendered":"\u00c4rmel hochkrempeln und einen guten Business Plan schreiben"},"content":{"rendered":"\n<h2 class=\"wp-block-heading\">Der Fredel Pesto und Kr\u00e4uterso\u00dfen nur frische Zutaten wie z.B. Bio-Oliven\u00f6l, Parmesan und Pinienkerne<\/h2>\n\n\n\n<h4 class=\"wp-block-heading\">Stellen Sie sich und das Startup Der Fredel doch kurz unseren Lesern vor!<\/h4>\n\n\n\n<p>Hallo! Ich hei\u00dfe Jamie Eckermann und bin der Gr\u00fcnder von \u201eDer Fredel \u2013 frisch und edel\u201c. Mit meinem Pesto und Kr\u00e4uterso\u00dfen in neuer tiefgek\u00fchlter Form m\u00f6chte ich meine Kunden f\u00fcr das begeistern, was auch mir am Herzen liegt: Qualit\u00e4t und Frische!&nbsp;<\/p>\n\n\n\n<p>Als gelernter K\u00fcchenmeister war gutes Essen schon immer ein wichtiger Teil in meinem Leben. Ist es doch der Schl\u00fcssel, um Menschen zusammen an den Tisch zu bringen. Frei nach dem Motto \u201eDu bist was du isst\u201c m\u00f6chte ich mit meinen Produkten wieder mehr Genuss, mehr Geschmack und Nat\u00fcrlichkeit auf den Teller bringen.&nbsp;<\/p>\n\n\n\n<p>Und wer k\u00f6nnte die Produkte besser verk\u00f6rpern als der sympathische Pinguin \u201eDer Fredel\u201c? Kommt er doch aus der K\u00e4lte, isst gerne, immer schick angezogen und sein Name ist Programm: die Kombination aus den W\u00f6rtern \u201eFRisch\u201c &amp; \u201eEDEL\u201c.<\/p>\n\n\n\n<h4 class=\"wp-block-heading\">Warum haben Sie sich entschieden, ein Unternehmen zu gr\u00fcnden?<\/h4>\n\n\n\n<p>Mitte 2020 habe ich pers\u00f6nlich, wie so viele, einen Branchenwechsel machen m\u00fcssen. Bei einem Bio-Einzelh\u00e4ndler in M\u00fcnchen untergekommen, habe ich mich schnell gefragt, warum es noch kein tiefgek\u00fchltes Pesto im Handel gibt.&nbsp;<\/p>\n\n\n\n<p>Eigentlich logisch: wie macht man etwas so Sensibles wie Kr\u00e4uter l\u00e4nger haltbar? Und warum sind die meisten bekannten Marken so voll mit Billig\u00f6l, sinnlosen F\u00fcllstoffen oder S\u00e4uerungsmitteln? Dank meiner Erfahrung in der gehobenen Gastronomie wusste ich, dass es auch anders geht.&nbsp;<\/p>\n\n\n\n<p>Also ran ans Werk! Mit viel Unterst\u00fctzung aus dem Netzwerk, Experten und dem Freundeskreis kristallisierte sich immer mehr heraus, dass die Idee ein echtes Potenzial hat. Die eigentliche Gr\u00fcndung war dann nur Formsache. Nat\u00fcrlich ein tolles Gef\u00fchl, so etwas wachsen zu sehen und zu gestalten.<\/p>\n\n\n\n<h4 class=\"wp-block-heading\">Welche Vision steckt hinter Der Fredel?<\/h4>\n\n\n\n<p>Wir brauchen alle mehr \u201eLebens\u201c &#8211; mittel! Viele innovative StartUp\u2019s machen es ja schon vor. Weg von den totoptimierten Produkten, die uns eine Handvoll Firmen servieren, hin zu mehr Nat\u00fcrlichkeit, Transparenz und Frische. Und genau das ist das Ziel: Menschen begeistern mit einfach gutem Essen. Ein Teil dieser Bewegung zu sein bedeutet mir viel.<\/p>\n\n\n\n<h4 class=\"wp-block-heading\">Von der Idee bis zum Start: was waren bis jetzt die gr\u00f6\u00dften Herausforderungen, und wie haben Sie sich finanziert?<\/h4>\n\n\n\n<p>Sobald man gewohntes Terrain verl\u00e4sst und sich ganz neuen Fragestellungen \u00f6ffnet, passieren nat\u00fcrlich auch Fehler. An genau diesen dann zu wachsen, sehe ich als Herausforderung.&nbsp;<\/p>\n\n\n\n<p>Als StartUp mit kleinem Budget war die Finanzierung das gr\u00f6\u00dfte Problem, um den Traum zur Wirklichkeit werden zu lassen. Eine Absage zweier Banken zu bekommen ist dann nicht gerade ermutigend. Gl\u00fccklicherweise ergeben sich dann oft auch andere M\u00f6glichkeiten, in meinem Fall ein Business Angel, die mich seitdem in Vielem unterst\u00fctzt.&nbsp;<\/p>\n\n\n\n<h4 class=\"wp-block-heading\">Wer ist die Zielgruppe von Der Fredel?<\/h4>\n\n\n\n<p>Wer mag ihn nicht, den Fredel? Kinder werden nach ihm fragen! Die Eltern werden nach ihm Ausschau halten. Der Single ohne gro\u00dfe K\u00fcche, der Business-Typ mit wenig Zeit. Auch der Vegetarier, der Grillmeister, der Ern\u00e4hrungsbewusste&#8230; Der Fredel ist f\u00fcr alle da, die neugierig sind, Qualit\u00e4t sch\u00e4tzen, praktisch denken, Vorrat halten und sich auch mal etwas Gutes g\u00f6nnen.&nbsp;<\/p>\n\n\n\n<h4 class=\"wp-block-heading\">Was ist das Besondere an den Produkten? Wo liegen die Vorteile? Was unterscheidet Sie von anderen Anbietern?<\/h4>\n\n\n\n<p>Besonders ist der technologische Vorteil des Schockfrostens. Alle Fredel-Produkte werden so schnell eingefroren, um den Geschmack und die Inhaltsstoffe der sensiblen Zutaten f\u00fcr den Verbraucher zu erhalten. Und da nur ausgesuchte frische Zutaten wie z.B. Bio-Oliven\u00f6lH, Parmesan &amp; Pinienkerne zum Einsatz kommen, sind die gefrorenen So\u00dfen eine wahre Geschmacksbombe. Also clean, nichts drin, was ihr zuhause nicht auch verwenden w\u00fcrdet.<\/p>\n\n\n\n<p>Damit das Ganze auch noch praktisch ist, sind die So\u00dfen in Talerform mit Sollbruchstelle versehen, perfekt f\u00fcr zwei leckere Mahlzeiten. Vorbei die Zeiten, wo halbe Gl\u00e4ser im K\u00fchlschrank schimmeln. Und die Fredel-Taler passen wirklich noch in jedes volle Gefrierfach. Einfach rausnehmen, unter die hei\u00dfen Nudeln ziehen und fertig \u2013 es geht genauso schnell, wie herk\u00f6mmliche Gl\u00e4serprodukte auch. Und dank des geringeren \u00d6lanteils auch noch mit viel weniger Kalorien oder V\u00f6llegef\u00fchl!&nbsp;<\/p>\n\n\n\n<h4 class=\"wp-block-heading\">Der Fredel, wo geht der Weg hin? Wo sehen Sie sich in f\u00fcnf Jahren?<\/h4>\n\n\n\n<p>Mit momentan 6 verschiedenen Geschmacksrichtungen im Sortiment ist sp\u00e4ter nat\u00fcrlich noch Luft nach oben.&nbsp; Allzu viel m\u00f6chte ich an dieser Stelle nicht verraten, nur: ich sehe noch einige Lebensmittel im Trockenbereich, die viel besser an anderer Stelle aufgehoben w\u00e4ren. Komplette Fertiggerichte oder Kochboxen kann ich mir zwar vorstellen, empfinde das aber pers\u00f6nlich als Kreativit\u00e4tsbremse.<\/p>\n\n\n\n<p>Gemeinsam im Team w\u00fcnsche ich mir, dass \u201eDer Fredel\u201c sich in den n\u00e4chsten Jahren weiterentwickelt und eine gefragte Qualit\u00e4tsmarke im Tiefk\u00fchlbereich wird.&nbsp;<\/p>\n\n\n\n<h4 class=\"wp-block-heading\">Zum Schluss: Welche 3 Tipps w\u00fcrden Sie angehenden Gr\u00fcndern mit auf den Weg geben?<\/h4>\n\n\n\n<p>Mit universellen Ratschl\u00e4gen tue ich mich schwer, und ich m\u00f6chte an dieser Stelle nur aus pers\u00f6nlicher Entscheidungsfindung berichten. Zu irgendeinem Zeitpunkt habe ich angefangen, mir selbst Fragen zu stellen. Frage 1: Was kann ich? 2: Was m\u00f6chte ich? 3: Was liegt in meiner Macht? 4: Bin ich bereit, andere Dinge hinten anzustellen oder zu opfern? 5: Ist die Idee umsetzbar?&nbsp;<\/p>\n\n\n\n<p>Wenn man das mal erledigt, kann man anschlie\u00dfend die \u00c4rmel hochkrempeln und einen guten Business Plan schreiben. Und dieser ist dann auch nur eine Momentaufnahme und entwickelt sich st\u00e4ndig weiter. Auf geht\u2019s!<\/p>\n\n\n\n<p>Wir bedanken uns bei Jamie Eckermann f\u00fcr das Interview<\/p>\n\n\n\n<p>Aussagen des Autors und des Interviewpartners geben nicht unbedingt die Meinung der Redaktion und des Verlags wieder<\/p>\n","protected":false},"excerpt":{"rendered":"<p>Der Fredel Pesto und Kr\u00e4uterso\u00dfen nur frische Zutaten wie z.B. Bio-Oliven\u00f6l, Parmesan und Pinienkerne in tiefgek\u00fchlter Form<\/p>\n","protected":false},"author":9,"featured_media":90772,"comment_status":"open","ping_status":"closed","sticky":false,"template":"","format":"standard","meta":{"_acf_changed":false,"footnotes":""},"categories":[4],"tags":[19012,19013,19014],"class_list":{"0":"post-90771","1":"post","2":"type-post","3":"status-publish","4":"format-standard","5":"has-post-thumbnail","7":"category-gruendertalk","8":"tag-der-fredel","9":"tag-kraeutersossen","10":"tag-pesto"},"acf":[],"yoast_head":"<!-- This site is optimized with the Yoast SEO Premium plugin v26.7 (Yoast SEO v26.7) - https:\/\/yoast.com\/wordpress\/plugins\/seo\/ -->\n<title>Der Fredel Pesto und Kr\u00e4uterso\u00dfen nur frische Zutaten<\/title>\n<meta name=\"description\" content=\"Der Fredel Pesto und Kr\u00e4uterso\u00dfen nur frische Zutaten wie z.B. Bio-Oliven\u00f6l, Parmesan und Pinienkerne in tiefgek\u00fchlter Form\" \/>\n<meta name=\"robots\" content=\"index, follow, max-snippet:-1, max-image-preview:large, max-video-preview:-1\" \/>\n<link rel=\"canonical\" href=\"https:\/\/startupvalley.news\/de\/der-fredel\/\" \/>\n<meta property=\"og:locale\" content=\"de_DE\" \/>\n<meta property=\"og:type\" content=\"article\" \/>\n<meta property=\"og:title\" content=\"\u00c4rmel hochkrempeln und einen guten Business Plan schreiben\" \/>\n<meta property=\"og:description\" content=\"Der Fredel Pesto und Kr\u00e4uterso\u00dfen nur frische Zutaten wie z.B. Bio-Oliven\u00f6l, Parmesan und Pinienkerne in tiefgek\u00fchlter Form\" \/>\n<meta property=\"og:url\" content=\"https:\/\/startupvalley.news\/de\/der-fredel\/\" \/>\n<meta property=\"og:site_name\" content=\"StartupValley - Erfolgreich Gr\u00fcnden und durchstarten!\" \/>\n<meta property=\"article:publisher\" content=\"https:\/\/www.facebook.com\/startupvalleynews\" \/>\n<meta property=\"article:published_time\" content=\"2022-08-26T07:51:25+00:00\" \/>\n<meta property=\"article:modified_time\" content=\"2025-04-04T06:13:48+00:00\" \/>\n<meta property=\"og:image\" content=\"https:\/\/startupvalley.news\/de\/wp-content\/uploads\/sites\/2\/2022\/08\/FREDEL-Team-JAMIE-Querformat.jpg\" \/>\n\t<meta property=\"og:image:width\" content=\"1200\" \/>\n\t<meta property=\"og:image:height\" content=\"675\" \/>\n\t<meta property=\"og:image:type\" content=\"image\/jpeg\" \/>\n<meta name=\"author\" content=\"StartupValley\" \/>\n<meta name=\"twitter:card\" content=\"summary_large_image\" \/>\n<meta name=\"twitter:creator\" content=\"@startup_valley\" \/>\n<meta name=\"twitter:site\" content=\"@startup_valley\" \/>\n<meta name=\"twitter:label1\" content=\"Verfasst von\" \/>\n\t<meta name=\"twitter:data1\" content=\"StartupValley\" \/>\n\t<meta name=\"twitter:label2\" content=\"Gesch\u00e4tzte Lesezeit\" \/>\n\t<meta name=\"twitter:data2\" content=\"6\u00a0Minuten\" \/>\n<script type=\"application\/ld+json\" class=\"yoast-schema-graph\">{\"@context\":\"https:\/\/schema.org\",\"@graph\":[{\"@type\":\"Article\",\"@id\":\"https:\/\/startupvalley.news\/de\/der-fredel\/#article\",\"isPartOf\":{\"@id\":\"https:\/\/startupvalley.news\/de\/der-fredel\/\"},\"author\":{\"name\":\"StartupValley\",\"@id\":\"https:\/\/startupvalley.news\/de\/#\/schema\/person\/dc9abc71daa8d949d4f257f2e9883e00\"},\"headline\":\"\u00c4rmel hochkrempeln und einen guten Business Plan schreiben\",\"datePublished\":\"2022-08-26T07:51:25+00:00\",\"dateModified\":\"2025-04-04T06:13:48+00:00\",\"mainEntityOfPage\":{\"@id\":\"https:\/\/startupvalley.news\/de\/der-fredel\/\"},\"wordCount\":966,\"commentCount\":0,\"publisher\":{\"@id\":\"https:\/\/startupvalley.news\/de\/#organization\"},\"image\":{\"@id\":\"https:\/\/startupvalley.news\/de\/der-fredel\/#primaryimage\"},\"thumbnailUrl\":\"https:\/\/startupvalley.news\/de\/wp-content\/uploads\/sites\/2\/2022\/08\/FREDEL-Team-JAMIE-Querformat.jpg\",\"keywords\":[\"Der Fredel\",\"Kr\u00e4uterso\u00dfen\",\"Pesto\"],\"articleSection\":[\"Gr\u00fcnderTalk\"],\"inLanguage\":\"de\",\"potentialAction\":[{\"@type\":\"CommentAction\",\"name\":\"Comment\",\"target\":[\"https:\/\/startupvalley.news\/de\/der-fredel\/#respond\"]}],\"copyrightYear\":\"2022\",\"copyrightHolder\":{\"@id\":\"https:\/\/startupvalley.news\/#organization\"}},{\"@type\":\"WebPage\",\"@id\":\"https:\/\/startupvalley.news\/de\/der-fredel\/\",\"url\":\"https:\/\/startupvalley.news\/de\/der-fredel\/\",\"name\":\"Der Fredel Pesto und Kr\u00e4uterso\u00dfen nur frische Zutaten\",\"isPartOf\":{\"@id\":\"https:\/\/startupvalley.news\/de\/#website\"},\"primaryImageOfPage\":{\"@id\":\"https:\/\/startupvalley.news\/de\/der-fredel\/#primaryimage\"},\"image\":{\"@id\":\"https:\/\/startupvalley.news\/de\/der-fredel\/#primaryimage\"},\"thumbnailUrl\":\"https:\/\/startupvalley.news\/de\/wp-content\/uploads\/sites\/2\/2022\/08\/FREDEL-Team-JAMIE-Querformat.jpg\",\"datePublished\":\"2022-08-26T07:51:25+00:00\",\"dateModified\":\"2025-04-04T06:13:48+00:00\",\"description\":\"Der Fredel Pesto und Kr\u00e4uterso\u00dfen nur frische Zutaten wie z.B. Bio-Oliven\u00f6l, Parmesan und Pinienkerne in tiefgek\u00fchlter Form\",\"breadcrumb\":{\"@id\":\"https:\/\/startupvalley.news\/de\/der-fredel\/#breadcrumb\"},\"inLanguage\":\"de\",\"potentialAction\":[{\"@type\":\"ReadAction\",\"target\":[\"https:\/\/startupvalley.news\/de\/der-fredel\/\"]}]},{\"@type\":\"ImageObject\",\"inLanguage\":\"de\",\"@id\":\"https:\/\/startupvalley.news\/de\/der-fredel\/#primaryimage\",\"url\":\"https:\/\/startupvalley.news\/de\/wp-content\/uploads\/sites\/2\/2022\/08\/FREDEL-Team-JAMIE-Querformat.jpg\",\"contentUrl\":\"https:\/\/startupvalley.news\/de\/wp-content\/uploads\/sites\/2\/2022\/08\/FREDEL-Team-JAMIE-Querformat.jpg\",\"width\":1200,\"height\":675,\"caption\":\"Der Fredel pesto\"},{\"@type\":\"BreadcrumbList\",\"@id\":\"https:\/\/startupvalley.news\/de\/der-fredel\/#breadcrumb\",\"itemListElement\":[{\"@type\":\"ListItem\",\"position\":1,\"name\":\"Home\",\"item\":\"https:\/\/startupvalley.news\/de\/\"},{\"@type\":\"ListItem\",\"position\":2,\"name\":\"\u00c4rmel hochkrempeln und einen guten Business Plan schreiben\"}]},{\"@type\":\"WebSite\",\"@id\":\"https:\/\/startupvalley.news\/de\/#website\",\"url\":\"https:\/\/startupvalley.news\/de\/\",\"name\":\"StartupValley\",\"description\":\"Die neuesten Trends der Startup-Szene: Finanzierung, Innovationen und Erfolgsgeschichten\",\"publisher\":{\"@id\":\"https:\/\/startupvalley.news\/de\/#organization\"},\"alternateName\":\"StartupValley Magazin\",\"potentialAction\":[{\"@type\":\"SearchAction\",\"target\":{\"@type\":\"EntryPoint\",\"urlTemplate\":\"https:\/\/startupvalley.news\/de\/?s={search_term_string}\"},\"query-input\":{\"@type\":\"PropertyValueSpecification\",\"valueRequired\":true,\"valueName\":\"search_term_string\"}}],\"inLanguage\":\"de\"},{\"@type\":\"Organization\",\"@id\":\"https:\/\/startupvalley.news\/de\/#organization\",\"name\":\"StartupValley Media\",\"url\":\"https:\/\/startupvalley.news\/de\/\",\"logo\":{\"@type\":\"ImageObject\",\"inLanguage\":\"de\",\"@id\":\"https:\/\/startupvalley.news\/de\/#\/schema\/logo\/image\/\",\"url\":\"https:\/\/startupvalley.news\/de\/wp-content\/uploads\/sites\/2\/2020\/12\/StartupValley-LOGO-neu-retina.png\",\"contentUrl\":\"https:\/\/startupvalley.news\/de\/wp-content\/uploads\/sites\/2\/2020\/12\/StartupValley-LOGO-neu-retina.png\",\"width\":460,\"height\":180,\"caption\":\"StartupValley Media\"},\"image\":{\"@id\":\"https:\/\/startupvalley.news\/de\/#\/schema\/logo\/image\/\"},\"sameAs\":[\"https:\/\/www.facebook.com\/startupvalleynews\",\"https:\/\/x.com\/startup_valley\",\"https:\/\/www.twitch.tv\/startupvalley\",\"https:\/\/www.linkedin.com\/company\/startupvalleymagazine\",\"https:\/\/www.instagram.com\/startup_valley\"]},{\"@type\":\"Person\",\"@id\":\"https:\/\/startupvalley.news\/de\/#\/schema\/person\/dc9abc71daa8d949d4f257f2e9883e00\",\"name\":\"StartupValley\",\"image\":{\"@type\":\"ImageObject\",\"inLanguage\":\"de\",\"@id\":\"https:\/\/startupvalley.news\/de\/#\/schema\/person\/image\/\",\"url\":\"https:\/\/secure.gravatar.com\/avatar\/6436ca57465a88bfa716825ebdd3bc23f850aaaa3a51d16da34504822452fa3a?s=96&d=mm&r=g\",\"contentUrl\":\"https:\/\/secure.gravatar.com\/avatar\/6436ca57465a88bfa716825ebdd3bc23f850aaaa3a51d16da34504822452fa3a?s=96&d=mm&r=g\",\"caption\":\"StartupValley\"},\"description\":\"Das StartupValley Magazin ist Europas gro\u00dfes Magazin f\u00fcr Start-ups, Gr\u00fcnder und Entrepreneure. Ihr findet bei uns Tagesaktuelle News zu den neuesten Trends, Technologien und Gesch\u00e4ftsmodellen der internationalen Startup-Szene sowie Interviews mit erfolgreichen Gr\u00fcndern und Investoren.\",\"url\":\"https:\/\/startupvalley.news\/de\/author\/redaktion\/\"}]}<\/script>\n<!-- \/ Yoast SEO Premium plugin. -->","yoast_head_json":{"title":"Der Fredel Pesto und Kr\u00e4uterso\u00dfen nur frische Zutaten","description":"Der Fredel Pesto und Kr\u00e4uterso\u00dfen nur frische Zutaten wie z.B. Bio-Oliven\u00f6l, Parmesan und Pinienkerne in tiefgek\u00fchlter Form","robots":{"index":"index","follow":"follow","max-snippet":"max-snippet:-1","max-image-preview":"max-image-preview:large","max-video-preview":"max-video-preview:-1"},"canonical":"https:\/\/startupvalley.news\/de\/der-fredel\/","og_locale":"de_DE","og_type":"article","og_title":"\u00c4rmel hochkrempeln und einen guten Business Plan schreiben","og_description":"Der Fredel Pesto und Kr\u00e4uterso\u00dfen nur frische Zutaten wie z.B. Bio-Oliven\u00f6l, Parmesan und Pinienkerne in tiefgek\u00fchlter Form","og_url":"https:\/\/startupvalley.news\/de\/der-fredel\/","og_site_name":"StartupValley - Erfolgreich Gr\u00fcnden und durchstarten!","article_publisher":"https:\/\/www.facebook.com\/startupvalleynews","article_published_time":"2022-08-26T07:51:25+00:00","article_modified_time":"2025-04-04T06:13:48+00:00","og_image":[{"width":1200,"height":675,"url":"https:\/\/startupvalley.news\/de\/wp-content\/uploads\/sites\/2\/2022\/08\/FREDEL-Team-JAMIE-Querformat.jpg","type":"image\/jpeg"}],"author":"StartupValley","twitter_card":"summary_large_image","twitter_creator":"@startup_valley","twitter_site":"@startup_valley","twitter_misc":{"Verfasst von":"StartupValley","Gesch\u00e4tzte Lesezeit":"6\u00a0Minuten"},"schema":{"@context":"https:\/\/schema.org","@graph":[{"@type":"Article","@id":"https:\/\/startupvalley.news\/de\/der-fredel\/#article","isPartOf":{"@id":"https:\/\/startupvalley.news\/de\/der-fredel\/"},"author":{"name":"StartupValley","@id":"https:\/\/startupvalley.news\/de\/#\/schema\/person\/dc9abc71daa8d949d4f257f2e9883e00"},"headline":"\u00c4rmel hochkrempeln und einen guten Business Plan schreiben","datePublished":"2022-08-26T07:51:25+00:00","dateModified":"2025-04-04T06:13:48+00:00","mainEntityOfPage":{"@id":"https:\/\/startupvalley.news\/de\/der-fredel\/"},"wordCount":966,"commentCount":0,"publisher":{"@id":"https:\/\/startupvalley.news\/de\/#organization"},"image":{"@id":"https:\/\/startupvalley.news\/de\/der-fredel\/#primaryimage"},"thumbnailUrl":"https:\/\/startupvalley.news\/de\/wp-content\/uploads\/sites\/2\/2022\/08\/FREDEL-Team-JAMIE-Querformat.jpg","keywords":["Der Fredel","Kr\u00e4uterso\u00dfen","Pesto"],"articleSection":["Gr\u00fcnderTalk"],"inLanguage":"de","potentialAction":[{"@type":"CommentAction","name":"Comment","target":["https:\/\/startupvalley.news\/de\/der-fredel\/#respond"]}],"copyrightYear":"2022","copyrightHolder":{"@id":"https:\/\/startupvalley.news\/#organization"}},{"@type":"WebPage","@id":"https:\/\/startupvalley.news\/de\/der-fredel\/","url":"https:\/\/startupvalley.news\/de\/der-fredel\/","name":"Der Fredel Pesto und Kr\u00e4uterso\u00dfen nur frische Zutaten","isPartOf":{"@id":"https:\/\/startupvalley.news\/de\/#website"},"primaryImageOfPage":{"@id":"https:\/\/startupvalley.news\/de\/der-fredel\/#primaryimage"},"image":{"@id":"https:\/\/startupvalley.news\/de\/der-fredel\/#primaryimage"},"thumbnailUrl":"https:\/\/startupvalley.news\/de\/wp-content\/uploads\/sites\/2\/2022\/08\/FREDEL-Team-JAMIE-Querformat.jpg","datePublished":"2022-08-26T07:51:25+00:00","dateModified":"2025-04-04T06:13:48+00:00","description":"Der Fredel Pesto und Kr\u00e4uterso\u00dfen nur frische Zutaten wie z.B. Bio-Oliven\u00f6l, Parmesan und Pinienkerne in tiefgek\u00fchlter Form","breadcrumb":{"@id":"https:\/\/startupvalley.news\/de\/der-fredel\/#breadcrumb"},"inLanguage":"de","potentialAction":[{"@type":"ReadAction","target":["https:\/\/startupvalley.news\/de\/der-fredel\/"]}]},{"@type":"ImageObject","inLanguage":"de","@id":"https:\/\/startupvalley.news\/de\/der-fredel\/#primaryimage","url":"https:\/\/startupvalley.news\/de\/wp-content\/uploads\/sites\/2\/2022\/08\/FREDEL-Team-JAMIE-Querformat.jpg","contentUrl":"https:\/\/startupvalley.news\/de\/wp-content\/uploads\/sites\/2\/2022\/08\/FREDEL-Team-JAMIE-Querformat.jpg","width":1200,"height":675,"caption":"Der Fredel pesto"},{"@type":"BreadcrumbList","@id":"https:\/\/startupvalley.news\/de\/der-fredel\/#breadcrumb","itemListElement":[{"@type":"ListItem","position":1,"name":"Home","item":"https:\/\/startupvalley.news\/de\/"},{"@type":"ListItem","position":2,"name":"\u00c4rmel hochkrempeln und einen guten Business Plan schreiben"}]},{"@type":"WebSite","@id":"https:\/\/startupvalley.news\/de\/#website","url":"https:\/\/startupvalley.news\/de\/","name":"StartupValley","description":"Die neuesten Trends der Startup-Szene: Finanzierung, Innovationen und Erfolgsgeschichten","publisher":{"@id":"https:\/\/startupvalley.news\/de\/#organization"},"alternateName":"StartupValley Magazin","potentialAction":[{"@type":"SearchAction","target":{"@type":"EntryPoint","urlTemplate":"https:\/\/startupvalley.news\/de\/?s={search_term_string}"},"query-input":{"@type":"PropertyValueSpecification","valueRequired":true,"valueName":"search_term_string"}}],"inLanguage":"de"},{"@type":"Organization","@id":"https:\/\/startupvalley.news\/de\/#organization","name":"StartupValley Media","url":"https:\/\/startupvalley.news\/de\/","logo":{"@type":"ImageObject","inLanguage":"de","@id":"https:\/\/startupvalley.news\/de\/#\/schema\/logo\/image\/","url":"https:\/\/startupvalley.news\/de\/wp-content\/uploads\/sites\/2\/2020\/12\/StartupValley-LOGO-neu-retina.png","contentUrl":"https:\/\/startupvalley.news\/de\/wp-content\/uploads\/sites\/2\/2020\/12\/StartupValley-LOGO-neu-retina.png","width":460,"height":180,"caption":"StartupValley Media"},"image":{"@id":"https:\/\/startupvalley.news\/de\/#\/schema\/logo\/image\/"},"sameAs":["https:\/\/www.facebook.com\/startupvalleynews","https:\/\/x.com\/startup_valley","https:\/\/www.twitch.tv\/startupvalley","https:\/\/www.linkedin.com\/company\/startupvalleymagazine","https:\/\/www.instagram.com\/startup_valley"]},{"@type":"Person","@id":"https:\/\/startupvalley.news\/de\/#\/schema\/person\/dc9abc71daa8d949d4f257f2e9883e00","name":"StartupValley","image":{"@type":"ImageObject","inLanguage":"de","@id":"https:\/\/startupvalley.news\/de\/#\/schema\/person\/image\/","url":"https:\/\/secure.gravatar.com\/avatar\/6436ca57465a88bfa716825ebdd3bc23f850aaaa3a51d16da34504822452fa3a?s=96&d=mm&r=g","contentUrl":"https:\/\/secure.gravatar.com\/avatar\/6436ca57465a88bfa716825ebdd3bc23f850aaaa3a51d16da34504822452fa3a?s=96&d=mm&r=g","caption":"StartupValley"},"description":"Das StartupValley Magazin ist Europas gro\u00dfes Magazin f\u00fcr Start-ups, Gr\u00fcnder und Entrepreneure. Ihr findet bei uns Tagesaktuelle News zu den neuesten Trends, Technologien und Gesch\u00e4ftsmodellen der internationalen Startup-Szene sowie Interviews mit erfolgreichen Gr\u00fcndern und Investoren.","url":"https:\/\/startupvalley.news\/de\/author\/redaktion\/"}]}},"_links":{"self":[{"href":"https:\/\/startupvalley.news\/de\/wp-json\/wp\/v2\/posts\/90771","targetHints":{"allow":["GET"]}}],"collection":[{"href":"https:\/\/startupvalley.news\/de\/wp-json\/wp\/v2\/posts"}],"about":[{"href":"https:\/\/startupvalley.news\/de\/wp-json\/wp\/v2\/types\/post"}],"author":[{"embeddable":true,"href":"https:\/\/startupvalley.news\/de\/wp-json\/wp\/v2\/users\/9"}],"replies":[{"embeddable":true,"href":"https:\/\/startupvalley.news\/de\/wp-json\/wp\/v2\/comments?post=90771"}],"version-history":[{"count":1,"href":"https:\/\/startupvalley.news\/de\/wp-json\/wp\/v2\/posts\/90771\/revisions"}],"predecessor-version":[{"id":112977,"href":"https:\/\/startupvalley.news\/de\/wp-json\/wp\/v2\/posts\/90771\/revisions\/112977"}],"wp:featuredmedia":[{"embeddable":true,"href":"https:\/\/startupvalley.news\/de\/wp-json\/wp\/v2\/media\/90772"}],"wp:attachment":[{"href":"https:\/\/startupvalley.news\/de\/wp-json\/wp\/v2\/media?parent=90771"}],"wp:term":[{"taxonomy":"category","embeddable":true,"href":"https:\/\/startupvalley.news\/de\/wp-json\/wp\/v2\/categories?post=90771"},{"taxonomy":"post_tag","embeddable":true,"href":"https:\/\/startupvalley.news\/de\/wp-json\/wp\/v2\/tags?post=90771"}],"curies":[{"name":"wp","href":"https:\/\/api.w.org\/{rel}","templated":true}]}}