{"id":98448,"date":"2023-07-05T09:34:47","date_gmt":"2023-07-05T07:34:47","guid":{"rendered":"https:\/\/startupvalley.news\/de\/?p=98448"},"modified":"2025-07-13T10:42:09","modified_gmt":"2025-07-13T08:42:09","slug":"platz-am-see","status":"publish","type":"post","link":"https:\/\/startupvalley.news\/de\/platz-am-see\/","title":{"rendered":"Sprich \u00fcber deine Idee"},"content":{"rendered":"\n<h2 class=\"wp-block-heading\" id=\"h-julian-horngacher-der-grunder-von-platz-am-see-plattform-auf-der-private-seegrundstucke-tageweise-gemietet-bzw-vermietet-werden-konnen-war-in-2-minuten-2-millionen\">Julian Horngacher der Gr\u00fcnder von Platz am See, Plattform, auf der private Seegrundst\u00fccke tageweise gemietet bzw. vermietet werden k\u00f6nnen, war in <a href=\"https:\/\/startupvalley.news\/de\/13-juni-2023-2-minuten-2-millionen\/\" target=\"_blank\" rel=\"noreferrer noopener\">2 Minuten 2 Millionen<\/a><\/h2>\n\n\n\n<p><strong>Stellen Sie sich und das Startup Platz am See doch kurz vor!<\/strong><\/p>\n\n\n\n<p>Platz am See ist eine Plattform, auf der private Seegrundst\u00fccke tageweise gemietet bzw. vermietet werden k\u00f6nnen.<\/p>\n\n\n\n<h4 class=\"wp-block-heading\" id=\"h-wie-ist-die-idee-zu-platz-am-see-entstanden\"><strong>Wie ist die Idee zu Platz am See entstanden?<\/strong><\/h4>\n\n\n\n<p>Ich war mit Freunden im Urlaub in Zell am See. Das Wetter war sch\u00f6n und das erste Strandbad war total \u00fcberlaufen. Auf dem Weg ins zweite Strandbad (in der Hoffnung, dass dort weniger los ist \u2013 dem war nicht so) fuhren wir an vielen leeren Seegrundst\u00fccken vorbei. Dabei entstand die Idee, so ein Seegrundst\u00fcck tageweise zu mieten.<\/p>\n\n\n\n<p><strong>Welche Vision steckt hinter Platz am See?<\/strong><\/p>\n\n\n\n<p>Wir wollen die Sch\u00f6nheit der (\u00f6sterreichischen) Seen wieder nachhaltig zug\u00e4nglich und erlebbar machen!<\/p>\n\n\n\n<h4 class=\"wp-block-heading\" id=\"h-wer-ist-die-zielgruppe-von-platz-am-see\"><strong>Wer ist die Zielgruppe von Platz am See?<\/strong><\/h4>\n\n\n\n<p>Jeder, der eine besondere Zeit am See verbringen m\u00f6chte. Egal ob mit Freunden, der Familie oder romantisch einfach zu zweit.<\/p>\n\n\n\n<p><strong>Wie sind Sie auf die Idee gekommen sich f\u00fcr die Sendung 2 Minuten 2 Millionen zu bewerben?<\/strong><\/p>\n\n\n\n<p><a href=\"https:\/\/startupvalley.news\/de\/13-juni-2023-2-minuten-2-millionen\/\" target=\"_blank\" rel=\"noreferrer noopener\">2Min 2Mio<\/a> war schon immer auf unserer Roadmap und dieses Jahr war dann der perfekte Zeitpunkt f\u00fcr uns.<\/p>\n\n\n\n<h4 class=\"wp-block-heading\" id=\"h-wie-haben-sie-sich-auf-die-sendung-vorbereitet\"><strong>Wie haben Sie sich auf die Sendung vorbereitet?<\/strong><\/h4>\n\n\n\n<p>Sehr intensiv. Wir haben viel Zeit in den Pitch investiert und ich habe mich gut auf alle m\u00f6glichen Fragen vorbereitet.<\/p>\n\n\n\n<p><strong>Sie sind eines der wenigen Startup Unternehmen, dass es in die Sendung \u201e2 Minuten 2 Millionen\u201c geschafft hat. Wie motivierend war das f\u00fcr Sie?<\/strong><\/p>\n\n\n\n<p>Der Anruf, dass wir bei 2Min 2Mio dabei sind, war ein echter Motivations-Booster f\u00fcr uns.<\/p>\n\n\n\n<h4 class=\"wp-block-heading\" id=\"h-wie-wichtig-war-dieser-schritt-fur-sie-als-startup-unternehmen-auch-unter-dem-gesichtspunkt-dass-durch-2-minuten-2-millionen-viele-interessenten-und-auch-medien-auf-platz-am-see-aufmerksam-werden\"><strong>Wie wichtig war dieser Schritt f\u00fcr Sie als Startup Unternehmen? Auch unter dem Gesichtspunkt, dass durch 2 Minuten 2 Millionen viele Interessenten und auch Medien auf Platz am See aufmerksam werden?<\/strong><\/h4>\n\n\n\n<p>Mediale Pr\u00e4senz ist f\u00fcr jedes Startup sehr wichtig, auch f\u00fcr uns. 2Min 2Mio war eine sehr spannende Erfahrung wo ich und das ganze Team viel gelernt haben. Medial hat sich einiges getan. Wir w\u00fcrden es sofort wieder machen!<\/p>\n\n\n\n<p><strong>Welchen Investor hatten Sie im Fokus?<\/strong><\/p>\n\n\n\n<p>Unser Zielinvestor war Christian J\u00e4ger aber auch Dr. Haselsteiner stand auf unserer Wunschliste.<\/p>\n\n\n\n<h4 class=\"wp-block-heading\" id=\"h-wie-ging-es-nach-der-sendung-weiter\"><strong>Wie ging es nach der Sendung weiter?<\/strong><\/h4>\n\n\n\n<p>Am Abend der Ausstrahlung hatten wir ein gro\u00dfes Public Viewing im B\u00fcro. Es war f\u00fcr mich als Gr\u00fcnder sehr sch\u00f6n alle Menschen an einem Ort zu haben, die mit Platz am See in Ber\u00fchrung stehen. Am n\u00e4chsten Tag haben wir uns im Team zusammengesetzt, die wichtigsten ToDos welche durch die Sendung entstanden sind abgearbeitet und die n\u00e4chsten Schritte daraus definiert.<\/p>\n\n\n\n<p><strong>Platz am See, wo geht der Weg hin? Wo sehen Sie sich in f\u00fcnf Jahren?<\/strong><\/p>\n\n\n\n<p>Wir haben gro\u00dfe Pl\u00e4ne. Unser Ziel ist es der f\u00fchrende Anbieter f\u00fcr privaten Wasserzugang in Europa zu werden. Bei uns sind die Mieter immer in der ersten Reihe zum Wasser. Das besondere Erlebnis steht dabei im Vordergrund. Bis dahin haben wir noch ein paar Aufgaben zu erledigen. Der n\u00e4chste Schritt ist die Expansion in die DACH-Region.<\/p>\n\n\n\n<h4 class=\"wp-block-heading\" id=\"h-zum-schluss-welche-3-tipps-wurden-sie-angehenden-grundern-mit-auf-den-weg-geben\"><strong>Zum Schluss: Welche 3 Tipps w\u00fcrden Sie angehenden Gr\u00fcndern mit auf den Weg geben?<\/strong><\/h4>\n\n\n\n<ol start=\"1\" style=\"list-style-type:1\" class=\"wp-block-list\">\n<li>Sprich \u00fcber deine Idee (keine Sorge: sie wird nicht gestohlen!)<\/li>\n\n\n\n<li>Tun, tun, tun<\/li>\n\n\n\n<li>Durchhalten \u2013 Startup bedeutet viele H\u00f6hen und Tiefen. Genau das macht es so spannend!<\/li>\n<\/ol>\n\n\n\n<p>Wir bedanken uns bei&nbsp;<a href=\"https:\/\/www.linkedin.com\/in\/julian-horngacher-1a8213202\/\" target=\"_blank\" rel=\"noreferrer noopener\">Julian Horngacher<\/a>&nbsp;f\u00fcr das Interview<\/p>\n\n\n\n<p>Aussagen des Autors und des Interviewpartners geben nicht unbedingt die Meinung der Redaktion und des Verlags wieder<\/p>\n","protected":false},"excerpt":{"rendered":"<p>Julian Horngacher der Gr\u00fcnder von Platz am See, Plattform, auf der private Seegrundst\u00fccke tageweise gemietet bzw. vermietet werden k\u00f6nnen, war in 2 Minuten 2 Millionen<\/p>\n","protected":false},"author":9,"featured_media":98449,"comment_status":"closed","ping_status":"open","sticky":false,"template":"","format":"standard","meta":{"_acf_changed":false,"footnotes":""},"categories":[4],"tags":[155,20904,20756,20905,20906],"class_list":{"0":"post-98448","1":"post","2":"type-post","3":"status-publish","4":"format-standard","5":"has-post-thumbnail","7":"category-gruendertalk","8":"tag-2-minuten-2-millionen","9":"tag-julian-horngacher","10":"tag-platz-am-see","11":"tag-seegrundstuecke","12":"tag-seen"},"acf":[],"yoast_head":"<!-- This site is optimized with the Yoast SEO Premium plugin v26.7 (Yoast SEO v26.7) - https:\/\/yoast.com\/wordpress\/plugins\/seo\/ -->\n<title>Platz am See, Plattform, auf der private Seegrundst\u00fccke<\/title>\n<meta name=\"description\" content=\"Platz am See, Plattform, auf der private Seegrundst\u00fccke tageweise gemietet bzw. vermietet werden k\u00f6nnen, war in 2 Minuten 2 Millionen\" \/>\n<meta name=\"robots\" content=\"index, follow, max-snippet:-1, max-image-preview:large, max-video-preview:-1\" \/>\n<link rel=\"canonical\" href=\"https:\/\/startupvalley.news\/de\/platz-am-see\/\" \/>\n<meta property=\"og:locale\" content=\"de_DE\" \/>\n<meta property=\"og:type\" content=\"article\" \/>\n<meta property=\"og:title\" content=\"Sprich \u00fcber deine Idee\" \/>\n<meta property=\"og:description\" content=\"Platz am See, Plattform, auf der private Seegrundst\u00fccke tageweise gemietet bzw. vermietet werden k\u00f6nnen, war in 2 Minuten 2 Millionen\" \/>\n<meta property=\"og:url\" content=\"https:\/\/startupvalley.news\/de\/platz-am-see\/\" \/>\n<meta property=\"og:site_name\" content=\"StartupValley - Erfolgreich Gr\u00fcnden und durchstarten!\" \/>\n<meta property=\"article:publisher\" content=\"https:\/\/www.facebook.com\/startupvalleynews\" \/>\n<meta property=\"article:published_time\" content=\"2023-07-05T07:34:47+00:00\" \/>\n<meta property=\"article:modified_time\" content=\"2025-07-13T08:42:09+00:00\" \/>\n<meta property=\"og:image\" content=\"https:\/\/startupvalley.news\/de\/wp-content\/uploads\/sites\/2\/2023\/07\/platz-am-see.jpg\" \/>\n\t<meta property=\"og:image:width\" content=\"1200\" \/>\n\t<meta property=\"og:image:height\" content=\"714\" \/>\n\t<meta property=\"og:image:type\" content=\"image\/jpeg\" \/>\n<meta name=\"author\" content=\"StartupValley\" \/>\n<meta name=\"twitter:card\" content=\"summary_large_image\" \/>\n<meta name=\"twitter:creator\" content=\"@startup_valley\" \/>\n<meta name=\"twitter:site\" content=\"@startup_valley\" \/>\n<meta name=\"twitter:label1\" content=\"Verfasst von\" \/>\n\t<meta name=\"twitter:data1\" content=\"StartupValley\" \/>\n\t<meta name=\"twitter:label2\" content=\"Gesch\u00e4tzte Lesezeit\" \/>\n\t<meta name=\"twitter:data2\" content=\"4\u00a0Minuten\" \/>\n<script type=\"application\/ld+json\" class=\"yoast-schema-graph\">{\"@context\":\"https:\/\/schema.org\",\"@graph\":[{\"@type\":\"Article\",\"@id\":\"https:\/\/startupvalley.news\/de\/platz-am-see\/#article\",\"isPartOf\":{\"@id\":\"https:\/\/startupvalley.news\/de\/platz-am-see\/\"},\"author\":{\"name\":\"StartupValley\",\"@id\":\"https:\/\/startupvalley.news\/de\/#\/schema\/person\/dc9abc71daa8d949d4f257f2e9883e00\"},\"headline\":\"Sprich \u00fcber deine Idee\",\"datePublished\":\"2023-07-05T07:34:47+00:00\",\"dateModified\":\"2025-07-13T08:42:09+00:00\",\"mainEntityOfPage\":{\"@id\":\"https:\/\/startupvalley.news\/de\/platz-am-see\/\"},\"wordCount\":597,\"publisher\":{\"@id\":\"https:\/\/startupvalley.news\/de\/#organization\"},\"image\":{\"@id\":\"https:\/\/startupvalley.news\/de\/platz-am-see\/#primaryimage\"},\"thumbnailUrl\":\"https:\/\/startupvalley.news\/de\/wp-content\/uploads\/sites\/2\/2023\/07\/platz-am-see.jpg\",\"keywords\":[\"2 Minuten 2 Millionen\",\"Julian Horngacher\",\"Platz am See\",\"Seegrundst\u00fccke\",\"Seen\"],\"articleSection\":[\"Gr\u00fcnderTalk\"],\"inLanguage\":\"de\",\"copyrightYear\":\"2023\",\"copyrightHolder\":{\"@id\":\"https:\/\/startupvalley.news\/#organization\"}},{\"@type\":\"WebPage\",\"@id\":\"https:\/\/startupvalley.news\/de\/platz-am-see\/\",\"url\":\"https:\/\/startupvalley.news\/de\/platz-am-see\/\",\"name\":\"Platz am See, Plattform, auf der private Seegrundst\u00fccke\",\"isPartOf\":{\"@id\":\"https:\/\/startupvalley.news\/de\/#website\"},\"primaryImageOfPage\":{\"@id\":\"https:\/\/startupvalley.news\/de\/platz-am-see\/#primaryimage\"},\"image\":{\"@id\":\"https:\/\/startupvalley.news\/de\/platz-am-see\/#primaryimage\"},\"thumbnailUrl\":\"https:\/\/startupvalley.news\/de\/wp-content\/uploads\/sites\/2\/2023\/07\/platz-am-see.jpg\",\"datePublished\":\"2023-07-05T07:34:47+00:00\",\"dateModified\":\"2025-07-13T08:42:09+00:00\",\"description\":\"Platz am See, Plattform, auf der private Seegrundst\u00fccke tageweise gemietet bzw. vermietet werden k\u00f6nnen, war in 2 Minuten 2 Millionen\",\"breadcrumb\":{\"@id\":\"https:\/\/startupvalley.news\/de\/platz-am-see\/#breadcrumb\"},\"inLanguage\":\"de\",\"potentialAction\":[{\"@type\":\"ReadAction\",\"target\":[\"https:\/\/startupvalley.news\/de\/platz-am-see\/\"]}]},{\"@type\":\"ImageObject\",\"inLanguage\":\"de\",\"@id\":\"https:\/\/startupvalley.news\/de\/platz-am-see\/#primaryimage\",\"url\":\"https:\/\/startupvalley.news\/de\/wp-content\/uploads\/sites\/2\/2023\/07\/platz-am-see.jpg\",\"contentUrl\":\"https:\/\/startupvalley.news\/de\/wp-content\/uploads\/sites\/2\/2023\/07\/platz-am-see.jpg\",\"width\":1200,\"height\":714,\"caption\":\"platz am see\"},{\"@type\":\"BreadcrumbList\",\"@id\":\"https:\/\/startupvalley.news\/de\/platz-am-see\/#breadcrumb\",\"itemListElement\":[{\"@type\":\"ListItem\",\"position\":1,\"name\":\"Home\",\"item\":\"https:\/\/startupvalley.news\/de\/\"},{\"@type\":\"ListItem\",\"position\":2,\"name\":\"Sprich \u00fcber deine Idee\"}]},{\"@type\":\"WebSite\",\"@id\":\"https:\/\/startupvalley.news\/de\/#website\",\"url\":\"https:\/\/startupvalley.news\/de\/\",\"name\":\"StartupValley\",\"description\":\"Die neuesten Trends der Startup-Szene: Finanzierung, Innovationen und Erfolgsgeschichten\",\"publisher\":{\"@id\":\"https:\/\/startupvalley.news\/de\/#organization\"},\"alternateName\":\"StartupValley Magazin\",\"potentialAction\":[{\"@type\":\"SearchAction\",\"target\":{\"@type\":\"EntryPoint\",\"urlTemplate\":\"https:\/\/startupvalley.news\/de\/?s={search_term_string}\"},\"query-input\":{\"@type\":\"PropertyValueSpecification\",\"valueRequired\":true,\"valueName\":\"search_term_string\"}}],\"inLanguage\":\"de\"},{\"@type\":\"Organization\",\"@id\":\"https:\/\/startupvalley.news\/de\/#organization\",\"name\":\"StartupValley Media\",\"url\":\"https:\/\/startupvalley.news\/de\/\",\"logo\":{\"@type\":\"ImageObject\",\"inLanguage\":\"de\",\"@id\":\"https:\/\/startupvalley.news\/de\/#\/schema\/logo\/image\/\",\"url\":\"https:\/\/startupvalley.news\/de\/wp-content\/uploads\/sites\/2\/2020\/12\/StartupValley-LOGO-neu-retina.png\",\"contentUrl\":\"https:\/\/startupvalley.news\/de\/wp-content\/uploads\/sites\/2\/2020\/12\/StartupValley-LOGO-neu-retina.png\",\"width\":460,\"height\":180,\"caption\":\"StartupValley Media\"},\"image\":{\"@id\":\"https:\/\/startupvalley.news\/de\/#\/schema\/logo\/image\/\"},\"sameAs\":[\"https:\/\/www.facebook.com\/startupvalleynews\",\"https:\/\/x.com\/startup_valley\",\"https:\/\/www.twitch.tv\/startupvalley\",\"https:\/\/www.linkedin.com\/company\/startupvalleymagazine\",\"https:\/\/www.instagram.com\/startup_valley\"]},{\"@type\":\"Person\",\"@id\":\"https:\/\/startupvalley.news\/de\/#\/schema\/person\/dc9abc71daa8d949d4f257f2e9883e00\",\"name\":\"StartupValley\",\"image\":{\"@type\":\"ImageObject\",\"inLanguage\":\"de\",\"@id\":\"https:\/\/startupvalley.news\/de\/#\/schema\/person\/image\/\",\"url\":\"https:\/\/secure.gravatar.com\/avatar\/6436ca57465a88bfa716825ebdd3bc23f850aaaa3a51d16da34504822452fa3a?s=96&d=mm&r=g\",\"contentUrl\":\"https:\/\/secure.gravatar.com\/avatar\/6436ca57465a88bfa716825ebdd3bc23f850aaaa3a51d16da34504822452fa3a?s=96&d=mm&r=g\",\"caption\":\"StartupValley\"},\"description\":\"Das StartupValley Magazin ist Europas gro\u00dfes Magazin f\u00fcr Start-ups, Gr\u00fcnder und Entrepreneure. Ihr findet bei uns Tagesaktuelle News zu den neuesten Trends, Technologien und Gesch\u00e4ftsmodellen der internationalen Startup-Szene sowie Interviews mit erfolgreichen Gr\u00fcndern und Investoren.\",\"url\":\"https:\/\/startupvalley.news\/de\/author\/redaktion\/\"}]}<\/script>\n<!-- \/ Yoast SEO Premium plugin. -->","yoast_head_json":{"title":"Platz am See, Plattform, auf der private Seegrundst\u00fccke","description":"Platz am See, Plattform, auf der private Seegrundst\u00fccke tageweise gemietet bzw. vermietet werden k\u00f6nnen, war in 2 Minuten 2 Millionen","robots":{"index":"index","follow":"follow","max-snippet":"max-snippet:-1","max-image-preview":"max-image-preview:large","max-video-preview":"max-video-preview:-1"},"canonical":"https:\/\/startupvalley.news\/de\/platz-am-see\/","og_locale":"de_DE","og_type":"article","og_title":"Sprich \u00fcber deine Idee","og_description":"Platz am See, Plattform, auf der private Seegrundst\u00fccke tageweise gemietet bzw. vermietet werden k\u00f6nnen, war in 2 Minuten 2 Millionen","og_url":"https:\/\/startupvalley.news\/de\/platz-am-see\/","og_site_name":"StartupValley - Erfolgreich Gr\u00fcnden und durchstarten!","article_publisher":"https:\/\/www.facebook.com\/startupvalleynews","article_published_time":"2023-07-05T07:34:47+00:00","article_modified_time":"2025-07-13T08:42:09+00:00","og_image":[{"width":1200,"height":714,"url":"https:\/\/startupvalley.news\/de\/wp-content\/uploads\/sites\/2\/2023\/07\/platz-am-see.jpg","type":"image\/jpeg"}],"author":"StartupValley","twitter_card":"summary_large_image","twitter_creator":"@startup_valley","twitter_site":"@startup_valley","twitter_misc":{"Verfasst von":"StartupValley","Gesch\u00e4tzte Lesezeit":"4\u00a0Minuten"},"schema":{"@context":"https:\/\/schema.org","@graph":[{"@type":"Article","@id":"https:\/\/startupvalley.news\/de\/platz-am-see\/#article","isPartOf":{"@id":"https:\/\/startupvalley.news\/de\/platz-am-see\/"},"author":{"name":"StartupValley","@id":"https:\/\/startupvalley.news\/de\/#\/schema\/person\/dc9abc71daa8d949d4f257f2e9883e00"},"headline":"Sprich \u00fcber deine Idee","datePublished":"2023-07-05T07:34:47+00:00","dateModified":"2025-07-13T08:42:09+00:00","mainEntityOfPage":{"@id":"https:\/\/startupvalley.news\/de\/platz-am-see\/"},"wordCount":597,"publisher":{"@id":"https:\/\/startupvalley.news\/de\/#organization"},"image":{"@id":"https:\/\/startupvalley.news\/de\/platz-am-see\/#primaryimage"},"thumbnailUrl":"https:\/\/startupvalley.news\/de\/wp-content\/uploads\/sites\/2\/2023\/07\/platz-am-see.jpg","keywords":["2 Minuten 2 Millionen","Julian Horngacher","Platz am See","Seegrundst\u00fccke","Seen"],"articleSection":["Gr\u00fcnderTalk"],"inLanguage":"de","copyrightYear":"2023","copyrightHolder":{"@id":"https:\/\/startupvalley.news\/#organization"}},{"@type":"WebPage","@id":"https:\/\/startupvalley.news\/de\/platz-am-see\/","url":"https:\/\/startupvalley.news\/de\/platz-am-see\/","name":"Platz am See, Plattform, auf der private Seegrundst\u00fccke","isPartOf":{"@id":"https:\/\/startupvalley.news\/de\/#website"},"primaryImageOfPage":{"@id":"https:\/\/startupvalley.news\/de\/platz-am-see\/#primaryimage"},"image":{"@id":"https:\/\/startupvalley.news\/de\/platz-am-see\/#primaryimage"},"thumbnailUrl":"https:\/\/startupvalley.news\/de\/wp-content\/uploads\/sites\/2\/2023\/07\/platz-am-see.jpg","datePublished":"2023-07-05T07:34:47+00:00","dateModified":"2025-07-13T08:42:09+00:00","description":"Platz am See, Plattform, auf der private Seegrundst\u00fccke tageweise gemietet bzw. vermietet werden k\u00f6nnen, war in 2 Minuten 2 Millionen","breadcrumb":{"@id":"https:\/\/startupvalley.news\/de\/platz-am-see\/#breadcrumb"},"inLanguage":"de","potentialAction":[{"@type":"ReadAction","target":["https:\/\/startupvalley.news\/de\/platz-am-see\/"]}]},{"@type":"ImageObject","inLanguage":"de","@id":"https:\/\/startupvalley.news\/de\/platz-am-see\/#primaryimage","url":"https:\/\/startupvalley.news\/de\/wp-content\/uploads\/sites\/2\/2023\/07\/platz-am-see.jpg","contentUrl":"https:\/\/startupvalley.news\/de\/wp-content\/uploads\/sites\/2\/2023\/07\/platz-am-see.jpg","width":1200,"height":714,"caption":"platz am see"},{"@type":"BreadcrumbList","@id":"https:\/\/startupvalley.news\/de\/platz-am-see\/#breadcrumb","itemListElement":[{"@type":"ListItem","position":1,"name":"Home","item":"https:\/\/startupvalley.news\/de\/"},{"@type":"ListItem","position":2,"name":"Sprich \u00fcber deine Idee"}]},{"@type":"WebSite","@id":"https:\/\/startupvalley.news\/de\/#website","url":"https:\/\/startupvalley.news\/de\/","name":"StartupValley","description":"Die neuesten Trends der Startup-Szene: Finanzierung, Innovationen und Erfolgsgeschichten","publisher":{"@id":"https:\/\/startupvalley.news\/de\/#organization"},"alternateName":"StartupValley Magazin","potentialAction":[{"@type":"SearchAction","target":{"@type":"EntryPoint","urlTemplate":"https:\/\/startupvalley.news\/de\/?s={search_term_string}"},"query-input":{"@type":"PropertyValueSpecification","valueRequired":true,"valueName":"search_term_string"}}],"inLanguage":"de"},{"@type":"Organization","@id":"https:\/\/startupvalley.news\/de\/#organization","name":"StartupValley Media","url":"https:\/\/startupvalley.news\/de\/","logo":{"@type":"ImageObject","inLanguage":"de","@id":"https:\/\/startupvalley.news\/de\/#\/schema\/logo\/image\/","url":"https:\/\/startupvalley.news\/de\/wp-content\/uploads\/sites\/2\/2020\/12\/StartupValley-LOGO-neu-retina.png","contentUrl":"https:\/\/startupvalley.news\/de\/wp-content\/uploads\/sites\/2\/2020\/12\/StartupValley-LOGO-neu-retina.png","width":460,"height":180,"caption":"StartupValley Media"},"image":{"@id":"https:\/\/startupvalley.news\/de\/#\/schema\/logo\/image\/"},"sameAs":["https:\/\/www.facebook.com\/startupvalleynews","https:\/\/x.com\/startup_valley","https:\/\/www.twitch.tv\/startupvalley","https:\/\/www.linkedin.com\/company\/startupvalleymagazine","https:\/\/www.instagram.com\/startup_valley"]},{"@type":"Person","@id":"https:\/\/startupvalley.news\/de\/#\/schema\/person\/dc9abc71daa8d949d4f257f2e9883e00","name":"StartupValley","image":{"@type":"ImageObject","inLanguage":"de","@id":"https:\/\/startupvalley.news\/de\/#\/schema\/person\/image\/","url":"https:\/\/secure.gravatar.com\/avatar\/6436ca57465a88bfa716825ebdd3bc23f850aaaa3a51d16da34504822452fa3a?s=96&d=mm&r=g","contentUrl":"https:\/\/secure.gravatar.com\/avatar\/6436ca57465a88bfa716825ebdd3bc23f850aaaa3a51d16da34504822452fa3a?s=96&d=mm&r=g","caption":"StartupValley"},"description":"Das StartupValley Magazin ist Europas gro\u00dfes Magazin f\u00fcr Start-ups, Gr\u00fcnder und Entrepreneure. Ihr findet bei uns Tagesaktuelle News zu den neuesten Trends, Technologien und Gesch\u00e4ftsmodellen der internationalen Startup-Szene sowie Interviews mit erfolgreichen Gr\u00fcndern und Investoren.","url":"https:\/\/startupvalley.news\/de\/author\/redaktion\/"}]}},"_links":{"self":[{"href":"https:\/\/startupvalley.news\/de\/wp-json\/wp\/v2\/posts\/98448","targetHints":{"allow":["GET"]}}],"collection":[{"href":"https:\/\/startupvalley.news\/de\/wp-json\/wp\/v2\/posts"}],"about":[{"href":"https:\/\/startupvalley.news\/de\/wp-json\/wp\/v2\/types\/post"}],"author":[{"embeddable":true,"href":"https:\/\/startupvalley.news\/de\/wp-json\/wp\/v2\/users\/9"}],"replies":[{"embeddable":true,"href":"https:\/\/startupvalley.news\/de\/wp-json\/wp\/v2\/comments?post=98448"}],"version-history":[{"count":3,"href":"https:\/\/startupvalley.news\/de\/wp-json\/wp\/v2\/posts\/98448\/revisions"}],"predecessor-version":[{"id":115626,"href":"https:\/\/startupvalley.news\/de\/wp-json\/wp\/v2\/posts\/98448\/revisions\/115626"}],"wp:featuredmedia":[{"embeddable":true,"href":"https:\/\/startupvalley.news\/de\/wp-json\/wp\/v2\/media\/98449"}],"wp:attachment":[{"href":"https:\/\/startupvalley.news\/de\/wp-json\/wp\/v2\/media?parent=98448"}],"wp:term":[{"taxonomy":"category","embeddable":true,"href":"https:\/\/startupvalley.news\/de\/wp-json\/wp\/v2\/categories?post=98448"},{"taxonomy":"post_tag","embeddable":true,"href":"https:\/\/startupvalley.news\/de\/wp-json\/wp\/v2\/tags?post=98448"}],"curies":[{"name":"wp","href":"https:\/\/api.w.org\/{rel}","templated":true}]}}